{"id":108246,"date":"2022-10-09T08:42:05","date_gmt":"2022-10-09T11:42:05","guid":{"rendered":"https:\/\/grandepremio.com\/br\/noticias\/fia-revisao-protocolo-polemica-trator-pista-gp-do-japao\/"},"modified":"2022-10-10T11:15:47","modified_gmt":"2022-10-10T14:15:47","slug":"fia-revisao-protocolo-polemica-trator-pista-gp-do-japao","status":"publish","type":"post","link":"https:\/\/grandepremio.com\/br\/f1\/fia-revisao-protocolo-polemica-trator-pista-gp-do-japao\/","title":{"rendered":"FIA anuncia &#8220;revis\u00e3o de protocolo&#8221; ap\u00f3s pol\u00eamica com trator na pista no GP do Jap\u00e3o"},"content":{"rendered":"\n<figure class=\"wp-block-video\"><video class=\"video-js vjs-big-play-centered\" data-gp-vjs=\"1\" controls poster=\"https:\/\/www.grandepremio.com\/br\/wp-content\/uploads\/2022\/10\/gasly-trator-f1-f1-2022-formula-1-poster.jpeg\" src=\"https:\/\/www.grandepremio.com\/br\/wp-content\/uploads\/2022\/10\/gasly-trator-f1-f1-2022-formula-1.mp4\"><\/video><figcaption>Pierre Gasly passa muito pr\u00f3ximo a trator na pista em Suzuka (V\u00eddeo: Reprodu\u00e7\u00e3o\/F1)<\/figcaption><\/figure>\n\n\n\n<p class=\"wp-block-paragraph\">O <strong>GP do Jap\u00e3o<\/strong> de <strong>F\u00f3rmula 1<\/strong>, <a href=\"https:\/\/www.grandepremio.com\/br\/f1\/noticias\/max-verstappen-bicampeao-mundial-formula-1-vitoria-confusao-japao\/\" target=\"_blank\" aria-label=\"disputado neste domingo (9) (opens in a new tab)\" rel=\"noreferrer noopener\" class=\"ek-link\">disputado neste domingo (9)<\/a> no <strong>Circuito de Suzuka<\/strong>, foi marcado por reclama\u00e7\u00f5es de diversos pilotos em rela\u00e7\u00e3o \u00e0 presen\u00e7a de um trator na pista que chegou a ficar pr\u00f3ximo de <strong>Pierre Gasly <\/strong>enquanto o franc\u00eas tentava se aproximar do pelot\u00e3o \u2014 tudo isso sob p\u00e9ssimas condi\u00e7\u00f5es de visibilidade. Assim, ap\u00f3s a corrida, a <strong>FIA <\/strong>emitiu um comunicado em que reconhece as cr\u00edticas e promete trabalhar no protocolo de seguran\u00e7a em momentos de retirada de um carro do tra\u00e7ado, como foi o caso da Ferrari de <strong>Carlos Sainz<\/strong>.<\/p>\n\n\n\n<p class=\"wp-block-paragraph\">&#8220;Ainda que seja uma pr\u00e1tica normal recuperar carros sob safety-car e regime de bandeira vermelha, devido \u00e0s circunst\u00e2ncias particulares e tamb\u00e9m levando em considera\u00e7\u00e3o o feedback de alguns pilotos, a FIA iniciou uma revis\u00e3o completa dos eventos envolvendo o envio de ve\u00edculos de recupera\u00e7\u00e3o durante o GP do Jap\u00e3o&#8221;, informa a entidade que rege o esporte a motor. &#8220;Isso \u00e9 parte de uma pr\u00e1tica comum de reuni\u00e3o e an\u00e1lise de todos os incidentes de corrida, para garantir uma melhoria cont\u00ednua de nossos protocolos e processos&#8221;, finaliza o comunicado.<\/p>\n\n\n\n<p class=\"wp-block-paragraph\">Apesar da indica\u00e7\u00e3o de rever seus protocolos, a FIA decidiu punir o piloto franc\u00eas ap\u00f3s o final da corrida em <strong>20s <\/strong>por acelerar sob regime de bandeira vermelha, derrubando Gasly de <strong>17\u00ba <\/strong>para <strong>18\u00ba <\/strong>\u2014 \u00faltimo lugar entre os que completaram a corrida.<\/p>\n\n\n\n<p class=\"wp-block-paragraph\">Gasly ficou completamente revoltado ainda dentro do carro da <strong>AlphaTauri<\/strong>, ciente de que havia passado muito pr\u00f3ximo a uma situa\u00e7\u00e3o de risco de vida, e exp\u00f4s todo seu descontentamento pelo r\u00e1dio. \u201cEu podia ter me matado, porra. \u00c9 inaceit\u00e1vel\u201d, disparou.<\/p>\n\n\n\n<p class=\"wp-block-paragraph\"><strong>\u25b6\ufe0f&nbsp;<a href=\"https:\/\/www.twitch.tv\/grandepremio\" target=\"_blank\" rel=\"noreferrer noopener\">Conhe\u00e7a o canal do GRANDE PR\u00caMIO na Twitch clicando aqui!<\/a><\/strong><\/p>\n\n\n\n<figure class=\"wp-block-image size-large\"><img decoding=\"async\" src=\"https:\/\/www.grandepremio.com\/br\/wp-content\/uploads\/2022\/10\/alphatauri-pierregasly-02-4-1024x683.jpg\" alt=\"\" class=\"wp-image-621130\"\/><figcaption>Spray jogado para tr\u00e1s pelos carros piorava ainda mais as condi\u00e7\u00f5es de visibilidade, que j\u00e1 eram prejudicadas em Suzuka (Foto: AlphaTauri)<\/figcaption><\/figure>\n\n\n\n<p class=\"wp-block-paragraph\"><strong>\u25b6\ufe0f&nbsp;Inscreva-se nos dois canais do GRANDE PR\u00caMIO no YouTube:&nbsp;<a href=\"https:\/\/www.youtube.com\/channel\/UC9OlHEgxoaY6QY6nWPoiqQg?sub_confirmation=1\" target=\"_blank\" rel=\"noreferrer noopener\">GP<\/a>&nbsp;|&nbsp;<a href=\"https:\/\/www.youtube.com\/channel\/UC9csiS6q_C3C0FYhyr1rnFA?sub_confirmation=1\" target=\"_blank\" rel=\"noreferrer noopener\">GP2<\/a><\/strong><\/p>\n\n\n\n<p class=\"wp-block-paragraph\">No entanto, no entendimento da FIA, o piloto estava em alta velocidade com a inten\u00e7\u00e3o de se aproximar do pelot\u00e3o ap\u00f3s ter que parar nos boxes na primeira volta \u2014 para retirar uma placa de publicidade que ficou presa na dianteira do carro \u2014, e o procedimento foi feito da maneira correta.<\/p>\n\n\n\n<p class=\"wp-block-paragraph\">Assim, a dire\u00e7\u00e3o de prova entendeu que Pierre acelerou demais sob regime de bandeira vermelha, \u201catingindo velocidades pr\u00f3ximas a 250 km\/h\u201d, e decidiu acrescentar 20s de puni\u00e7\u00e3o ao tempo final de prova do piloto, que era amigo de <strong>Jules Bianchi <\/strong>\u2014 morto ap\u00f3s acidente com um trator no GP do Jap\u00e3o de 2014, em circunst\u00e2ncias parecidas \u2014 e saiu bastante abalado do Circuito de Suzuka ap\u00f3s o incidente.<\/p>\n\n\n\n<p class=\"wp-block-paragraph\">\u201cAp\u00f3s passar pela cena do incidente [com o trator], o carro #10 continuou, sob regime de bandeira vermelha, a velocidades que excederam 200 km\/h em m\u00faltiplas oportunidades e chegaram a 251 km\/h em determinado ponto. O piloto admitiu que agora entende que havia a possibilidade de fiscais ou obst\u00e1culos estarem na pista e reconheceu que estava muito r\u00e1pido. No entanto, em mitiga\u00e7\u00e3o \u00e0 penalidade, levamos em considera\u00e7\u00e3o que por mais que a velocidade n\u00e3o possa ser classificada como \u2018lenta\u2019 conforme descrito nas regras, era menor do que a velocidade m\u00e1xima naquelas condi\u00e7\u00f5es. Tamb\u00e9m consideramos o choque experimentado pelo piloto ao ver um trator na linha de corrida na curva do incidente\u201d, diz o comunicado da puni\u00e7\u00e3o a Gasly.<\/p>\n\n\n\n<p class=\"wp-block-paragraph\">Agora, a&nbsp;<strong><a href=\"https:\/\/www.grandepremio.com\/formula-1\/\" target=\"_blank\" rel=\"noreferrer noopener\"><\/a><a href=\"https:\/\/www.grandepremio.com\/formula-1\/\" target=\"_blank\" rel=\"noreferrer noopener\">F\u00f3rmula 1<\/a><\/strong>&nbsp;retoma suas atividades com a segunda corrida da temporada nos&nbsp;<strong>Estados Unidos<\/strong>. Ap\u00f3s passar por&nbsp;<strong><a href=\"https:\/\/www.grandepremio.com\/br\/circuito\/miami\/\" target=\"_blank\" rel=\"noreferrer noopener\">Miami<\/a>&nbsp;<\/strong>na primeira metade do ano, a categoria retorna a&nbsp;<strong>Austin<\/strong>, no&nbsp;<strong><a href=\"https:\/\/www.grandepremio.com\/br\/circuito\/texas\/\" target=\"_blank\" rel=\"noreferrer noopener\">Texas<\/a><\/strong>, entre os dias&nbsp;<strong>21&nbsp;<\/strong>e&nbsp;<strong>23&nbsp;<\/strong>de outubro.<\/p>\n","protected":false},"excerpt":{"rendered":"<p>Pilotos reclamaram bastante da presen\u00e7a de um trator na pista de Suzuka ap\u00f3s acidente de Carlos Sainz, e a FIA respondeu ao dizer que vai iniciar uma revis\u00e3o de seus protocolos ap\u00f3s a pol\u00eamica. Pierre Gasly quase se envolveu em acidente<\/p>\n","protected":false},"author":0,"featured_media":1000621927,"comment_status":"closed","ping_status":"closed","sticky":false,"template":"","format":"standard","meta":{"42wp_featured_image_caption":"","42wp_featured_image_credits":"","42wp_featured_video":"","42wp_featured_image_hidden":false,"42wp_authors_list":[],"footnotes":""},"categories":[2],"tags":[147,1357,103,180,3023,1491,30103,28285,676,608,2222],"42wp_author":[47142],"class_list":["post-108246","post","type-post","status-publish","format-standard","has-post-thumbnail","hentry","category-f1","tag-f1","tag-f1-2022","tag-fia","tag-formula-1","tag-gp-do-japao","tag-grande-premio","tag-grande-premio-f1","tag-grandepremio","tag-pierre-gasly","tag-suzuka","tag-trator","42wp_author-jp-nascimento"],"_links":{"self":[{"href":"https:\/\/grandepremio.com\/br\/wp-json\/wp\/v2\/posts\/108246","targetHints":{"allow":["GET"]}}],"collection":[{"href":"https:\/\/grandepremio.com\/br\/wp-json\/wp\/v2\/posts"}],"about":[{"href":"https:\/\/grandepremio.com\/br\/wp-json\/wp\/v2\/types\/post"}],"replies":[{"embeddable":true,"href":"https:\/\/grandepremio.com\/br\/wp-json\/wp\/v2\/comments?post=108246"}],"version-history":[{"count":0,"href":"https:\/\/grandepremio.com\/br\/wp-json\/wp\/v2\/posts\/108246\/revisions"}],"wp:featuredmedia":[{"embeddable":true,"href":"https:\/\/grandepremio.com\/br\/wp-json\/wp\/v2\/media\/1000621927"}],"wp:attachment":[{"href":"https:\/\/grandepremio.com\/br\/wp-json\/wp\/v2\/media?parent=108246"}],"wp:term":[{"taxonomy":"category","embeddable":true,"href":"https:\/\/grandepremio.com\/br\/wp-json\/wp\/v2\/categories?post=108246"},{"taxonomy":"post_tag","embeddable":true,"href":"https:\/\/grandepremio.com\/br\/wp-json\/wp\/v2\/tags?post=108246"},{"taxonomy":"42wp_author","embeddable":true,"href":"https:\/\/grandepremio.com\/br\/wp-json\/wp\/v2\/42wp_author?post=108246"}],"curies":[{"name":"wp","href":"https:\/\/api.w.org\/{rel}","templated":true}]}}