{"id":108247,"date":"2022-10-09T08:37:55","date_gmt":"2022-10-09T11:37:55","guid":{"rendered":"https:\/\/grandepremio.com\/br\/noticias\/george-russell-lamenta-performance-mercedes-suzuka-carro-melhor-resultado\/"},"modified":"2022-10-09T08:39:26","modified_gmt":"2022-10-09T11:39:26","slug":"george-russell-lamenta-performance-mercedes-suzuka-carro-melhor-resultado","status":"publish","type":"post","link":"https:\/\/grandepremio.com\/br\/f1\/george-russell-lamenta-performance-mercedes-suzuka-carro-melhor-resultado\/","title":{"rendered":"Russell lamenta performance da Mercedes em Suzuka: &#8220;Carro melhor do que resultado&#8221;"},"content":{"rendered":"\n<p class=\"wp-block-paragraph\">George Russell terminou o GP do Jap\u00e3o deste domingo (9) na 8\u00aa coloca\u00e7\u00e3o, depois de cair para 13\u00ba logo no rein\u00edcio da corrida em Suzuka. O brit\u00e2nico saiu prejudicado em pit-stop duplo da Mercedes para a troca dos pneus de pista pesada para os intermedi\u00e1rios, j\u00e1 que estava pouco atr\u00e1s de Lewis Hamilton.<\/p>\n\n\n\n<p class=\"wp-block-paragraph\"><strong>\u25b6\ufe0f\u00a0Inscreva-se nos dois canais do GRANDE PR\u00caMIO no YouTube:\u00a0<a href=\"https:\/\/www.youtube.com\/channel\/UC9OlHEgxoaY6QY6nWPoiqQg?sub_confirmation=1\" target=\"_blank\" rel=\"noreferrer noopener\">GP<\/a>\u00a0|\u00a0<a href=\"https:\/\/www.youtube.com\/channel\/UC9csiS6q_C3C0FYhyr1rnFA?sub_confirmation=1\" target=\"_blank\" rel=\"noreferrer noopener\">GP2<\/a><\/strong><br><strong>\u25b6\ufe0f\u00a0<a href=\"https:\/\/www.twitch.tv\/grandepremio\" target=\"_blank\" rel=\"noreferrer noopener\">Conhe\u00e7a o canal do GRANDE PR\u00caMIO na Twitch clicando aqui!<\/a><\/strong><\/p>\n\n\n\n<p class=\"wp-block-paragraph\">Com isso, Russell caiu no grid. O brit\u00e2nico se recuperou com boas ultrapassagens, mas foi superado por Sebastian Vettel e Fernando Alonso. O piloto da Alpine, por exemplo, trocou de pneus intermedi\u00e1rios no fim da prova e passou a ter um dos melhores ritmos gerais da corrida em Suzuka.<\/p>\n\n\n\n<p class=\"wp-block-paragraph\">Justamente pela conjuntura da disputa, Russell n\u00e3o saiu satisfeito. O piloto da Mercedes pediu para a equipe alem\u00e3o &#8220;ver e rever&#8221; o que poderia ter sido feito de maneira melhor no GP do Jap\u00e3o.<\/p>\n\n\n\n<figure class=\"wp-block-image size-large\"><img decoding=\"async\" src=\"https:\/\/www.grandepremio.com\/br\/wp-content\/uploads\/2022\/10\/mercedes-georgerussell-02-5-1024x683.jpg\" alt=\"\" class=\"wp-image-622039\"\/><figcaption>George Russell terminou GP do Jap\u00e3o em 8\u00ba (Foto: Mercedes)<\/figcaption><\/figure>\n\n\n\n<p class=\"wp-block-paragraph\">&#8220;Acho que tivemos um carro mais forte do que o resultado reflete e poder\u00edamos ter ficado em 6\u00ba hoje. Acho que &#8216;ficar empacado&#8217; no pit me custou posi\u00e7\u00f5es, e isso tornou tudo frustrante, ent\u00e3o precisamos olhar para isso e ver quais eram as outras op\u00e7\u00f5es. Fiz algumas boas ultrapassagens depois disso \u2013 mas foi uma quest\u00e3o de tentar recuperar o que perdemos&#8221;, analisou Russell. <\/p>\n\n\n\n<p class=\"wp-block-paragraph\">&#8220;No geral, estas foram duas corridas (Jap\u00e3o e Singapura) dif\u00edceis para n\u00f3s, e n\u00e3o marcamos os pontos que dever\u00edamos ter marcado \u2013 ent\u00e3o, precisamos nos reagrupar, focar nas \u00faltimas quatro corridas do ano e tentar extrair tudo que o carro tem&#8221;, completou.<\/p>\n\n\n\n<figure class=\"wp-block-embed is-type-video is-provider-youtube wp-block-embed-youtube wp-embed-aspect-16-9 wp-has-aspect-ratio\"><div class=\"wp-block-embed__wrapper\">\n<iframe loading=\"lazy\" title=\"F1, GP DO JAP\u00c3O: VERSTAPPEN CAMPE\u00c3O DA F1 E VEXAME DA FIA | Briefing\" width=\"500\" height=\"281\" src=\"https:\/\/www.youtube.com\/embed\/l9yDJnEUqaE?feature=oembed\" frameborder=\"0\" allow=\"accelerometer; autoplay; clipboard-write; encrypted-media; gyroscope; picture-in-picture; web-share\" referrerpolicy=\"strict-origin-when-cross-origin\" allowfullscreen><\/iframe>\n<\/div><figcaption>VERSTAPPEN CAMPE\u00c3O DA F1 EM VEXAME DA FIA NO JAP\u00c3O | Briefing<\/figcaption><\/figure>\n\n\n\n<p class=\"wp-block-paragraph\">Diretor da Associa\u00e7\u00e3o de Pilotos da F\u00f3rmula 1, Russell falou sobre Pierre Gasly\u00a0ter passado muito perto de bater no trator que resgatava o carro de\u00a0<strong>Carlos Sainz<\/strong>\u00a0na segunda volta da corrida e imediatamente antes da interrup\u00e7\u00e3o da prova.\u00a0Al\u00e9m disso, o piloto da Mercedes parabenizou Max Verstappen pela conquista do bicampeonato.<\/p>\n\n\n\n<p class=\"wp-block-paragraph\">&#8220;Foi uma tarde estranha no geral: as condi\u00e7\u00f5es iniciais eram imposs\u00edveis, n\u00e3o com a ader\u00eancia, mas em termos de visibilidade e a quantidade de spray que esta gera\u00e7\u00e3o de carros gera, e precisamos aprender as li\u00e7\u00f5es certas do incidente com o trator na pista enquanto corr\u00edamos atr\u00e1s do safety-car. E claro, parab\u00e9ns a Max pelo bicampeonato. O resultado j\u00e1 estava claro h\u00e1 algum tempo, mas ele e a Red Bull fizeram um trabalho excepcional este ano&#8221;, finalizou.<\/p>\n\n\n\n<p class=\"wp-block-paragraph\"><strong>LEIA TAMB\u00c9M<br>+ <a href=\"https:\/\/www.grandepremio.com\/br\/f1\/noticias\/lewis-hamilton-parabeniza-max-verstappen-aprova-sprint-race-suzuka-muito-divertida\/\" class=\"ek-link\">Hamilton parabeniza Verstappen e aprova \u201csprint race\u201d em Suzuka: \u201cMuito divertida\u201d<\/a><br>+ <a href=\"https:\/\/www.grandepremio.com\/br\/f1\/noticias\/mercedes-brilhante-max-verstappen-trafego-japao-ficamos-presos\/\" class=\"ek-link\">Mercedes parabeniza \u201cbrilhante\u201d Verstappen e lamenta tr\u00e1fego no Jap\u00e3o: \u201cFicamos presos\u201d<\/a><\/strong><\/p>\n","protected":false},"excerpt":{"rendered":"<p>Brit\u00e2nico n\u00e3o saiu satisfeito da corrida em Suzuka. Piloto da equipe alem\u00e3 tamb\u00e9m falou sobre incidente envolvendo trator e Pierre Gasly, al\u00e9m de parabenizar Max Verstappen pelo bicampeonato<\/p>\n","protected":false},"author":0,"featured_media":1000621912,"comment_status":"closed","ping_status":"closed","sticky":false,"template":"","format":"standard","meta":{"42wp_featured_image_caption":"","42wp_featured_image_credits":"","42wp_featured_video":"","42wp_featured_image_hidden":false,"42wp_authors_list":[],"footnotes":""},"categories":[2],"tags":[147,1357,180,26841,800,3023,32637,32638,32639,32640,32641,1491,28285,82,30847,608],"42wp_author":[47143],"class_list":["post-108247","post","type-post","status-publish","format-standard","has-post-thumbnail","hentry","category-f1","tag-f1","tag-f1-2022","tag-formula-1","tag-formula-1-2022","tag-george-russell","tag-gp-do-japao","tag-gp-do-japao-2022","tag-gp-do-japao-de-f1","tag-gp-do-japao-de-f1-2022","tag-gp-do-japao-de-formula-1","tag-gp-do-japao-de-formula-1-2022","tag-grande-premio","tag-grandepremio","tag-mercedes","tag-russell","tag-suzuka","42wp_author-felipe-leite"],"_links":{"self":[{"href":"https:\/\/grandepremio.com\/br\/wp-json\/wp\/v2\/posts\/108247","targetHints":{"allow":["GET"]}}],"collection":[{"href":"https:\/\/grandepremio.com\/br\/wp-json\/wp\/v2\/posts"}],"about":[{"href":"https:\/\/grandepremio.com\/br\/wp-json\/wp\/v2\/types\/post"}],"replies":[{"embeddable":true,"href":"https:\/\/grandepremio.com\/br\/wp-json\/wp\/v2\/comments?post=108247"}],"version-history":[{"count":0,"href":"https:\/\/grandepremio.com\/br\/wp-json\/wp\/v2\/posts\/108247\/revisions"}],"wp:featuredmedia":[{"embeddable":true,"href":"https:\/\/grandepremio.com\/br\/wp-json\/wp\/v2\/media\/1000621912"}],"wp:attachment":[{"href":"https:\/\/grandepremio.com\/br\/wp-json\/wp\/v2\/media?parent=108247"}],"wp:term":[{"taxonomy":"category","embeddable":true,"href":"https:\/\/grandepremio.com\/br\/wp-json\/wp\/v2\/categories?post=108247"},{"taxonomy":"post_tag","embeddable":true,"href":"https:\/\/grandepremio.com\/br\/wp-json\/wp\/v2\/tags?post=108247"},{"taxonomy":"42wp_author","embeddable":true,"href":"https:\/\/grandepremio.com\/br\/wp-json\/wp\/v2\/42wp_author?post=108247"}],"curies":[{"name":"wp","href":"https:\/\/api.w.org\/{rel}","templated":true}]}}