{"id":108248,"date":"2022-10-09T08:19:34","date_gmt":"2022-10-09T11:19:34","guid":{"rendered":"https:\/\/grandepremio.com\/br\/noticias\/red-bull-destaca-briga-forte-com-ferrari-em-2022-e-afaga-honda-bons-de-trabalhar\/"},"modified":"2022-10-09T08:21:03","modified_gmt":"2022-10-09T11:21:03","slug":"red-bull-destaca-briga-forte-com-ferrari-em-2022-e-afaga-honda-bons-de-trabalhar","status":"publish","type":"post","link":"https:\/\/grandepremio.com\/br\/f1\/red-bull-destaca-briga-forte-com-ferrari-em-2022-e-afaga-honda-bons-de-trabalhar\/","title":{"rendered":"Red Bull destaca briga forte com Ferrari em 2022 e afaga Honda: &#8220;Bons de trabalhar&#8221;"},"content":{"rendered":"\n<figure class=\"wp-block-embed is-type-video is-provider-youtube wp-block-embed-youtube wp-embed-aspect-16-9 wp-has-aspect-ratio\"><div class=\"wp-block-embed__wrapper\">\n<iframe loading=\"lazy\" title=\"F1, GP DO JAP\u00c3O: VERSTAPPEN CAMPE\u00c3O DA F1 E VEXAME DA FIA | Briefing\" width=\"500\" height=\"281\" src=\"https:\/\/www.youtube.com\/embed\/l9yDJnEUqaE?feature=oembed\" frameborder=\"0\" allow=\"accelerometer; autoplay; clipboard-write; encrypted-media; gyroscope; picture-in-picture; web-share\" referrerpolicy=\"strict-origin-when-cross-origin\" allowfullscreen><\/iframe>\n<\/div><\/figure>\n\n\n\n<p class=\"wp-block-paragraph\">O t\u00edtulo irretoc\u00e1vel de <strong>Max Verstappen<\/strong> conquistado neste domingo (9) \u00e9 dividido em algumas cabe\u00e7as pensantes, al\u00e9m do claro talento do holand\u00eas, agora bicampe\u00e3o mundial. Uma delas \u00e9 de <strong>Adrian Newey<\/strong>, projetista do <strong>RB18<\/strong> dominante na <strong>F\u00f3rmula 1<\/strong> que, at\u00e9 aqui, deu 14 vit\u00f3rias em 18 provas disputadas, faltando quatro para o fim da temporada 2022.<\/p>\n\n\n\n<p class=\"wp-block-paragraph\">Famoso pelos trabalhos realizados com <strong>Williams <\/strong>e<strong> McLaren<\/strong> nos anos 90, desde 2006 o brit\u00e2nico faz parte da equipe <strong>Red Bull <\/strong>e tem 13 campeonatos de F1 no seu curr\u00edculo &#8211; cinco pela equipe de Frank Williams, dois pelos papaias e, agora, seis pelos taurinos. Na entrevista p\u00f3s-corrida em <strong>Suzuka<\/strong>, mostrou uma vitalidade e uma felicidade como se tivesse ganho o primeiro campeonato na carreira. &#8220;Parece um pouco surreal, n\u00e3o percebemos o que t\u00ednhamos feito, sigo absorvendo, para ser honesto&#8221;, falou o brit\u00e2nico.<\/p>\n\n\n\n<p class=\"wp-block-paragraph\"><strong>LEIA MAIS:<br>+ Verstappen \u00e9 bicampe\u00e3o mundial de F1 <a href=\"https:\/\/www.grandepremio.com\/br\/f1\/noticias\/max-verstappen-bicampeao-mundial-formula-1-vitoria-confusao-japao\/\" class=\"ek-link\">ap\u00f3s vit\u00f3ria e confus\u00e3o no fim<\/a> do GP do Jap\u00e3o<br>+ Verstappen <a href=\"https:\/\/www.grandepremio.com\/br\/f1\/noticias\/max-verstappen-patamar-proximo-perfeicao-bi-dominante-facil\/\" class=\"ek-link\">atinge patamar pr\u00f3ximo \u00e0 perfei\u00e7\u00e3o<\/a> e faz bi dominante parecer f\u00e1cil<br>+ Red Bull mira Schumacher e Hamilton <a href=\"https:\/\/www.grandepremio.com\/br\/f1\/noticias\/red-bull-mira-michael-schumacher-lewis-hamilton-bi-max-verstappen-gosta-recordes\/\" class=\"ek-link\">ap\u00f3s bi<\/a> de Verstappen: \u201cGosta de recordes\u201d<br>+ Red Bull diz que Verstappen <a href=\"https:\/\/www.grandepremio.com\/br\/f1\/noticias\/red-bull-max-verstappen-aumentou-sarrafo-bi-muito-dominante\/\" class=\"ek-link\">\u201caumentou sarrafo\u201d ap\u00f3s bi<\/a>: \u201cMuito dominante\u201d<\/strong><\/p>\n\n\n\n<p class=\"wp-block-paragraph\">Um t\u00edtulo incontest\u00e1vel sempre precisa de um advers\u00e1rio \u00e0 altura e, para Adrian, a <strong>Ferrari <\/strong>exerceu bem esse papel. A rival italiana em 2022 fez um carro que parecia brilhante no in\u00edcio da temporada mas foi, aos poucos, sendo combatida at\u00e9 a 12\u00aa vit\u00f3ria de Max na temporada. &#8220;Foi bem dif\u00edcil, eles foram muito mais r\u00e1pidos em algumas pistas do que n\u00f3s. Coube, apenas, seguir melhorando o carro que t\u00ednhamos para sermos competitivos em todas as pistas.&#8221;<\/p>\n\n\n\n<figure class=\"wp-block-image size-large\"><img decoding=\"async\" src=\"https:\/\/www.grandepremio.com\/br\/wp-content\/uploads\/2022\/10\/SI202210090599_hires_jpeg_24bit_rgb-1024x683.jpg\" alt=\"\" class=\"wp-image-622219\"\/><figcaption>A parceria Verstappen-Newey rendeu dois t\u00edtulos consecutivos de F1 para o holand\u00eas (Foto: Red Bull Content Pool)<\/figcaption><\/figure>\n\n\n\n<p class=\"wp-block-paragraph\">Perguntado se havia como comparar Verstappen e <strong>Charles Leclerc<\/strong> na temporada, Newey procurou se esquivar. Para o engenheiro, \u00e9 muito dif\u00edcil e injusto classific\u00e1-los, procurando exaltar outra caracter\u00edstica que lhe chama mais aten\u00e7\u00e3o. &#8220;O mais importante \u00e9 ver como s\u00e3o diferentes. O controle do carro de Max \u00e9 incr\u00edvel, vimos isso hoje. Ele se colocou do lado de fora de Charles, depois dele fazer uma largada melhor, mas mostrou um incr\u00edvel comprometimento e controle. \u00c9 isso que o torna t\u00e3o especial&#8221;, analisou.<\/p>\n\n\n\n<p class=\"wp-block-paragraph\"><strong>\u25b6\ufe0f\u00a0Inscreva-se nos dois canais do GRANDE PR\u00caMIO no YouTube:\u00a0<a href=\"https:\/\/www.youtube.com\/channel\/UC9OlHEgxoaY6QY6nWPoiqQg?sub_confirmation=1\" target=\"_blank\" rel=\"noreferrer noopener\">GP<\/a>\u00a0|\u00a0<a href=\"https:\/\/www.youtube.com\/channel\/UC9csiS6q_C3C0FYhyr1rnFA?sub_confirmation=1\" target=\"_blank\" rel=\"noreferrer noopener\">GP2<\/a><\/strong><br><strong>\u25b6\ufe0f\u00a0<a href=\"https:\/\/www.twitch.tv\/grandepremio\" target=\"_blank\" rel=\"noreferrer noopener\">Conhe\u00e7a o canal do GRANDE PR\u00caMIO na Twitch clicando aqui!<\/a><\/strong><\/p>\n\n\n\n<p class=\"wp-block-paragraph\">Por fim, n\u00e3o esqueceu de enaltecer o trabalho da <strong>Honda<\/strong>. T\u00edtulo conquistado na casa do fornecedor de motor \u00e9 ainda mais especial e, assim, Newey teceu bons elogios sobre o equipamento constru\u00eddo pelos japoneses que casou perfeitamente com o RB18 desenhado por ele. &#8220;S\u00e3o um grande parceiro, vieram com um \u00f3timo motor, al\u00e9m de serem \u00f3timos para trabalhar, formando um encaixe perfeito com nosso carro&#8221;, disse.<\/p>\n\n\n\n<p class=\"wp-block-paragraph\">A\u00a0<a href=\"https:\/\/www.grandepremio.com\/formula-1\/\" target=\"_blank\" rel=\"noreferrer noopener\" class=\"ek-link\"><strong>F\u00f3rmula 1<\/strong><\/a>\u00a0continua em duas semanas, entre os dias 21 e 23 de outubro, direto de <strong>Austin<\/strong>, no\u00a0<a href=\"https:\/\/www.grandepremio.com\/br\/circuito\/texas\/\" target=\"_blank\" rel=\"noreferrer noopener\">Texas<\/a>, com o <strong>GP dos Estados Unidos<\/strong>.<\/p>\n","protected":false},"excerpt":{"rendered":"<p>Adrian Newey \u00e9 o projetista do dominante RB18 que deu, at\u00e9 o momento, 14 vit\u00f3rias em 18 provas. O brit\u00e2nico da Red Bull exaltou o trabalho da Ferrari e de Leclerc, al\u00e9m de elogiar a parceira Honda pelo trabalho que culminou no bicampeonato do holand\u00eas em 2022<\/p>\n","protected":false},"author":0,"featured_media":1000622192,"comment_status":"closed","ping_status":"closed","sticky":false,"template":"","format":"standard","meta":{"42wp_featured_image_caption":"","42wp_featured_image_credits":"","42wp_featured_video":"","42wp_featured_image_hidden":false,"42wp_authors_list":[],"footnotes":""},"categories":[2],"tags":[3547,209,147,1357,207,180,26841,3023,32637,32638,32639,32640,32641,1491,28285,130,203,204,608],"42wp_author":[47128],"class_list":["post-108248","post","type-post","status-publish","format-standard","has-post-thumbnail","hentry","category-f1","tag-adrian-newey","tag-charles-leclerc","tag-f1","tag-f1-2022","tag-ferrari","tag-formula-1","tag-formula-1-2022","tag-gp-do-japao","tag-gp-do-japao-2022","tag-gp-do-japao-de-f1","tag-gp-do-japao-de-f1-2022","tag-gp-do-japao-de-formula-1","tag-gp-do-japao-de-formula-1-2022","tag-grande-premio","tag-grandepremio","tag-honda","tag-max-verstappen","tag-red-bull","tag-suzuka","42wp_author-guilherme-bloisi"],"_links":{"self":[{"href":"https:\/\/grandepremio.com\/br\/wp-json\/wp\/v2\/posts\/108248","targetHints":{"allow":["GET"]}}],"collection":[{"href":"https:\/\/grandepremio.com\/br\/wp-json\/wp\/v2\/posts"}],"about":[{"href":"https:\/\/grandepremio.com\/br\/wp-json\/wp\/v2\/types\/post"}],"replies":[{"embeddable":true,"href":"https:\/\/grandepremio.com\/br\/wp-json\/wp\/v2\/comments?post=108248"}],"version-history":[{"count":0,"href":"https:\/\/grandepremio.com\/br\/wp-json\/wp\/v2\/posts\/108248\/revisions"}],"wp:featuredmedia":[{"embeddable":true,"href":"https:\/\/grandepremio.com\/br\/wp-json\/wp\/v2\/media\/1000622192"}],"wp:attachment":[{"href":"https:\/\/grandepremio.com\/br\/wp-json\/wp\/v2\/media?parent=108248"}],"wp:term":[{"taxonomy":"category","embeddable":true,"href":"https:\/\/grandepremio.com\/br\/wp-json\/wp\/v2\/categories?post=108248"},{"taxonomy":"post_tag","embeddable":true,"href":"https:\/\/grandepremio.com\/br\/wp-json\/wp\/v2\/tags?post=108248"},{"taxonomy":"42wp_author","embeddable":true,"href":"https:\/\/grandepremio.com\/br\/wp-json\/wp\/v2\/42wp_author?post=108248"}],"curies":[{"name":"wp","href":"https:\/\/api.w.org\/{rel}","templated":true}]}}