{"id":108250,"date":"2022-10-09T07:54:39","date_gmt":"2022-10-09T10:54:39","guid":{"rendered":"https:\/\/grandepremio.com\/br\/noticias\/esteban-ocon-elogia-batalha-lewis-hamilton-critica-fia-trator-japao-ja-perdemos-amigos\/"},"modified":"2022-10-09T07:56:01","modified_gmt":"2022-10-09T10:56:01","slug":"esteban-ocon-elogia-batalha-lewis-hamilton-critica-fia-trator-japao-ja-perdemos-amigos","status":"publish","type":"post","link":"https:\/\/grandepremio.com\/br\/f1\/esteban-ocon-elogia-batalha-lewis-hamilton-critica-fia-trator-japao-ja-perdemos-amigos\/","title":{"rendered":"Ocon elogia batalha com Hamilton e critica FIA por trator no Jap\u00e3o: &#8220;J\u00e1 perdemos amigos&#8221;"},"content":{"rendered":"\n<p class=\"wp-block-paragraph\"><strong>Esteban Ocon<\/strong> conquistou seu melhor resultado da temporada de 2022 da <strong>F\u00f3rmula 1<\/strong> neste domingo (9) no GP do Jap\u00e3o. O franc\u00eas <a href=\"https:\/\/www.grandepremio.com\/br\/f1\/noticias\/carlos-sainz-controle-ferrari-muro-primeira-volta-gp-do-japao\/\" class=\"ek-link\">aproveitou o acidente de <strong>Carlos Sainz<\/strong><\/a> e se defendeu de <strong>Lewis Hamilton<\/strong> na pista molhada em Suzuka para terminar a prova na quarta posi\u00e7\u00e3o. Ap\u00f3s a corrida, o piloto da <strong>Alpine<\/strong> elogiou a divertida disputa com o heptacampe\u00e3o.<\/p>\n\n\n\n<p class=\"wp-block-paragraph\">&#8220;Eu tamb\u00e9m gostei [da batalha com Lewis]. Eu estava falando com Lewis e dizendo o quanto nos divertimos, e como est\u00e1vamos entediados na parte de tr\u00e1s. Foi bem divertido. Lewis provavelmente estava mais r\u00e1pido atr\u00e1s. Foi como uma corrida sprint e fiz tudo o que pude. Na 130R deve ter sido dif\u00edcil de enxergar, mas foi uma boa divers\u00e3o limpa, e \u00e9 isso que voc\u00ea pode esperar com Lewis&#8221;, contou Ocon ap\u00f3s o GP do Jap\u00e3o.<\/p>\n\n\n\n<p class=\"wp-block-paragraph\">Depois de um fim de semana decepcionante em Singapura, com os dois carros abandonando, a <strong>Alpine<\/strong> voltou a andar bem em Suzuka e recuperou a quarta posi\u00e7\u00e3o na classifica\u00e7\u00e3o do Mundial de Construtores. Para Esteban, era quest\u00e3o de tempo at\u00e9 que o time franc\u00eas conseguisse mostrar esse potencial.<\/p>\n\n\n\n<p class=\"wp-block-paragraph\">&#8220;Foi um fim de semana forte. T\u00ednhamos um carro forte em todas as condi\u00e7\u00f5es. Levou muito tempo para n\u00f3s extrairmos o desempenho do carro e mostrar para todo mundo. Introduzimos a atualiza\u00e7\u00e3o em Singapura e tivemos problemas, mas tudo o que precis\u00e1vamos era de um fim de semana limpo&#8221;, explicou o piloto franc\u00eas.<\/p>\n\n\n\n<p class=\"wp-block-paragraph\"><strong>\u25b6\ufe0f\u00a0Inscreva-se nos dois canais do GRANDE PR\u00caMIO no YouTube:\u00a0<a href=\"https:\/\/www.youtube.com\/channel\/UC9OlHEgxoaY6QY6nWPoiqQg?sub_confirmation=1\" target=\"_blank\" rel=\"noreferrer noopener\">GP<\/a>\u00a0|\u00a0<a href=\"https:\/\/www.youtube.com\/channel\/UC9csiS6q_C3C0FYhyr1rnFA?sub_confirmation=1\" target=\"_blank\" rel=\"noreferrer noopener\">GP2<\/a><\/strong><br><strong>\u25b6\ufe0f\u00a0<a href=\"https:\/\/www.twitch.tv\/grandepremio\" target=\"_blank\" rel=\"noreferrer noopener\">Conhe\u00e7a o canal do GRANDE PR\u00caMIO na Twitch clicando aqui!<\/a><\/strong><\/p>\n\n\n\n<figure class=\"wp-block-image size-large\"><img decoding=\"async\" src=\"https:\/\/www.grandepremio.com\/br\/wp-content\/uploads\/2022\/10\/alpine-estebanocon-01-7-1024x683.jpg\" alt=\"\" class=\"wp-image-622033\"\/><figcaption>Esteban Ocon terminou GP do Jap\u00e3o em quarto (Foto: Alpine)<\/figcaption><\/figure>\n\n\n\n<p class=\"wp-block-paragraph\"><strong>LEIA MAIS:<\/strong><br><strong><a href=\"https:\/\/www.grandepremio.com\/br\/f1\/noticias\/pierre-gasly-revolta-trator-pista-suzuka-poderia-ter-me-matado-ali\/\" class=\"ek-link\">+Gasly se revolta com trator na pista em Suzuka: \u201cEu poderia ter me matado ali\u201d<\/a><\/strong><br><strong><a href=\"https:\/\/www.grandepremio.com\/br\/f1\/noticias\/pai-jules-bianchi-se-revolta-tratores-pista-japao-nao-ha-respeito-vida-piloto\/\" class=\"ek-link\">+Pai de Bianchi se revolta com tratores na pista no Jap\u00e3o: \u201cN\u00e3o h\u00e1 respeito pela vida do piloto\u201d<\/a><\/strong><br><strong><a href=\"https:\/\/www.grandepremio.com\/br\/f1\/noticias\/lando-norris-critica-formula-1-trator-pista-japao-ja-perdemos-vida-assim\/\" class=\"ek-link\">+Norris critica F\u00f3rmula 1 por trator na pista no Jap\u00e3o: \u201cJ\u00e1 perdemos uma vida assim\u201d<\/a><\/strong><br><strong><a href=\"https:\/\/www.grandepremio.com\/br\/f1\/noticias\/fia-culpa-pierre-gasly-quase-colisao-trator-chuva-suzuka\/\" class=\"ek-link\">+FIA se isenta e culpa Gasly por quase colis\u00e3o com trator na chuva em Suzuka<\/a><\/strong><br><strong><a href=\"https:\/\/www.grandepremio.com\/br\/f1\/noticias\/sergio-perez-jules-bianchi-fia-trator-japao-ultima-vez\/\" class=\"ek-link\">+P\u00e9rez cita Bianchi e critica FIA por trator no Jap\u00e3o: \u201cEspero que seja a \u00faltima vez\u201d<\/a><\/strong><\/p>\n\n\n\n<p class=\"wp-block-paragraph\">Apesar das boas disputas na pista, <a href=\"https:\/\/www.grandepremio.com\/br\/f1\/noticias\/fia-repete-jules-bianchi-solta-trator-suzuka-acidente-carlos-sainz-pierre-gasly-quase-bate\/\" class=\"ek-link\">a cena da corrida acabou sendo a entrada de um trator na pista quando os carros ainda circulavam<\/a>. Oito anos ap\u00f3s o acidente fatal de <strong>Jules Bianchi<\/strong>, Ocon se juntou a Pierre Gasly, Lando Norris e Sergio P\u00e9rez nas cr\u00edticas \u00e0 <strong>F\u00f3rmula 1<\/strong> por repetir o mesmo erro e colocar a vida dos pilotos em risco.<\/p>\n\n\n\n<p class=\"wp-block-paragraph\">&#8220;J\u00e1 perdemos amigos o suficiente com esses ve\u00edculos no passado. Eu estava em baixa velocidade e vi. Estava em quarto e deve ter sido uma coisa muito diferente para os caras na parte de tr\u00e1s, com o qu\u00e3o ruim era a visibilidade, mas com certeza essas s\u00e3o coisas que n\u00e3o queremos ver&#8221;, lamentou Esteban.<\/p>\n\n\n\n<p class=\"wp-block-paragraph\">&#8220;Est\u00e1 claro para todos n\u00f3s e para a FIA que \u00e9 perigoso ter um ve\u00edculo de recupera\u00e7\u00e3o, especialmente t\u00e3o pesado, nessa posi\u00e7\u00e3o, quando a corrida est\u00e1 com o safety-car e ainda estamos andando em altas velocidades. N\u00e3o queremos ver isso. Ser\u00e1 discutido em breve, provavelmente em Austin&#8221;, concluiu o franc\u00eas.<\/p>\n\n\n\n<p class=\"wp-block-paragraph\">Com o resultado, <strong>Ocon<\/strong> ocupa atualmente a oitava posi\u00e7\u00e3o no Mundial de Pilotos, com 78 pontos conquistados. A <strong>F\u00f3rmula 1<\/strong> retorna agora no dia 23 de outubro, para o <strong>GP dos Estados Unidos<\/strong>, em Austin, no Texas.<\/p>\n\n\n\n<figure class=\"wp-block-embed is-type-video is-provider-youtube wp-block-embed-youtube wp-embed-aspect-16-9 wp-has-aspect-ratio\"><div class=\"wp-block-embed__wrapper\">\n<iframe loading=\"lazy\" title=\"F1, GP DO JAP\u00c3O: VERSTAPPEN CAMPE\u00c3O DA F1 E VEXAME DA FIA | Briefing\" width=\"500\" height=\"281\" src=\"https:\/\/www.youtube.com\/embed\/l9yDJnEUqaE?feature=oembed\" frameborder=\"0\" allow=\"accelerometer; autoplay; clipboard-write; encrypted-media; gyroscope; picture-in-picture; web-share\" referrerpolicy=\"strict-origin-when-cross-origin\" allowfullscreen><\/iframe>\n<\/div><figcaption>F1 2022 AO VIVO: VERSTAPPEN CAMPE\u00c3O EM VEXAME DA FIA NO JAP\u00c3O | Briefing<\/figcaption><\/figure>\n","protected":false},"excerpt":{"rendered":"<p>Esteban Ocon terminou o GP do Jap\u00e3o na quarta posi\u00e7\u00e3o, seu melhor resultado na temporada de 2022 da F\u00f3rmula 1, e, assim como Pierre Gasly e outros pilotos, tamb\u00e9m ficou indignado com a entrada de um trator na pista em Suzuka<\/p>\n","protected":false},"author":0,"featured_media":1000621570,"comment_status":"closed","ping_status":"closed","sticky":false,"template":"","format":"standard","meta":{"42wp_featured_image_caption":"","42wp_featured_image_credits":"","42wp_featured_video":"","42wp_featured_image_hidden":false,"42wp_authors_list":[],"footnotes":""},"categories":[2],"tags":[20491,302,147,1357,180,26841,3023,32637,1491,3247,87,676],"42wp_author":[47144],"class_list":["post-108250","post","type-post","status-publish","format-standard","has-post-thumbnail","hentry","category-f1","tag-alpine","tag-esteban-ocon","tag-f1","tag-f1-2022","tag-formula-1","tag-formula-1-2022","tag-gp-do-japao","tag-gp-do-japao-2022","tag-grande-premio","tag-jules-bianchi","tag-lewis-hamilton","tag-pierre-gasly","42wp_author-andre-netto"],"_links":{"self":[{"href":"https:\/\/grandepremio.com\/br\/wp-json\/wp\/v2\/posts\/108250","targetHints":{"allow":["GET"]}}],"collection":[{"href":"https:\/\/grandepremio.com\/br\/wp-json\/wp\/v2\/posts"}],"about":[{"href":"https:\/\/grandepremio.com\/br\/wp-json\/wp\/v2\/types\/post"}],"replies":[{"embeddable":true,"href":"https:\/\/grandepremio.com\/br\/wp-json\/wp\/v2\/comments?post=108250"}],"version-history":[{"count":0,"href":"https:\/\/grandepremio.com\/br\/wp-json\/wp\/v2\/posts\/108250\/revisions"}],"wp:featuredmedia":[{"embeddable":true,"href":"https:\/\/grandepremio.com\/br\/wp-json\/wp\/v2\/media\/1000621570"}],"wp:attachment":[{"href":"https:\/\/grandepremio.com\/br\/wp-json\/wp\/v2\/media?parent=108250"}],"wp:term":[{"taxonomy":"category","embeddable":true,"href":"https:\/\/grandepremio.com\/br\/wp-json\/wp\/v2\/categories?post=108250"},{"taxonomy":"post_tag","embeddable":true,"href":"https:\/\/grandepremio.com\/br\/wp-json\/wp\/v2\/tags?post=108250"},{"taxonomy":"42wp_author","embeddable":true,"href":"https:\/\/grandepremio.com\/br\/wp-json\/wp\/v2\/42wp_author?post=108250"}],"curies":[{"name":"wp","href":"https:\/\/api.w.org\/{rel}","templated":true}]}}