{"id":108290,"date":"2022-10-08T06:22:44","date_gmt":"2022-10-08T09:22:44","guid":{"rendered":"https:\/\/grandepremio.com\/br\/noticias\/ferrari-lamenta-pole-position-perdida-0s01-japao-nao-e-nada\/"},"modified":"2022-10-08T06:24:05","modified_gmt":"2022-10-08T09:24:05","slug":"ferrari-lamenta-pole-position-perdida-0s01-japao-nao-e-nada","status":"publish","type":"post","link":"https:\/\/grandepremio.com\/br\/f1\/ferrari-lamenta-pole-position-perdida-0s01-japao-nao-e-nada\/","title":{"rendered":"Ferrari lamenta pole-position perdida por 0s01 no Jap\u00e3o: &#8220;N\u00e3o \u00e9 nada&#8221;"},"content":{"rendered":"\n<figure class=\"wp-block-video\"><video class=\"video-js vjs-big-play-centered\" data-gp-vjs=\"1\" controls poster=\"https:\/\/www.grandepremio.com\/br\/wp-content\/uploads\/2022\/10\/grj1r4h5CAhk1-2w-poster.jpeg\" src=\"https:\/\/www.grandepremio.com\/br\/wp-content\/uploads\/2022\/10\/grj1r4h5CAhk1-2w.mp4\"><\/video><figcaption>Ziguezague de Verstappen quase causa acidente com Norris em Suzuka (V\u00eddeo: Reprodu\u00e7\u00e3o\/F1 TV)<\/figcaption><\/figure>\n\n\n\n<p class=\"wp-block-paragraph\"><strong>Charles Leclerc<\/strong> esteve muito pr\u00f3ximo de conquistar a 12\u00aa pole-position da <strong>Ferrari<\/strong> na temporada de 2022 da <strong>F\u00f3rmula 1 <\/strong>neste s\u00e1bado (8) no Jap\u00e3o. Foram apenas dez mil\u00e9simos o separando de <strong>Max Verstappen<\/strong>, <a href=\"https:\/\/www.grandepremio.com\/br\/f1\/noticias\/max-verstappen-conquista-pole-japao-domingo-duas-maos-bi-formula-1\/\" class=\"ek-link\">que larga na frente ap\u00f3s receber apenas uma advert\u00eancia por bloquear <strong>Lando Norris<\/strong><\/a>. O espanhol <strong>Carlos Sainz<\/strong> tamb\u00e9m ficou muito pr\u00f3ximo na terceira posi\u00e7\u00e3o, apenas meio d\u00e9cimo atr\u00e1s do holand\u00eas.<\/p>\n\n\n\n<p class=\"wp-block-paragraph\"><strong>Mattia Binotto<\/strong>, chefe da Ferrari, lamentou a margem pequena para a pole. O dirigente italiano se disse feliz em ver seus dois pilotos brigando pela posi\u00e7\u00e3o de honra no grid e afirmou que a largada pode ser decisiva. Com previs\u00e3o de chuva para a corrida, Binotto acredita que a pista molhada pode favorecer a <strong>Ferrari,<\/strong> que guardou um jogo de pneus a mais em rela\u00e7\u00e3o a Verstappen.<\/p>\n\n\n\n<p class=\"wp-block-paragraph\">&#8220;Dez mil\u00e9simos n\u00e3o \u00e9 nada, \u00e9 uma pena para a pole. Mas estamos felizes em ver os dois pilotos perto de brigar pela pole. Economizamos um jogo de pneu em rela\u00e7\u00e3o ao Max, amanh\u00e3 isso pode fazer a diferen\u00e7a. As condi\u00e7\u00f5es vari\u00e1veis \u200b\u200bda pista podem nos dar uma vantagem&#8221;, disse Mattia, diretamente de Maranello, em entrevista ao canal de televis\u00e3o <em>Sky Sports<\/em> da It\u00e1lia.<\/p>\n\n\n\n<p class=\"wp-block-paragraph\"><strong>\u25b6\ufe0f\u00a0Inscreva-se nos dois canais do GRANDE PR\u00caMIO no YouTube:\u00a0<a href=\"https:\/\/www.youtube.com\/channel\/UC9OlHEgxoaY6QY6nWPoiqQg?sub_confirmation=1\" target=\"_blank\" rel=\"noreferrer noopener\">GP<\/a>\u00a0|\u00a0<a href=\"https:\/\/www.youtube.com\/channel\/UC9csiS6q_C3C0FYhyr1rnFA?sub_confirmation=1\" target=\"_blank\" rel=\"noreferrer noopener\">GP2<\/a><\/strong><br><strong>\u25b6\ufe0f\u00a0<a href=\"https:\/\/www.twitch.tv\/grandepremio\" target=\"_blank\" rel=\"noreferrer noopener\">Conhe\u00e7a o canal do GRANDE PR\u00caMIO na Twitch clicando aqui!<\/a><\/strong><\/p>\n\n\n\n<figure class=\"wp-block-image size-large\"><img decoding=\"async\" src=\"https:\/\/www.grandepremio.com\/br\/wp-content\/uploads\/2022\/10\/ferrari-charlesleclerc-03-3-1024x683.jpg\" alt=\"\" class=\"wp-image-621622\"\/><figcaption>Charles Leclerc larga na segunda posi\u00e7\u00e3o do GP do Jap\u00e3o (Foto: Ferrari)<\/figcaption><\/figure>\n\n\n\n<p class=\"wp-block-paragraph\">&#8220;A largada ser\u00e1 importante, vamos analis\u00e1-la como sempre e n\u00e3o s\u00f3 na primeira curva. Faremos na v\u00e9spera, amanh\u00e3 a primeira volta ser\u00e1 importante. Durante a classifica\u00e7\u00e3o os pilotos ganharam confian\u00e7a, hav\u00edamos rodado pouco no seco na sexta-feira. Vi que a Mercedes n\u00e3o estava perto j\u00e1 no Q1&#8221;, contou o chefe da Ferrari. <\/p>\n\n\n\n<p class=\"wp-block-paragraph\">Binotto tamb\u00e9m deu sua opini\u00e3o <a href=\"https:\/\/www.grandepremio.com\/br\/f1\/noticias\/fia-adverte-max-verstappen-evita-punicao-mantem-pole-japao-formula-1\/\" class=\"ek-link\">sobre o incidente envolvendo Max e Norris<\/a>, que poderia acarretar em uma puni\u00e7\u00e3o e uma primeira fila da <strong>Ferrari<\/strong>, e concordou com a decis\u00e3o dos comiss\u00e1rios: &#8220;A manobra do Verstappen foi arriscada, o regulamento prev\u00ea uma advert\u00eancia ou a perda tr\u00eas posi\u00e7\u00f5es no grid&#8221;, concluiu.<\/p>\n\n\n\n<p class=\"wp-block-paragraph\">O\u00a0<strong>GRANDE PR\u00caMIO<\/strong>\u00a0acompanha\u00a0<a href=\"https:\/\/www.grandepremio.com\/br\/f1\/ao-vivo\"><strong>AO VIVO<\/strong>\u00a0e\u00a0<strong>EM\u00a0<\/strong><\/a><strong><a href=\"https:\/\/www.grandepremio.com\/br\/ao-vivo\/\" target=\"_blank\" rel=\"noreferrer noopener\">TEMPO REAL<\/a><\/strong>\u00a0todas as atividades do\u00a0<strong>GP do Jap\u00e3o<\/strong>\u00a0de\u00a0<a href=\"https:\/\/www.grandepremio.com\/formula-1\/\" target=\"_blank\" rel=\"noreferrer noopener\">F\u00f3rmula 1<\/a>. No domingo, a largada est\u00e1 marcada para as 2h [de Bras\u00edlia, GMT-3].<\/p>\n\n\n\n<figure class=\"wp-block-embed is-type-video is-provider-youtube wp-block-embed-youtube wp-embed-aspect-16-9 wp-has-aspect-ratio\"><div class=\"wp-block-embed__wrapper\">\n<iframe loading=\"lazy\" title=\"F1, CLASSIFICA\u00c7\u00c3O JAP\u00c3O: VERSTAPPEN POLE. LECLERC 2\u00ba. GASLY NA ALPINE | Briefing\" width=\"500\" height=\"281\" src=\"https:\/\/www.youtube.com\/embed\/OykvqRKvIGE?feature=oembed\" frameborder=\"0\" allow=\"accelerometer; autoplay; clipboard-write; encrypted-media; gyroscope; picture-in-picture; web-share\" referrerpolicy=\"strict-origin-when-cross-origin\" allowfullscreen><\/iframe>\n<\/div><figcaption>TUDO SOBRE A CLASSIFICA\u00c7\u00c3O DO GP DO JAP\u00c3O DE F\u00d3RMULA 1 | Briefing<\/figcaption><\/figure>\n","protected":false},"excerpt":{"rendered":"<p>Mattia Binotto, chefe da Ferrari, lamentou a pole de Max Verstappen com uma dist\u00e2ncia de apenas dez segundos para Charles Leclerc e acredita que a chuva pode ser uma vantagem para a equipe<\/p>\n","protected":false},"author":0,"featured_media":1000621591,"comment_status":"closed","ping_status":"closed","sticky":false,"template":"","format":"standard","meta":{"42wp_featured_image_caption":"","42wp_featured_image_credits":"","42wp_featured_video":"","42wp_featured_image_hidden":false,"42wp_authors_list":[],"footnotes":""},"categories":[2],"tags":[546,209,147,1357,207,180,26841,3023,32637,1491,442,203],"42wp_author":[47144],"class_list":["post-108290","post","type-post","status-publish","format-standard","has-post-thumbnail","hentry","category-f1","tag-carlos-sainz","tag-charles-leclerc","tag-f1","tag-f1-2022","tag-ferrari","tag-formula-1","tag-formula-1-2022","tag-gp-do-japao","tag-gp-do-japao-2022","tag-grande-premio","tag-mattia-binotto","tag-max-verstappen","42wp_author-andre-netto"],"_links":{"self":[{"href":"https:\/\/grandepremio.com\/br\/wp-json\/wp\/v2\/posts\/108290","targetHints":{"allow":["GET"]}}],"collection":[{"href":"https:\/\/grandepremio.com\/br\/wp-json\/wp\/v2\/posts"}],"about":[{"href":"https:\/\/grandepremio.com\/br\/wp-json\/wp\/v2\/types\/post"}],"replies":[{"embeddable":true,"href":"https:\/\/grandepremio.com\/br\/wp-json\/wp\/v2\/comments?post=108290"}],"version-history":[{"count":0,"href":"https:\/\/grandepremio.com\/br\/wp-json\/wp\/v2\/posts\/108290\/revisions"}],"wp:featuredmedia":[{"embeddable":true,"href":"https:\/\/grandepremio.com\/br\/wp-json\/wp\/v2\/media\/1000621591"}],"wp:attachment":[{"href":"https:\/\/grandepremio.com\/br\/wp-json\/wp\/v2\/media?parent=108290"}],"wp:term":[{"taxonomy":"category","embeddable":true,"href":"https:\/\/grandepremio.com\/br\/wp-json\/wp\/v2\/categories?post=108290"},{"taxonomy":"post_tag","embeddable":true,"href":"https:\/\/grandepremio.com\/br\/wp-json\/wp\/v2\/tags?post=108290"},{"taxonomy":"42wp_author","embeddable":true,"href":"https:\/\/grandepremio.com\/br\/wp-json\/wp\/v2\/42wp_author?post=108290"}],"curies":[{"name":"wp","href":"https:\/\/api.w.org\/{rel}","templated":true}]}}