{"id":108291,"date":"2022-10-08T06:14:45","date_gmt":"2022-10-08T09:14:45","guid":{"rendered":"https:\/\/grandepremio.com\/br\/noticias\/sebastian-vettel-larga-9o-deixa-f1-100-aproveitamento-idas-q3-japao\/"},"modified":"2022-10-08T06:17:28","modified_gmt":"2022-10-08T09:17:28","slug":"sebastian-vettel-larga-9o-deixa-f1-100-aproveitamento-idas-q3-japao","status":"publish","type":"post","link":"https:\/\/grandepremio.com\/br\/f1\/sebastian-vettel-larga-9o-deixa-f1-100-aproveitamento-idas-q3-japao\/","title":{"rendered":"Vettel larga em 9\u00ba e deixa F1 com 100% de aproveitamento em idas ao Q3 no Jap\u00e3o"},"content":{"rendered":"\n<figure class=\"wp-block-embed is-type-video is-provider-youtube wp-block-embed-youtube wp-embed-aspect-16-9 wp-has-aspect-ratio\"><div class=\"wp-block-embed__wrapper\">\n<iframe loading=\"lazy\" title=\"F1, CLASSIFICA\u00c7\u00c3O JAP\u00c3O: VERSTAPPEN POLE. LECLERC 2\u00ba. GASLY NA ALPINE | Briefing\" width=\"500\" height=\"281\" src=\"https:\/\/www.youtube.com\/embed\/OykvqRKvIGE?feature=oembed\" frameborder=\"0\" allow=\"accelerometer; autoplay; clipboard-write; encrypted-media; gyroscope; picture-in-picture; web-share\" referrerpolicy=\"strict-origin-when-cross-origin\" allowfullscreen><\/iframe>\n<\/div><\/figure>\n\n\n\n<p class=\"wp-block-paragraph\">O encantamento de <strong>Sebastian Vettel<\/strong> com <strong>Suzuka<\/strong> \u00e9 evidente. O tetracampe\u00e3o mundial faz quest\u00e3o de deixar claro o quanto gosta da pista japonesa em todas as entrevistas e como se sente bem no pa\u00eds. E, como se sabe, a lua de mel ter\u00e1 um fim em 2022, quando o alem\u00e3o vai se aposentar das pistas.<\/p>\n\n\n\n<p class=\"wp-block-paragraph\">Mas, antes disso, Seb deixa uma marca imporante que prova o quanto tem carinho por Suzuka. O piloto vai deixar a categoria indo ao Q3 no <strong>Jap\u00e3o<\/strong> em todas as vezes que disputou a prova, seja por <strong>Toro Rosso<\/strong>, <strong>Red Bull<\/strong>, <strong>Ferrari <\/strong>ou <strong>Aston Martin<\/strong>. A estat\u00edstica se confirmou ao final do treino deste s\u00e1bado (8), quando Vettel garantiu o nono lugar no grid de largada.<\/p>\n\n\n\n<p class=\"wp-block-paragraph\"><strong>LEIA MAIS:<br>+ Vettel declara amor a Suzuka e festeja 9\u00ba lugar na classifica\u00e7\u00e3o: <a href=\"https:\/\/www.grandepremio.com\/br\/f1\/noticias\/sebastian-vettel-declara-amor-suzuka-festeja-nono-lugar-classificacao-nao-podemos-pedir-mais\/\" class=\"ek-link\">\u201cN\u00e3o podemos pedir mais\u201d<\/a><br>+ Vettel <a href=\"https:\/\/www.grandepremio.com\/br\/f1\/noticias\/sebastian-vettel-celebra-clima-divertido-fas-ve-despedida-casa-japao\/\" class=\"ek-link\">celebra clima divertido dos f\u00e3s<\/a> e v\u00ea despedida \u201cem casa\u201d no Jap\u00e3o<\/strong><\/p>\n\n\n\n<p class=\"wp-block-paragraph\">S\u00e3o 14 classifica\u00e7\u00f5es disputadas pelo alem\u00e3o no Jap\u00e3o, com cinco pole-positions, sendo quatro consecutivas, entre 2009 e 2012, pela Red Bull. A outra vez foi em 2019, de Ferrari, \u00faltima corrida no pa\u00eds antes da pandemia da Covid-19.<\/p>\n\n\n\n<figure class=\"wp-block-image size-full\"><img decoding=\"async\" src=\"https:\/\/www.grandepremio.com\/br\/wp-content\/uploads\/2022\/10\/gettyimages-91393569.png\" alt=\"\" class=\"wp-image-621739\"\/><figcaption>A primeira das quatro vit\u00f3rias de Vettel em Suzuka aconteceu na temporada 2009 da F1 (Foto: Getty Images)<\/figcaption><\/figure>\n\n\n\n<p class=\"wp-block-paragraph\">Al\u00e9m das poles, Seb largou na primeira fila outras duas vezes: em 2013 pelos taurinos e em 2017 pelos ferraristas. Nos outros GP&#8217;s disputados no Jap\u00e3o, Vettel largou em oitavo em 2007 e nono em 2008, ambos pela Toro Rosso; saiu tamb\u00e9m na nona posi\u00e7\u00e3o em 2014, seu \u00faltimo ano de Red Bull e, pela Ferrari, largou em quarto em 2015, sexto em 2016 e oitavo em 2018.<\/p>\n\n\n\n<p class=\"wp-block-paragraph\"><strong>\u25b6\ufe0f&nbsp;Inscreva-se nos dois canais do GRANDE PR\u00caMIO no YouTube:&nbsp;<a href=\"https:\/\/www.youtube.com\/channel\/UC9OlHEgxoaY6QY6nWPoiqQg?sub_confirmation=1\" target=\"_blank\" rel=\"noreferrer noopener\">GP<\/a>&nbsp;|&nbsp;<a href=\"https:\/\/www.youtube.com\/channel\/UC9csiS6q_C3C0FYhyr1rnFA?sub_confirmation=1\" target=\"_blank\" rel=\"noreferrer noopener\">GP2<\/a><\/strong><br><strong>\u25b6\ufe0f&nbsp;<a href=\"https:\/\/www.twitch.tv\/grandepremio\" target=\"_blank\" rel=\"noreferrer noopener\">Conhe\u00e7a o canal do GRANDE PR\u00caMIO na Twitch clicando aqui!<\/a><\/strong><\/p>\n\n\n\n<p class=\"wp-block-paragraph\">Vettel tem, at\u00e9 2022, quatro vit\u00f3rias em Suzuka (2009, 2010, 2012 e 2013) e oito p\u00f3dios (completou o top-3 em 2011, 2014, 2015 e 2019, al\u00e9m dos triunfos). <\/p>\n\n\n\n<p class=\"wp-block-paragraph\">O&nbsp;<strong>GRANDE PR\u00caMIO<\/strong>&nbsp;acompanha&nbsp;<a href=\"https:\/\/www.grandepremio.com\/br\/f1\/ao-vivo\"><strong>AO VIVO<\/strong>&nbsp;e&nbsp;<strong>EM&nbsp;<\/strong><\/a><strong><a href=\"https:\/\/www.grandepremio.com\/br\/ao-vivo\/\" target=\"_blank\" rel=\"noreferrer noopener\">TEMPO REAL<\/a><\/strong>&nbsp;todas as atividades do&nbsp;<strong>GP do Jap\u00e3o<\/strong>&nbsp;de&nbsp;<a href=\"https:\/\/www.grandepremio.com\/formula-1\/\" target=\"_blank\" rel=\"noreferrer noopener\">F\u00f3rmula 1<\/a>. No domingo, a largada est\u00e1 marcada para as 2h [de Bras\u00edlia, GMT-3].<\/p>\n","protected":false},"excerpt":{"rendered":"<p>Vettel viver\u00e1 para sempre a lua de mel com a pista de Suzuka. Prestes a se aposentar da F1, o alem\u00e3o fecha o ciclo no Jap\u00e3o indo ao Q3 nas 14 vezes que disputou a prova, al\u00e9m de cinco poles no circuito japon\u00eas<\/p>\n","protected":false},"author":0,"featured_media":1000621573,"comment_status":"closed","ping_status":"closed","sticky":false,"template":"","format":"standard","meta":{"42wp_featured_image_caption":"","42wp_featured_image_credits":"","42wp_featured_video":"","42wp_featured_image_hidden":false,"42wp_authors_list":[],"footnotes":""},"categories":[2],"tags":[309,147,1357,207,180,26841,3023,32637,32638,32639,32640,32641,1491,28285,204,210,608],"42wp_author":[47128],"class_list":["post-108291","post","type-post","status-publish","format-standard","has-post-thumbnail","hentry","category-f1","tag-aston-martin","tag-f1","tag-f1-2022","tag-ferrari","tag-formula-1","tag-formula-1-2022","tag-gp-do-japao","tag-gp-do-japao-2022","tag-gp-do-japao-de-f1","tag-gp-do-japao-de-f1-2022","tag-gp-do-japao-de-formula-1","tag-gp-do-japao-de-formula-1-2022","tag-grande-premio","tag-grandepremio","tag-red-bull","tag-sebastian-vettel","tag-suzuka","42wp_author-guilherme-bloisi"],"_links":{"self":[{"href":"https:\/\/grandepremio.com\/br\/wp-json\/wp\/v2\/posts\/108291","targetHints":{"allow":["GET"]}}],"collection":[{"href":"https:\/\/grandepremio.com\/br\/wp-json\/wp\/v2\/posts"}],"about":[{"href":"https:\/\/grandepremio.com\/br\/wp-json\/wp\/v2\/types\/post"}],"replies":[{"embeddable":true,"href":"https:\/\/grandepremio.com\/br\/wp-json\/wp\/v2\/comments?post=108291"}],"version-history":[{"count":0,"href":"https:\/\/grandepremio.com\/br\/wp-json\/wp\/v2\/posts\/108291\/revisions"}],"wp:featuredmedia":[{"embeddable":true,"href":"https:\/\/grandepremio.com\/br\/wp-json\/wp\/v2\/media\/1000621573"}],"wp:attachment":[{"href":"https:\/\/grandepremio.com\/br\/wp-json\/wp\/v2\/media?parent=108291"}],"wp:term":[{"taxonomy":"category","embeddable":true,"href":"https:\/\/grandepremio.com\/br\/wp-json\/wp\/v2\/categories?post=108291"},{"taxonomy":"post_tag","embeddable":true,"href":"https:\/\/grandepremio.com\/br\/wp-json\/wp\/v2\/tags?post=108291"},{"taxonomy":"42wp_author","embeddable":true,"href":"https:\/\/grandepremio.com\/br\/wp-json\/wp\/v2\/42wp_author?post=108291"}],"curies":[{"name":"wp","href":"https:\/\/api.w.org\/{rel}","templated":true}]}}