{"id":108294,"date":"2022-10-08T05:46:01","date_gmt":"2022-10-08T08:46:01","guid":{"rendered":"https:\/\/grandepremio.com\/br\/noticias\/hamilton-ve-mercedes-pouco-veloz-retas-chances-remotas-vitoria-suzuka\/"},"modified":"2022-10-08T05:47:17","modified_gmt":"2022-10-08T08:47:17","slug":"hamilton-ve-mercedes-pouco-veloz-retas-chances-remotas-vitoria-suzuka","status":"publish","type":"post","link":"https:\/\/grandepremio.com\/br\/f1\/hamilton-ve-mercedes-pouco-veloz-retas-chances-remotas-vitoria-suzuka\/","title":{"rendered":"Hamilton v\u00ea Mercedes &#8220;pouco veloz&#8221; nas retas e chances remotas de vit\u00f3ria em Suzuka"},"content":{"rendered":"\n<figure class=\"wp-block-embed is-type-video is-provider-youtube wp-block-embed-youtube wp-embed-aspect-16-9 wp-has-aspect-ratio\"><div class=\"wp-block-embed__wrapper\">\n<iframe loading=\"lazy\" title=\"F1, CLASSIFICA\u00c7\u00c3O JAP\u00c3O: VERSTAPPEN POLE. LECLERC 2\u00ba. GASLY NA ALPINE | Briefing\" width=\"500\" height=\"281\" src=\"https:\/\/www.youtube.com\/embed\/OykvqRKvIGE?feature=oembed\" frameborder=\"0\" allow=\"accelerometer; autoplay; clipboard-write; encrypted-media; gyroscope; picture-in-picture; web-share\" referrerpolicy=\"strict-origin-when-cross-origin\" allowfullscreen><\/iframe>\n<\/div><\/figure>\n\n\n\n<p class=\"wp-block-paragraph\"><strong>Lewis Hamilton<\/strong> vai largar na sexta coloca\u00e7\u00e3o ap\u00f3s a classifica\u00e7\u00e3o disputada neste s\u00e1bado (8) em <strong>Suzuka<\/strong>. E os 0s957 de desvantagem para a volta do pole-position <strong>Max Verstappen<\/strong> n\u00e3o \u00e9 nada animadora para o brit\u00e2nico da <strong>Mercedes<\/strong>.<\/p>\n\n\n\n<p class=\"wp-block-paragraph\">O heptacampe\u00e3o mundial de <strong>F\u00f3rmula 1<\/strong> sente que o carro oscila muito dentro da mesma volta. &#8220;Somos pouco velozes nas retas, mas temos um bom ritmo nos outros setores do circuito. Est\u00e1vamos perdendo apenas 5 a 6 d\u00e9cimos, meio que antecipamos isso, mas geralmente n\u00e3o tinha problema.&#8221;<\/p>\n\n\n\n<p class=\"wp-block-paragraph\"><strong>LEIA MAIS:<\/strong><br><strong>+ Verstappen conquista pole do GP do Jap\u00e3o e\u00a0<a href=\"https:\/\/www.grandepremio.com\/br\/f1\/noticias\/max-verstappen-conquista-pole-japao-domingo-duas-maos-bi-formula-1\/\">vai ao domingo com duas m\u00e3os no bi<\/a>\u00a0da F1<\/strong><\/p>\n\n\n\n<p class=\"wp-block-paragraph\">A esperan\u00e7a de Hamilton passa pelo excelente desempenho que o W13 apresenta durante as corridas e \u00e9 nisso que se apega para ir al\u00e9m na prova japonesa.<\/p>\n\n\n\n<figure class=\"wp-block-image size-large\"><img decoding=\"async\" src=\"https:\/\/www.grandepremio.com\/br\/wp-content\/uploads\/2022\/10\/mercedes-lewishamilton-05-1-1024x683.jpg\" alt=\"\" class=\"wp-image-621626\"\/><figcaption>Hamilton ficou 0s957 atr\u00e1s do pole Verstappen em Suzuka (Foto: Mercedes)<\/figcaption><\/figure>\n\n\n\n<p class=\"wp-block-paragraph\">&#8220;N\u00e3o estivemos muito mal ontem com pista molhada, ficamos mais perto do que hoje. Estou na esperan\u00e7a de um resultado melhor&#8221;, falou Lewis.<\/p>\n\n\n\n<p class=\"wp-block-paragraph\"><strong>\u25b6\ufe0f\u00a0Inscreva-se nos dois canais do GRANDE PR\u00caMIO no YouTube:\u00a0<a href=\"https:\/\/www.youtube.com\/channel\/UC9OlHEgxoaY6QY6nWPoiqQg?sub_confirmation=1\" target=\"_blank\" rel=\"noreferrer noopener\">GP<\/a>\u00a0|\u00a0<a href=\"https:\/\/www.youtube.com\/channel\/UC9csiS6q_C3C0FYhyr1rnFA?sub_confirmation=1\" target=\"_blank\" rel=\"noreferrer noopener\">GP2<\/a><\/strong><br><strong>\u25b6\ufe0f\u00a0<a href=\"https:\/\/www.twitch.tv\/grandepremio\" target=\"_blank\" rel=\"noreferrer noopener\">Conhe\u00e7a o canal do GRANDE PR\u00caMIO na Twitch clicando aqui!<\/a><\/strong><\/p>\n\n\n\n<p class=\"wp-block-paragraph\">Da\u00ed para alcan\u00e7ar quem sabe sua sexta vit\u00f3ria em Suzuka, vai um longo caminho pela frente. A diferen\u00e7a para o pole \u00e9 o principal fator para que Hamilton acredite que sejam remotas as chances de alcan\u00e7ar um resultado desses. &#8220;Depende das condi\u00e7\u00f5es que temos. Esses caras est\u00e3o nove d\u00e9cimos \u00e0 frente e voc\u00ea n\u00e3o vai de nove d\u00e9cimos atr\u00e1s para vencer, \u00e9 complicado&#8221;, completou.<\/p>\n\n\n\n<p class=\"wp-block-paragraph\">O\u00a0<strong>GRANDE PR\u00caMIO<\/strong>\u00a0acompanha\u00a0<a href=\"https:\/\/www.grandepremio.com\/br\/f1\/ao-vivo\"><strong>AO VIVO<\/strong>\u00a0e\u00a0<strong>EM\u00a0<\/strong><\/a><strong><a href=\"https:\/\/www.grandepremio.com\/br\/ao-vivo\/\" target=\"_blank\" rel=\"noreferrer noopener\">TEMPO REAL<\/a><\/strong>\u00a0todas as atividades do\u00a0<strong>GP do Jap\u00e3o<\/strong>\u00a0de\u00a0<a href=\"https:\/\/www.grandepremio.com\/formula-1\/\" target=\"_blank\" rel=\"noreferrer noopener\">F\u00f3rmula 1<\/a>. No domingo, a largada est\u00e1 marcada para as 2h [de Bras\u00edlia, GMT-3].<\/p>\n","protected":false},"excerpt":{"rendered":"<p>O heptacampe\u00e3o mundial criticou a oscila\u00e7\u00e3o do W13 dentro da mesma volta: lenta nas retas, mas com bom rendimento em outros pontos em Suzuka. E a diferen\u00e7a de tempo para o pole-position tamb\u00e9m \u00e9 um fator desanimador para conseguir o primeiro triunfo na temporada<\/p>\n","protected":false},"author":0,"featured_media":1000621612,"comment_status":"closed","ping_status":"closed","sticky":false,"template":"","format":"standard","meta":{"42wp_featured_image_caption":"","42wp_featured_image_credits":"","42wp_featured_video":"","42wp_featured_image_hidden":false,"42wp_authors_list":[],"footnotes":""},"categories":[2],"tags":[147,1357,180,26841,3023,32637,32638,32639,32640,32641,1491,28285,87,203,82,608],"42wp_author":[47128],"class_list":["post-108294","post","type-post","status-publish","format-standard","has-post-thumbnail","hentry","category-f1","tag-f1","tag-f1-2022","tag-formula-1","tag-formula-1-2022","tag-gp-do-japao","tag-gp-do-japao-2022","tag-gp-do-japao-de-f1","tag-gp-do-japao-de-f1-2022","tag-gp-do-japao-de-formula-1","tag-gp-do-japao-de-formula-1-2022","tag-grande-premio","tag-grandepremio","tag-lewis-hamilton","tag-max-verstappen","tag-mercedes","tag-suzuka","42wp_author-guilherme-bloisi"],"_links":{"self":[{"href":"https:\/\/grandepremio.com\/br\/wp-json\/wp\/v2\/posts\/108294","targetHints":{"allow":["GET"]}}],"collection":[{"href":"https:\/\/grandepremio.com\/br\/wp-json\/wp\/v2\/posts"}],"about":[{"href":"https:\/\/grandepremio.com\/br\/wp-json\/wp\/v2\/types\/post"}],"replies":[{"embeddable":true,"href":"https:\/\/grandepremio.com\/br\/wp-json\/wp\/v2\/comments?post=108294"}],"version-history":[{"count":0,"href":"https:\/\/grandepremio.com\/br\/wp-json\/wp\/v2\/posts\/108294\/revisions"}],"wp:featuredmedia":[{"embeddable":true,"href":"https:\/\/grandepremio.com\/br\/wp-json\/wp\/v2\/media\/1000621612"}],"wp:attachment":[{"href":"https:\/\/grandepremio.com\/br\/wp-json\/wp\/v2\/media?parent=108294"}],"wp:term":[{"taxonomy":"category","embeddable":true,"href":"https:\/\/grandepremio.com\/br\/wp-json\/wp\/v2\/categories?post=108294"},{"taxonomy":"post_tag","embeddable":true,"href":"https:\/\/grandepremio.com\/br\/wp-json\/wp\/v2\/tags?post=108294"},{"taxonomy":"42wp_author","embeddable":true,"href":"https:\/\/grandepremio.com\/br\/wp-json\/wp\/v2\/42wp_author?post=108294"}],"curies":[{"name":"wp","href":"https:\/\/api.w.org\/{rel}","templated":true}]}}