{"id":108295,"date":"2022-10-08T05:45:40","date_gmt":"2022-10-08T08:45:40","guid":{"rendered":"https:\/\/grandepremio.com\/br\/noticias\/sergio-perez-lamenta-quarto-lugar-suzuka-assume-culpa-poderia-ter-feito-volta-melhor\/"},"modified":"2022-10-08T05:47:07","modified_gmt":"2022-10-08T08:47:07","slug":"sergio-perez-lamenta-quarto-lugar-suzuka-assume-culpa-poderia-ter-feito-volta-melhor","status":"publish","type":"post","link":"https:\/\/grandepremio.com\/br\/f1\/sergio-perez-lamenta-quarto-lugar-suzuka-assume-culpa-poderia-ter-feito-volta-melhor\/","title":{"rendered":"P\u00e9rez lamenta 4\u00ba lugar em Suzuka e assume culpa: &#8220;Poderia ter feito volta melhor&#8221;"},"content":{"rendered":"\n<p class=\"wp-block-paragraph\">Com 1min29s709 na parte final do <a href=\"https:\/\/www.grandepremio.com\/br\/f1\/noticias\/max-verstappen-conquista-pole-japao-domingo-duas-maos-bi-formula-1\/\" class=\"ek-link\">treino classificat\u00f3rio<\/a> da F1 em Suzuka, neste s\u00e1bado (8), Sergio P\u00e9rez garantiu lugar na segunda fila do grid de largada para o GP do Jap\u00e3o. A 4\u00aa coloca\u00e7\u00e3o, no entanto, foi motivo de lamenta\u00e7\u00e3o para o piloto ap\u00f3s a sess\u00e3o.<\/p>\n\n\n\n<p class=\"wp-block-paragraph\">Isso porque, de acordo com &#8216;Checo&#8217;, a Red Bull poderia ter conquistado mais na classifica\u00e7\u00e3o japonesa. Enquanto o top-3 \u2014 composto por Max Verstappen, Charles Leclerc e Carlos Sainz \u2014 ficou separado por somente 0s057, P\u00e9rez terminou 0s405 atr\u00e1s do pole-position.<\/p>\n\n\n\n<p class=\"wp-block-paragraph\"><strong>\u25b6\ufe0f\u00a0Inscreva-se nos dois canais do GRANDE PR\u00caMIO no YouTube:\u00a0<a href=\"https:\/\/www.youtube.com\/channel\/UC9OlHEgxoaY6QY6nWPoiqQg?sub_confirmation=1\" target=\"_blank\" rel=\"noreferrer noopener\">GP<\/a>\u00a0|\u00a0<a href=\"https:\/\/www.youtube.com\/channel\/UC9csiS6q_C3C0FYhyr1rnFA?sub_confirmation=1\" target=\"_blank\" rel=\"noreferrer noopener\">GP2<\/a><\/strong><br><strong>\u25b6\ufe0f\u00a0<a href=\"https:\/\/www.twitch.tv\/grandepremio\" target=\"_blank\" rel=\"noreferrer noopener\">Conhe\u00e7a o canal do GRANDE PR\u00caMIO na Twitch clicando aqui!<\/a><\/strong><\/p>\n\n\n\n<figure class=\"wp-block-image size-large\"><img decoding=\"async\" src=\"https:\/\/www.grandepremio.com\/br\/wp-content\/uploads\/2022\/10\/redbull-sergioperez-01-6-1024x683.jpg\" alt=\"\" class=\"wp-image-621598\"\/><figcaption>&#8216;Checo&#8217; lamentou performance na classifica\u00e7\u00e3o em Suzuka (Foto: Red Bull Content Pool)<\/figcaption><\/figure>\n\n\n\n<p class=\"wp-block-paragraph\">&#8220;\u00c9 uma pena desperdi\u00e7ar (oportunidade). Minha \u00faltima volta \u2014 especialmente a primeira do Q3 \u2014 n\u00e3o foi \u00f3tima, poderia ter feito uma melhor. Infelizmente, n\u00e3o consegui. Mas estamos em 4\u00ba e, amanh\u00e3, vamos acelerar muito e lutar a partir da\u00ed&#8221;, ponderou &#8216;Checo&#8217;.<\/p>\n\n\n\n<p class=\"wp-block-paragraph\">P\u00e9rez, inclusive, fez quest\u00e3o de n\u00e3o abaixar a cabe\u00e7a para a corrida \u2014 apesar do rendimento abaixo do esperado no treino classificat\u00f3rio. &#8220;\u00c9 um caminho muito, muito longo pela frente amanh\u00e3. Qualquer coisa pode acontecer&#8221;, concluiu. <\/p>\n\n\n\n<p class=\"wp-block-paragraph\">O\u00a0<strong>GRANDE PR\u00caMIO<\/strong>\u00a0acompanha\u00a0<a href=\"https:\/\/www.grandepremio.com\/br\/f1\/ao-vivo\"><strong>AO VIVO<\/strong>\u00a0e\u00a0<strong>EM\u00a0<\/strong><\/a><strong><a href=\"https:\/\/www.grandepremio.com\/br\/ao-vivo\/\" target=\"_blank\" rel=\"noreferrer noopener\">TEMPO REAL<\/a><\/strong>\u00a0todas as atividades do\u00a0<strong>GP do Jap\u00e3o<\/strong>\u00a0de\u00a0F\u00f3rmula 1. No domingo, a largada est\u00e1 marcada para as 2h [de Bras\u00edlia, GMT-3].<\/p>\n\n\n\n<figure class=\"wp-block-embed is-type-video is-provider-youtube wp-block-embed-youtube wp-embed-aspect-16-9 wp-has-aspect-ratio\"><div class=\"wp-block-embed__wrapper\">\n<iframe loading=\"lazy\" title=\"F1, CLASSIFICA\u00c7\u00c3O JAP\u00c3O: VERSTAPPEN POLE. LECLERC 2\u00ba. GASLY NA ALPINE | Briefing\" width=\"500\" height=\"281\" src=\"https:\/\/www.youtube.com\/embed\/OykvqRKvIGE?feature=oembed\" frameborder=\"0\" allow=\"accelerometer; autoplay; clipboard-write; encrypted-media; gyroscope; picture-in-picture; web-share\" referrerpolicy=\"strict-origin-when-cross-origin\" allowfullscreen><\/iframe>\n<\/div><figcaption>F1 2022 AO VIVO: VERSTAPPEN POLE NO JAP\u00c3O. LECLERC 2\u00ba. GASLY NA ALPINE | Briefing<\/figcaption><\/figure>\n","protected":false},"excerpt":{"rendered":"<p>&#8216;Checo&#8217; afirmou que sua primeira volta no Q3 &#8220;n\u00e3o foi \u00f3tima&#8221;. Ainda assim, piloto da Red Bull fez quest\u00e3o de n\u00e3o abaixar a cabe\u00e7a para a corrida \u2014 apesar do rendimento abaixo do esperado no treino classificat\u00f3rio<\/p>\n","protected":false},"author":0,"featured_media":1000621485,"comment_status":"closed","ping_status":"closed","sticky":false,"template":"","format":"standard","meta":{"42wp_featured_image_caption":"","42wp_featured_image_credits":"","42wp_featured_video":"","42wp_featured_image_hidden":false,"42wp_authors_list":[],"footnotes":""},"categories":[2],"tags":[147,1357,180,26841,3023,32637,32638,32639,32640,32641,1491,28285,27382,204,3132,608],"42wp_author":[47143],"class_list":["post-108295","post","type-post","status-publish","format-standard","has-post-thumbnail","hentry","category-f1","tag-f1","tag-f1-2022","tag-formula-1","tag-formula-1-2022","tag-gp-do-japao","tag-gp-do-japao-2022","tag-gp-do-japao-de-f1","tag-gp-do-japao-de-f1-2022","tag-gp-do-japao-de-formula-1","tag-gp-do-japao-de-formula-1-2022","tag-grande-premio","tag-grandepremio","tag-perez","tag-red-bull","tag-sergio-perez","tag-suzuka","42wp_author-felipe-leite"],"_links":{"self":[{"href":"https:\/\/grandepremio.com\/br\/wp-json\/wp\/v2\/posts\/108295","targetHints":{"allow":["GET"]}}],"collection":[{"href":"https:\/\/grandepremio.com\/br\/wp-json\/wp\/v2\/posts"}],"about":[{"href":"https:\/\/grandepremio.com\/br\/wp-json\/wp\/v2\/types\/post"}],"replies":[{"embeddable":true,"href":"https:\/\/grandepremio.com\/br\/wp-json\/wp\/v2\/comments?post=108295"}],"version-history":[{"count":0,"href":"https:\/\/grandepremio.com\/br\/wp-json\/wp\/v2\/posts\/108295\/revisions"}],"wp:featuredmedia":[{"embeddable":true,"href":"https:\/\/grandepremio.com\/br\/wp-json\/wp\/v2\/media\/1000621485"}],"wp:attachment":[{"href":"https:\/\/grandepremio.com\/br\/wp-json\/wp\/v2\/media?parent=108295"}],"wp:term":[{"taxonomy":"category","embeddable":true,"href":"https:\/\/grandepremio.com\/br\/wp-json\/wp\/v2\/categories?post=108295"},{"taxonomy":"post_tag","embeddable":true,"href":"https:\/\/grandepremio.com\/br\/wp-json\/wp\/v2\/tags?post=108295"},{"taxonomy":"42wp_author","embeddable":true,"href":"https:\/\/grandepremio.com\/br\/wp-json\/wp\/v2\/42wp_author?post=108295"}],"curies":[{"name":"wp","href":"https:\/\/api.w.org\/{rel}","templated":true}]}}