{"id":108302,"date":"2022-10-08T04:26:00","date_gmt":"2022-10-08T07:26:00","guid":{"rendered":"https:\/\/grandepremio.com\/br\/noticias\/carlos-sainz-ferrari-boa-posicao-atacar-max-verstappen-suzuka\/"},"modified":"2022-10-08T04:27:51","modified_gmt":"2022-10-08T07:27:51","slug":"carlos-sainz-ferrari-boa-posicao-atacar-max-verstappen-suzuka","status":"publish","type":"post","link":"https:\/\/grandepremio.com\/br\/f1\/carlos-sainz-ferrari-boa-posicao-atacar-max-verstappen-suzuka\/","title":{"rendered":"3\u00ba, Sainz v\u00ea Ferrari &#8220;em boa posi\u00e7\u00e3o&#8221; para atacar Verstappen em Suzuka"},"content":{"rendered":"\n<p class=\"wp-block-paragraph\">Pela 13\u00aa vez nesta temporada, Carlos Sainz ir\u00e1 iniciar uma corrida entre os tr\u00eas primeiros colocados. Neste s\u00e1bado (8), o piloto da Ferrari garantiu o terceiro lugar no grid de largada para o GP do Jap\u00e3o de F\u00f3rmula 1 \u2014 Max Verstappen <a href=\"https:\/\/www.grandepremio.com\/br\/f1\/noticias\/max-verstappen-conquista-pole-japao-domingo-duas-maos-bi-formula-1\/\" class=\"ek-link\">foi o pole-position.<\/a><\/p>\n\n\n\n<p class=\"wp-block-paragraph\"><strong>\u25b6\ufe0f&nbsp;Inscreva-se nos dois canais do GRANDE PR\u00caMIO no YouTube:&nbsp;<a href=\"https:\/\/www.youtube.com\/channel\/UC9OlHEgxoaY6QY6nWPoiqQg?sub_confirmation=1\" target=\"_blank\" rel=\"noreferrer noopener\">GP<\/a>&nbsp;|&nbsp;<a href=\"https:\/\/www.youtube.com\/channel\/UC9csiS6q_C3C0FYhyr1rnFA?sub_confirmation=1\" target=\"_blank\" rel=\"noreferrer noopener\">GP2<\/a><\/strong><br><strong>\u25b6\ufe0f&nbsp;<a href=\"https:\/\/www.twitch.tv\/grandepremio\" target=\"_blank\" rel=\"noreferrer noopener\">Conhe\u00e7a o canal do GRANDE PR\u00caMIO na Twitch clicando aqui!<\/a><\/strong><\/p>\n\n\n\n<p class=\"wp-block-paragraph\">0s057 atr\u00e1s do holand\u00eas e com tempo 0s047 pior do que o companheiro de escuderia italiana, Charles Leclerc, Sainz mais uma vez lamentou ficar perto da pole-position e n\u00e3o conquist\u00e1-la. O espanhol tamb\u00e9m admitiu ver a Ferrari em uma &#8220;boa posi\u00e7\u00e3o&#8221; para atacar Verstappen na corrida em Suzuka, que promete chuva.<\/p>\n\n\n\n<figure class=\"wp-block-image size-large\"><img decoding=\"async\" src=\"https:\/\/www.grandepremio.com\/br\/wp-content\/uploads\/2022\/10\/ferrari-carlossainz-afp-03-3-1024x683.jpg\" alt=\"\" class=\"wp-image-621500\"\/><figcaption>Carlos Sainz lamentou mais uma vez somente passar perto da pole (Foto: AFP) <\/figcaption><\/figure>\n\n\n\n<p class=\"wp-block-paragraph\">&#8220;Foi uma boa volta, muito limpa. \u00c9 uma pena ficar 0s05 atr\u00e1s do tempo da pole-position de novo. J\u00e1 passamos por muitas classifica\u00e7\u00f5es com Max e Charles \u00e0 frente, e eu (fiquei) este tanto atr\u00e1s. Os outros 0s05 tendem a ir mais para o outro lado. Espero que daqui at\u00e9 o fim da temporada, este meio d\u00e9cimo venha mais para o meu lado e que eu consiga uma pole-position&#8221;, analisou o espanhol.<\/p>\n\n\n\n<p class=\"wp-block-paragraph\">&#8220;O clima amanh\u00e3 vai fazer o seu jogo. A chuva vir\u00e1, n\u00e3o sabemos exatamente quando. Muitas coisas podem acontecer amanh\u00e3. H\u00e1 tamb\u00e9m uma melhor oportunidade em largar na terceira posi\u00e7\u00e3o, conseguimos salvar tamb\u00e9m um novo jogo de pneus macios \u2014 caso precisemos deles. Estamos em uma boa posi\u00e7\u00e3o para batalhar contra Max amanh\u00e3&#8221;, completou Sainz.<\/p>\n\n\n\n<p class=\"wp-block-paragraph\">O\u00a0<strong>GRANDE PR\u00caMIO<\/strong>\u00a0acompanha\u00a0<a href=\"https:\/\/www.grandepremio.com\/br\/f1\/ao-vivo\"><strong>AO VIVO<\/strong>\u00a0e\u00a0<strong>EM\u00a0<\/strong><\/a><strong><a href=\"https:\/\/www.grandepremio.com\/br\/ao-vivo\/\" target=\"_blank\" rel=\"noreferrer noopener\">TEMPO REAL<\/a><\/strong>\u00a0todas as atividades do\u00a0<strong>GP do Jap\u00e3o<\/strong>\u00a0de\u00a0F\u00f3rmula 1. No domingo, a largada est\u00e1 marcada para as 2h [de Bras\u00edlia, GMT-3].<\/p>\n\n\n\n<figure class=\"wp-block-embed is-type-video is-provider-youtube wp-block-embed-youtube wp-embed-aspect-16-9 wp-has-aspect-ratio\"><div class=\"wp-block-embed__wrapper\">\n<iframe loading=\"lazy\" title=\"F1, CLASSIFICA\u00c7\u00c3O JAP\u00c3O: VERSTAPPEN POLE. LECLERC 2\u00ba. GASLY NA ALPINE | Briefing\" width=\"500\" height=\"281\" src=\"https:\/\/www.youtube.com\/embed\/OykvqRKvIGE?feature=oembed\" frameborder=\"0\" allow=\"accelerometer; autoplay; clipboard-write; encrypted-media; gyroscope; picture-in-picture; web-share\" referrerpolicy=\"strict-origin-when-cross-origin\" allowfullscreen><\/iframe>\n<\/div><figcaption>F1 2022 AO VIVO: VERSTAPPEN POLE NO JAP\u00c3O. LECLERC 2\u00ba. GASLY NA ALPINE | Briefing<\/figcaption><\/figure>\n","protected":false},"excerpt":{"rendered":"<p>Espanhol da Ferrari tamb\u00e9m lamentou, mais uma vez, somente chegar perto da pole-position e n\u00e3o conquist\u00e1-la \u2014 Sainz ficou 0s057 atr\u00e1s do holand\u00eas da Red Bull<\/p>\n","protected":false},"author":0,"featured_media":1000621576,"comment_status":"closed","ping_status":"closed","sticky":false,"template":"","format":"standard","meta":{"42wp_featured_image_caption":"","42wp_featured_image_credits":"","42wp_featured_video":"","42wp_featured_image_hidden":false,"42wp_authors_list":[],"footnotes":""},"categories":[2],"tags":[546,147,1357,207,180,26841,3023,32637,32638,32639,32640,32641,1491,28285,203,204,7672,608,9685],"42wp_author":[47143],"class_list":["post-108302","post","type-post","status-publish","format-standard","has-post-thumbnail","hentry","category-f1","tag-carlos-sainz","tag-f1","tag-f1-2022","tag-ferrari","tag-formula-1","tag-formula-1-2022","tag-gp-do-japao","tag-gp-do-japao-2022","tag-gp-do-japao-de-f1","tag-gp-do-japao-de-f1-2022","tag-gp-do-japao-de-formula-1","tag-gp-do-japao-de-formula-1-2022","tag-grande-premio","tag-grandepremio","tag-max-verstappen","tag-red-bull","tag-sainz","tag-suzuka","tag-verstappen","42wp_author-felipe-leite"],"_links":{"self":[{"href":"https:\/\/grandepremio.com\/br\/wp-json\/wp\/v2\/posts\/108302","targetHints":{"allow":["GET"]}}],"collection":[{"href":"https:\/\/grandepremio.com\/br\/wp-json\/wp\/v2\/posts"}],"about":[{"href":"https:\/\/grandepremio.com\/br\/wp-json\/wp\/v2\/types\/post"}],"replies":[{"embeddable":true,"href":"https:\/\/grandepremio.com\/br\/wp-json\/wp\/v2\/comments?post=108302"}],"version-history":[{"count":0,"href":"https:\/\/grandepremio.com\/br\/wp-json\/wp\/v2\/posts\/108302\/revisions"}],"wp:featuredmedia":[{"embeddable":true,"href":"https:\/\/grandepremio.com\/br\/wp-json\/wp\/v2\/media\/1000621576"}],"wp:attachment":[{"href":"https:\/\/grandepremio.com\/br\/wp-json\/wp\/v2\/media?parent=108302"}],"wp:term":[{"taxonomy":"category","embeddable":true,"href":"https:\/\/grandepremio.com\/br\/wp-json\/wp\/v2\/categories?post=108302"},{"taxonomy":"post_tag","embeddable":true,"href":"https:\/\/grandepremio.com\/br\/wp-json\/wp\/v2\/tags?post=108302"},{"taxonomy":"42wp_author","embeddable":true,"href":"https:\/\/grandepremio.com\/br\/wp-json\/wp\/v2\/42wp_author?post=108302"}],"curies":[{"name":"wp","href":"https:\/\/api.w.org\/{rel}","templated":true}]}}