{"id":108306,"date":"2022-10-08T02:57:29","date_gmt":"2022-10-08T05:57:29","guid":{"rendered":"https:\/\/grandepremio.com\/br\/noticias\/aston-martin-pede-paciencia-objetivo-e-desenvolver-felipe-drugovich-formula-1\/"},"modified":"2022-10-08T02:58:52","modified_gmt":"2022-10-08T05:58:52","slug":"aston-martin-pede-paciencia-objetivo-e-desenvolver-felipe-drugovich-formula-1","status":"publish","type":"post","link":"https:\/\/grandepremio.com\/br\/f1\/aston-martin-pede-paciencia-objetivo-e-desenvolver-felipe-drugovich-formula-1\/","title":{"rendered":"Aston Martin pede paci\u00eancia e diz que &#8220;objetivo \u00e9 desenvolver&#8221; Drugovich na F1"},"content":{"rendered":"\n<p class=\"wp-block-paragraph\">Tr\u00eas anos ap\u00f3s conquistar a <strong>F\u00f3rmula 2<\/strong>, o holand\u00eas <strong>Nyck De Vries<\/strong> <a href=\"https:\/\/www.grandepremio.com\/br\/f1\/noticias\/alphatauri-encerra-novela-anuncia-nyck-de-vries-temporada-2023-formula-1\/\" class=\"ek-link\">finalmente conseguiu sua chance na <strong>F\u00f3rmula 1<\/strong> e vai correr com a <strong>AlphaTauri<\/strong> em 2023<\/a>. O caso lembra a situa\u00e7\u00e3o de <strong>Felipe Drugovich<\/strong>, atual campe\u00e3o da F2, e que teve que se contentar com uma vaga de reserva na<strong> Aston Martin<\/strong>.<strong> Mike Krack<\/strong>, chefe da equipe brit\u00e2nica, ressaltou que o brasileiro vai precisar de paci\u00eancia para chegar \u00e0 principal categoria do automobilismo mundial e preferiu n\u00e3o comparar os dois pilotos.<\/p>\n\n\n\n<p class=\"wp-block-paragraph\">&#8220;Voc\u00ea disse tudo \u2013 paci\u00eancia. Uma coisa que voc\u00ea sempre tem quando olha para os pilotos \u00e9 que, muitas vezes, se eles n\u00e3o est\u00e3o ganhando na F2 no primeiro ano ou na F3 no primeiro ano, eles rapidamente s\u00e3o rotulados numa gaveta como segundo melhores, o que acho que, especialmente no caso de Nyck, n\u00e3o \u00e9 um julgamento justo&#8221;, afirmou Krack durante entrevista coletiva neste s\u00e1bado (8) no Jap\u00e3o.<\/p>\n\n\n\n<p class=\"wp-block-paragraph\">Ainda que Drugovich n\u00e3o tenha um bom cen\u00e1rio para chegar a F\u00f3rmula 1 na Aston Martin em breve, a equipe sabe do potencial do jovem de 22 anos. Mike elogiou o temperamento do piloto de Londrina, que foi o primeiro a conquistar o t\u00edtulo da F\u00f3rmula 2 sem pilotar pela Prema ou ART.<\/p>\n\n\n\n<figure class=\"wp-block-image size-full\"><img decoding=\"async\" src=\"https:\/\/www.grandepremio.com\/br\/wp-content\/uploads\/2020\/05\/Felipe-Drugovich-f2-Italia-e1662829250217.jpeg\" alt=\"\" class=\"wp-image-613278\"\/><figcaption>Felipe Drugovich comemora o t\u00edtulo da F\u00f3rmula 2 (Foto: Reprodu\u00e7\u00e3o\/F2)<\/figcaption><\/figure>\n\n\n\n<p class=\"wp-block-paragraph\">&#8220;Sim, n\u00f3s observamos o Felipe. Ficamos bastante impressionados com a maturidade de suas corridas. Ele n\u00e3o foi cabe\u00e7a quente em muitas, muitas corridas, trouxe o carro para casa e foi um dos poucos n\u00e3o afiliados a um programa j\u00fanior, a uma academia. Eles seguiram seu pr\u00f3prio caminho e isso \u00e9 bastante impressionante&#8221;, contou o dirigente luxemburgu\u00eas. <\/p>\n\n\n\n<p class=\"wp-block-paragraph\">&#8220;At\u00e9 mesmo escolher, talvez n\u00e3o uma das equipes mais famosas para seu terceiro ano, acho que mostra o tipo de autoconfian\u00e7a que eles tinham. E eles trouxeram o t\u00edtulo para casa e para n\u00f3s isso foi muito impressionante. Ent\u00e3o, acho que Felipe e seu entorno s\u00e3o muito profissionais, t\u00eam um entendimento muito bom do panorama e ter\u00e3o a paci\u00eancia necess\u00e1ria para Felipe entrar na F1&#8221;, afirmou Krack.<\/p>\n\n\n\n<p class=\"wp-block-paragraph\"><strong>\u25b6\ufe0f\u00a0Inscreva-se nos dois canais do GRANDE PR\u00caMIO no YouTube:\u00a0<a href=\"https:\/\/www.youtube.com\/channel\/UC9OlHEgxoaY6QY6nWPoiqQg?sub_confirmation=1\" target=\"_blank\" rel=\"noreferrer noopener\">GP<\/a>\u00a0|\u00a0<a href=\"https:\/\/www.youtube.com\/channel\/UC9csiS6q_C3C0FYhyr1rnFA?sub_confirmation=1\" target=\"_blank\" rel=\"noreferrer noopener\">GP2<\/a><\/strong><br><strong>\u25b6\ufe0f\u00a0<a href=\"https:\/\/www.twitch.tv\/grandepremio\" target=\"_blank\" rel=\"noreferrer noopener\">Conhe\u00e7a o canal do GRANDE PR\u00caMIO na Twitch clicando aqui!<\/a><\/strong><\/p>\n\n\n\n<figure class=\"wp-block-image size-large\"><img decoding=\"async\" src=\"https:\/\/www.grandepremio.com\/br\/wp-content\/uploads\/2022\/09\/Drugovich-na-Aston-Martin2-683x1024.jpg\" alt=\"\" class=\"wp-image-616425\"\/><figcaption>Felipe Drugovich em seu primeiro trabalho com a Aston Martin (Foto: Aston Martin)<\/figcaption><\/figure>\n\n\n\n<p class=\"wp-block-paragraph\">Questionado sobre qual \u00e9 o plano para o futuro pr\u00f3ximo com Drugovich, Mike novamente confirmou a participa\u00e7\u00e3o do brasileiro no primeiro treino do <strong>GP de Abu Dhabi<\/strong>, \u00faltima etapa da temporada de 2022 da F\u00f3rmula 1. Mas o restante do programa de desenvolvimento com Felipe ainda est\u00e1 sendo discutido para o pr\u00f3ximo ano para prepar\u00e1-lo para uma vaga na categoria.<\/p>\n\n\n\n<p class=\"wp-block-paragraph\">&#8220;Felipe far\u00e1 o TL1 em Abu Dhabi para n\u00f3s. Felipe tamb\u00e9m far\u00e1 o teste de jovem pilotos depois disso, e ent\u00e3o veremos o que acontecer\u00e1 no pr\u00f3ximo ano. Estamos discutindo sobre o programa que vamos fazer. Ent\u00e3o, sim, est\u00e1 aberto no momento. Como eu disse, est\u00e1 em discuss\u00e3o, mas claramente o objetivo \u00e9 desenvolv\u00ea-lo e traz\u00ea-lo para o n\u00edvel em que ele possa saltar no momento&#8221;, concluiu Krack.<\/p>\n\n\n\n<p class=\"wp-block-paragraph\">O&nbsp;<strong>GRANDE PR\u00caMIO<\/strong>&nbsp;acompanha&nbsp;<a href=\"https:\/\/www.grandepremio.com\/br\/f1\/ao-vivo\"><strong>AO VIVO<\/strong>&nbsp;e&nbsp;<strong>EM&nbsp;<\/strong><\/a><strong><a href=\"https:\/\/www.grandepremio.com\/br\/ao-vivo\/\" target=\"_blank\" rel=\"noreferrer noopener\">TEMPO REAL<\/a><\/strong>&nbsp;todas as atividades do&nbsp;<strong>GP do Jap\u00e3o<\/strong>&nbsp;de&nbsp;<a href=\"https:\/\/www.grandepremio.com\/formula-1\/\" target=\"_blank\" rel=\"noreferrer noopener\">F\u00f3rmula 1<\/a>. Logo mais, a classifica\u00e7\u00e3o come\u00e7a \u00e0s 3h [de Bras\u00edlia, GMT-3], enquanto, no domingo, a largada \u00e9 \u00e0s 2h.<\/p>\n","protected":false},"excerpt":{"rendered":"<p>Mike Krack, chefe da Aston Martin, preferiu n\u00e3o comparar o caso de Nyck De Vries com o do brasileiro Felipe Drugovich e afirmou que plano para o brasileiro na equipe ainda est\u00e1 em aberto<\/p>\n","protected":false},"author":0,"featured_media":1000616855,"comment_status":"closed","ping_status":"closed","sticky":false,"template":"","format":"standard","meta":{"42wp_featured_image_caption":"","42wp_featured_image_credits":"","42wp_featured_video":"","42wp_featured_image_hidden":false,"42wp_authors_list":[],"footnotes":""},"categories":[2],"tags":[524,309,147,1357,1024,180,26841,2208,29650,3023,32637,1491,30559,1556],"42wp_author":[47144],"class_list":["post-108306","post","type-post","status-publish","format-standard","has-post-thumbnail","hentry","category-f1","tag-alphatauri","tag-aston-martin","tag-f1","tag-f1-2022","tag-felipe-drugovich","tag-formula-1","tag-formula-1-2022","tag-formula-2","tag-formula-2-2022","tag-gp-do-japao","tag-gp-do-japao-2022","tag-grande-premio","tag-mike-krack","tag-nyck-de-vries","42wp_author-andre-netto"],"_links":{"self":[{"href":"https:\/\/grandepremio.com\/br\/wp-json\/wp\/v2\/posts\/108306","targetHints":{"allow":["GET"]}}],"collection":[{"href":"https:\/\/grandepremio.com\/br\/wp-json\/wp\/v2\/posts"}],"about":[{"href":"https:\/\/grandepremio.com\/br\/wp-json\/wp\/v2\/types\/post"}],"replies":[{"embeddable":true,"href":"https:\/\/grandepremio.com\/br\/wp-json\/wp\/v2\/comments?post=108306"}],"version-history":[{"count":0,"href":"https:\/\/grandepremio.com\/br\/wp-json\/wp\/v2\/posts\/108306\/revisions"}],"wp:featuredmedia":[{"embeddable":true,"href":"https:\/\/grandepremio.com\/br\/wp-json\/wp\/v2\/media\/1000616855"}],"wp:attachment":[{"href":"https:\/\/grandepremio.com\/br\/wp-json\/wp\/v2\/media?parent=108306"}],"wp:term":[{"taxonomy":"category","embeddable":true,"href":"https:\/\/grandepremio.com\/br\/wp-json\/wp\/v2\/categories?post=108306"},{"taxonomy":"post_tag","embeddable":true,"href":"https:\/\/grandepremio.com\/br\/wp-json\/wp\/v2\/tags?post=108306"},{"taxonomy":"42wp_author","embeddable":true,"href":"https:\/\/grandepremio.com\/br\/wp-json\/wp\/v2\/42wp_author?post=108306"}],"curies":[{"name":"wp","href":"https:\/\/api.w.org\/{rel}","templated":true}]}}