{"id":108328,"date":"2022-10-07T07:30:41","date_gmt":"2022-10-07T10:30:41","guid":{"rendered":"https:\/\/grandepremio.com\/br\/noticias\/charles-leclerc-ve-alto-desgaste-pneus-mira-adaptacao-rapida-tl3-suzuka\/"},"modified":"2022-10-07T07:32:15","modified_gmt":"2022-10-07T10:32:15","slug":"charles-leclerc-ve-alto-desgaste-pneus-mira-adaptacao-rapida-tl3-suzuka","status":"publish","type":"post","link":"https:\/\/grandepremio.com\/br\/f1\/charles-leclerc-ve-alto-desgaste-pneus-mira-adaptacao-rapida-tl3-suzuka\/","title":{"rendered":"Leclerc v\u00ea alto desgaste de pneus e mira &#8220;adapta\u00e7\u00e3o r\u00e1pida&#8221; para TL3 em Suzuka"},"content":{"rendered":"\n<figure class=\"wp-block-embed is-type-video is-provider-youtube wp-block-embed-youtube wp-embed-aspect-16-9 wp-has-aspect-ratio\"><div class=\"wp-block-embed__wrapper\">\n<iframe loading=\"lazy\" title=\"F1, TREINOS LIVRES JAP\u00c3O: RUSSELL LIDERA, VERSTAPPEN 3\u00ba E LATIFI ERRA PITS | Briefing\" width=\"500\" height=\"281\" src=\"https:\/\/www.youtube.com\/embed\/q8WlC3B4QY8?feature=oembed\" frameborder=\"0\" allow=\"accelerometer; autoplay; clipboard-write; encrypted-media; gyroscope; picture-in-picture; web-share\" referrerpolicy=\"strict-origin-when-cross-origin\" allowfullscreen><\/iframe>\n<\/div><\/figure>\n\n\n\n<p class=\"wp-block-paragraph\">Para quem est\u00e1 na vice-lideran\u00e7a do <strong>Mundial de F\u00f3rmula 1<\/strong> em 2022, <strong>Charles Leclerc<\/strong> teve um desempenho aqu\u00e9m do esperado nesta sexta-feira (7), ao ficar apenas na 11\u00aa coloca\u00e7\u00e3o no TL2, 2s774 atr\u00e1s do l\u00edder <strong>George Russell<\/strong>, em<strong> Suzuka<\/strong>.<\/p>\n\n\n\n<p class=\"wp-block-paragraph\">Embora a chuva tenha embaralhado um pouco as coisas, o monegasco da <strong>Ferrari<\/strong> teve, ao menos, o que comemorar com a performance do carro durante a primeira sess\u00e3o de treinos livres. <\/p>\n\n\n\n<p class=\"wp-block-paragraph\"><strong>LEIA MAIS:<br>+ Russell lidera 1-2 da Mercedes\u00a0<a href=\"https:\/\/www.grandepremio.com\/br\/f1\/noticias\/george-russell-lidera-1-2-mercedes-chuva-japao-nicholas-latifi-erra-pit-lane\/\">em TL2 com chuva<\/a>\u00a0no GP do Jap\u00e3o. Latifi erra pit-lane<br>+ Alonso\u00a0<a href=\"https:\/\/www.grandepremio.com\/br\/f1\/noticias\/fernando-alonso-volta-hora-certa-lidera-tl1-marcado-chuva-japao\/\">d\u00e1 volta na hora certa e lidera TL1<\/a>\u00a0do GP do Jap\u00e3o marcado pela chuva<\/strong><\/p>\n\n\n\n<p class=\"wp-block-paragraph\">&#8220;Ali, correu tudo bem, tive uma sensa\u00e7\u00e3o no carro. No geral, foi uma dia muito bom, acredito que s\u00f3 precisamos juntar tudo amanh\u00e3&#8221;, disse Charles.<\/p>\n\n\n\n<figure class=\"wp-block-image size-large\"><img decoding=\"async\" src=\"https:\/\/www.grandepremio.com\/br\/wp-content\/uploads\/2022\/10\/ferrari-charlesleclerc-02-3-1024x683.jpg\" alt=\"\" class=\"wp-image-621136\"\/><figcaption>Leclerc busca adapta\u00e7\u00e3o r\u00e1pida \u00e0 pista seca durante o TL3 em Suzuka (Foto: Ferrari)<\/figcaption><\/figure>\n\n\n\n<p class=\"wp-block-paragraph\">Leclerc busca diminuir ainda mais a diferen\u00e7a para o l\u00edder <strong>Max Verstappen<\/strong> e evitar que o holand\u00eas da <strong>Red Bull<\/strong> seja bicampe\u00e3o j\u00e1 neste final de semana. Mas, para isso, ter\u00e1 de superar junto \u00e0 equipe problemas vividos com o desgaste dos pneus.<\/p>\n\n\n\n<p class=\"wp-block-paragraph\"><strong>\u25b6\ufe0f\u00a0Inscreva-se nos dois canais do GRANDE PR\u00caMIO no YouTube:\u00a0<a href=\"https:\/\/www.youtube.com\/channel\/UC9OlHEgxoaY6QY6nWPoiqQg?sub_confirmation=1\" target=\"_blank\" rel=\"noreferrer noopener\">GP<\/a>\u00a0|\u00a0<a href=\"https:\/\/www.youtube.com\/channel\/UC9csiS6q_C3C0FYhyr1rnFA?sub_confirmation=1\" target=\"_blank\" rel=\"noreferrer noopener\">GP2<\/a><\/strong><br><strong>\u25b6\ufe0f\u00a0<a href=\"https:\/\/www.twitch.tv\/grandepremio\" target=\"_blank\" rel=\"noreferrer noopener\">Conhe\u00e7a o canal do GRANDE PR\u00caMIO na Twitch clicando aqui!<\/a><\/strong><\/p>\n\n\n\n<p class=\"wp-block-paragraph\">&#8220;Estavam completamente deteriorados, por isso sentimos muitas dificuldades durante o TL2. H\u00e1 muito de aprendizado, ent\u00e3o, foi positivo e, agora, \u00e9 aguardar amanh\u00e3, pois as condi\u00e7\u00f5es clim\u00e1ticas v\u00e3o mudar muito e o TL3 ter\u00e1 tudo a ver com quem se adaptar mais r\u00e1pido com o clima&#8221;, afirmou o monegasco.<\/p>\n\n\n\n<p class=\"wp-block-paragraph\">O\u00a0<strong>GRANDE PR\u00caMIO<\/strong>\u00a0acompanha\u00a0<a href=\"https:\/\/www.grandepremio.com\/br\/f1\/ao-vivo\"><strong>AO VIVO<\/strong>\u00a0e\u00a0<strong>EM\u00a0<\/strong><\/a><strong><a href=\"https:\/\/www.grandepremio.com\/br\/ao-vivo\/\" target=\"_blank\" rel=\"noreferrer noopener\">TEMPO REAL<\/a><\/strong>\u00a0todas as atividades do\u00a0<strong>GP do Jap\u00e3o<\/strong>\u00a0de\u00a0<a href=\"https:\/\/www.grandepremio.com\/formula-1\/\" target=\"_blank\" rel=\"noreferrer noopener\">F\u00f3rmula 1<\/a>. No s\u00e1bado, o TL3 come\u00e7a \u00e0 0h [de Bras\u00edlia, GMT-3], enquanto a classifica\u00e7\u00e3o inicia \u00e0s 3h.<\/p>\n","protected":false},"excerpt":{"rendered":"<p>Vice-l\u00edder da temporada 2022, Leclerc fechou sexta-feira em Suzuka apenas em 11\u00ba e botou na conta do desgaste dos pneus intermedi\u00e1rios. Agora, busca se recuperar rapidamente no s\u00e1bado e para angariar uma boa posi\u00e7\u00e3o de grid<\/p>\n","protected":false},"author":0,"featured_media":1000621123,"comment_status":"closed","ping_status":"closed","sticky":false,"template":"","format":"standard","meta":{"42wp_featured_image_caption":"","42wp_featured_image_credits":"","42wp_featured_video":"","42wp_featured_image_hidden":false,"42wp_authors_list":[],"footnotes":""},"categories":[2],"tags":[209,147,1357,207,180,26841,800,3023,32637,32638,32639,32640,32641,1491,28285,203,608],"42wp_author":[47128],"class_list":["post-108328","post","type-post","status-publish","format-standard","has-post-thumbnail","hentry","category-f1","tag-charles-leclerc","tag-f1","tag-f1-2022","tag-ferrari","tag-formula-1","tag-formula-1-2022","tag-george-russell","tag-gp-do-japao","tag-gp-do-japao-2022","tag-gp-do-japao-de-f1","tag-gp-do-japao-de-f1-2022","tag-gp-do-japao-de-formula-1","tag-gp-do-japao-de-formula-1-2022","tag-grande-premio","tag-grandepremio","tag-max-verstappen","tag-suzuka","42wp_author-guilherme-bloisi"],"_links":{"self":[{"href":"https:\/\/grandepremio.com\/br\/wp-json\/wp\/v2\/posts\/108328","targetHints":{"allow":["GET"]}}],"collection":[{"href":"https:\/\/grandepremio.com\/br\/wp-json\/wp\/v2\/posts"}],"about":[{"href":"https:\/\/grandepremio.com\/br\/wp-json\/wp\/v2\/types\/post"}],"replies":[{"embeddable":true,"href":"https:\/\/grandepremio.com\/br\/wp-json\/wp\/v2\/comments?post=108328"}],"version-history":[{"count":0,"href":"https:\/\/grandepremio.com\/br\/wp-json\/wp\/v2\/posts\/108328\/revisions"}],"wp:featuredmedia":[{"embeddable":true,"href":"https:\/\/grandepremio.com\/br\/wp-json\/wp\/v2\/media\/1000621123"}],"wp:attachment":[{"href":"https:\/\/grandepremio.com\/br\/wp-json\/wp\/v2\/media?parent=108328"}],"wp:term":[{"taxonomy":"category","embeddable":true,"href":"https:\/\/grandepremio.com\/br\/wp-json\/wp\/v2\/categories?post=108328"},{"taxonomy":"post_tag","embeddable":true,"href":"https:\/\/grandepremio.com\/br\/wp-json\/wp\/v2\/tags?post=108328"},{"taxonomy":"42wp_author","embeddable":true,"href":"https:\/\/grandepremio.com\/br\/wp-json\/wp\/v2\/42wp_author?post=108328"}],"curies":[{"name":"wp","href":"https:\/\/api.w.org\/{rel}","templated":true}]}}