{"id":108340,"date":"2022-10-07T05:26:24","date_gmt":"2022-10-07T08:26:24","guid":{"rendered":"https:\/\/grandepremio.com\/br\/noticias\/max-verstappen-minimiza-ritmo-red-bull-chuva-suzuka-amanha-comeca-do-zero\/"},"modified":"2022-10-07T05:27:12","modified_gmt":"2022-10-07T08:27:12","slug":"max-verstappen-minimiza-ritmo-red-bull-chuva-suzuka-amanha-comeca-do-zero","status":"publish","type":"post","link":"https:\/\/grandepremio.com\/br\/f1\/max-verstappen-minimiza-ritmo-red-bull-chuva-suzuka-amanha-comeca-do-zero\/","title":{"rendered":"Verstappen minimiza ritmo da Red Bull na chuva em Suzuka: &#8220;Amanh\u00e3 come\u00e7a do zero&#8221;"},"content":{"rendered":"\n<figure class=\"wp-block-embed is-type-video is-provider-youtube wp-block-embed-youtube wp-embed-aspect-16-9 wp-has-aspect-ratio\"><div class=\"wp-block-embed__wrapper\">\n<iframe loading=\"lazy\" title=\"F1, TREINOS LIVRES JAP\u00c3O: RUSSELL LIDERA, VERSTAPPEN 3\u00ba E LATIFI ERRA PITS | Briefing\" width=\"500\" height=\"281\" src=\"https:\/\/www.youtube.com\/embed\/q8WlC3B4QY8?feature=oembed\" frameborder=\"0\" allow=\"accelerometer; autoplay; clipboard-write; encrypted-media; gyroscope; picture-in-picture; web-share\" referrerpolicy=\"strict-origin-when-cross-origin\" allowfullscreen><\/iframe>\n<\/div><\/figure>\n\n\n\n<p class=\"wp-block-paragraph\">Pr\u00f3ximo do bicampeonato mundial de <strong>F\u00f3rmula 1<\/strong>, <strong>Max Verstappen<\/strong> procurou minimizar a dist\u00e2ncia para a <strong>Mercedes<\/strong> no TL2 disputado nesta sexta-feira (7) em <strong>Suzuka<\/strong>. <\/p>\n\n\n\n<p class=\"wp-block-paragraph\">Com 0s851 de diferen\u00e7a para o l\u00edder da atividade, <strong>George Russell<\/strong>, o l\u00edder da temporada come\u00e7a o fim de semana japon\u00eas distante do que precisa para garantir o trof\u00e9u de campe\u00e3o.<\/p>\n\n\n\n<p class=\"wp-block-paragraph\"><strong>LEIA MAIS:<br>+ Russell lidera 1-2 da Mercedes <a href=\"https:\/\/www.grandepremio.com\/br\/f1\/noticias\/george-russell-lidera-1-2-mercedes-chuva-japao-nicholas-latifi-erra-pit-lane\/\" class=\"ek-link\">em TL2 com chuva<\/a> no GP do Jap\u00e3o. Latifi erra pit-lane<br>+ Alonso <a href=\"https:\/\/www.grandepremio.com\/br\/f1\/noticias\/fernando-alonso-volta-hora-certa-lidera-tl1-marcado-chuva-japao\/\" class=\"ek-link\">d\u00e1 volta na hora certa e lidera TL1<\/a> do GP do Jap\u00e3o marcado pela chuva<\/strong><\/p>\n\n\n\n<p class=\"wp-block-paragraph\">E a chuva foi o fator principal para que sua <strong>Red Bull<\/strong> n\u00e3o tivesse o ritmo ideal na pista japonesa. &#8220;Teria curtido mais se o treino fosse representativo. Felizmente, com a chuva, n\u00e3o foi um desastre completo e pudemos fazer algumas coisas&#8221;, disse Max.<\/p>\n\n\n\n<figure class=\"wp-block-image size-large\"><img decoding=\"async\" src=\"https:\/\/www.grandepremio.com\/br\/wp-content\/uploads\/2022\/10\/redbull-maxverstappen-01-2-1024x683.jpg\" alt=\"\" class=\"wp-image-621146\"\/><figcaption>Max Verstappen ficou atr\u00e1s das duas Mercedes no TL2 em Suzuka (Foto: Red Bull Content Pool)<\/figcaption><\/figure>\n\n\n\n<p class=\"wp-block-paragraph\">O desempenho em <strong>Suzuka<\/strong> est\u00e1 longe de trazer respostas concretas para Verstappen. O que ele quer, de fato, \u00e9 saber como vai ser a performance do RB18 em pista seca. &#8220;Saber onde estamos com nosso ritmo em pista molhada \u00e9 complicado. Mas todos come\u00e7ar\u00e3o do zero novamente amanh\u00e3 no seco e acredito que n\u00e3o ter\u00e1 grandes diferen\u00e7as na composi\u00e7\u00e3o do grid&#8221;, analisou.<\/p>\n\n\n\n<p class=\"wp-block-paragraph\"><strong>\u25b6\ufe0f\u00a0Inscreva-se nos dois canais do GRANDE PR\u00caMIO no YouTube:\u00a0<a href=\"https:\/\/www.youtube.com\/channel\/UC9OlHEgxoaY6QY6nWPoiqQg?sub_confirmation=1\" target=\"_blank\" rel=\"noreferrer noopener\">GP<\/a>\u00a0|\u00a0<a href=\"https:\/\/www.youtube.com\/channel\/UC9csiS6q_C3C0FYhyr1rnFA?sub_confirmation=1\" target=\"_blank\" rel=\"noreferrer noopener\">GP2<\/a><\/strong><br><strong>\u25b6\ufe0f\u00a0<a href=\"https:\/\/www.twitch.tv\/grandepremio\" target=\"_blank\" rel=\"noreferrer noopener\">Conhe\u00e7a o canal do GRANDE PR\u00caMIO na Twitch clicando aqui!<\/a><\/strong><\/p>\n\n\n\n<p class=\"wp-block-paragraph\">O holand\u00eas admite que h\u00e1 alguma ansiedade no ar por conta da proximidade do t\u00edtulo, mas nada que tire o sono do piloto e que atrapalhe a possibilidade de largar em uma \u00f3tima posi\u00e7\u00e3o na corrida. &#8220;As contas b\u00e1sicas est\u00e3o a\u00ed, nada mais que isso. \u00c9 tamb\u00e9m por isso que espero a sess\u00e3o de amanh\u00e3 para ver como estaremos em pista seca durante a classifica\u00e7\u00e3o.&#8221;<\/p>\n\n\n\n<p class=\"wp-block-paragraph\">O\u00a0<strong>GRANDE PR\u00caMIO<\/strong>\u00a0acompanha\u00a0<a href=\"https:\/\/www.grandepremio.com\/br\/f1\/ao-vivo\"><strong>AO VIVO<\/strong>\u00a0e\u00a0<strong>EM\u00a0<\/strong><\/a><strong><a href=\"https:\/\/www.grandepremio.com\/br\/ao-vivo\/\" target=\"_blank\" rel=\"noreferrer noopener\">TEMPO REAL<\/a><\/strong>\u00a0todas as atividades do\u00a0<strong>GP do Jap\u00e3o<\/strong>\u00a0de\u00a0<a href=\"https:\/\/www.grandepremio.com\/formula-1\/\" target=\"_blank\" rel=\"noreferrer noopener\">F\u00f3rmula 1<\/a>. No s\u00e1bado, o TL3 come\u00e7a \u00e0 0h [de Bras\u00edlia, GMT-3], enquanto a classifica\u00e7\u00e3o inicia \u00e0s 3h.<\/p>\n","protected":false},"excerpt":{"rendered":"<p>Perto de conquistar o bi da F\u00f3rmula 1, Verstappen fecha a sexta-feira em Suzuka atr\u00e1s das Mercedes. Mas nada que tire o sono do piloto da Red Bull, afinal, os treinos na chuva trazem poucas respostas para o restante do fim de semana<\/p>\n","protected":false},"author":0,"featured_media":1000621147,"comment_status":"closed","ping_status":"closed","sticky":false,"template":"","format":"standard","meta":{"42wp_featured_image_caption":"","42wp_featured_image_credits":"","42wp_featured_video":"","42wp_featured_image_hidden":false,"42wp_authors_list":[],"footnotes":""},"categories":[2],"tags":[147,1357,180,26841,800,3023,32637,32638,32639,32640,32641,1491,28285,203,82,204,608],"42wp_author":[47128],"class_list":["post-108340","post","type-post","status-publish","format-standard","has-post-thumbnail","hentry","category-f1","tag-f1","tag-f1-2022","tag-formula-1","tag-formula-1-2022","tag-george-russell","tag-gp-do-japao","tag-gp-do-japao-2022","tag-gp-do-japao-de-f1","tag-gp-do-japao-de-f1-2022","tag-gp-do-japao-de-formula-1","tag-gp-do-japao-de-formula-1-2022","tag-grande-premio","tag-grandepremio","tag-max-verstappen","tag-mercedes","tag-red-bull","tag-suzuka","42wp_author-guilherme-bloisi"],"_links":{"self":[{"href":"https:\/\/grandepremio.com\/br\/wp-json\/wp\/v2\/posts\/108340","targetHints":{"allow":["GET"]}}],"collection":[{"href":"https:\/\/grandepremio.com\/br\/wp-json\/wp\/v2\/posts"}],"about":[{"href":"https:\/\/grandepremio.com\/br\/wp-json\/wp\/v2\/types\/post"}],"replies":[{"embeddable":true,"href":"https:\/\/grandepremio.com\/br\/wp-json\/wp\/v2\/comments?post=108340"}],"version-history":[{"count":0,"href":"https:\/\/grandepremio.com\/br\/wp-json\/wp\/v2\/posts\/108340\/revisions"}],"wp:featuredmedia":[{"embeddable":true,"href":"https:\/\/grandepremio.com\/br\/wp-json\/wp\/v2\/media\/1000621147"}],"wp:attachment":[{"href":"https:\/\/grandepremio.com\/br\/wp-json\/wp\/v2\/media?parent=108340"}],"wp:term":[{"taxonomy":"category","embeddable":true,"href":"https:\/\/grandepremio.com\/br\/wp-json\/wp\/v2\/categories?post=108340"},{"taxonomy":"post_tag","embeddable":true,"href":"https:\/\/grandepremio.com\/br\/wp-json\/wp\/v2\/tags?post=108340"},{"taxonomy":"42wp_author","embeddable":true,"href":"https:\/\/grandepremio.com\/br\/wp-json\/wp\/v2\/42wp_author?post=108340"}],"curies":[{"name":"wp","href":"https:\/\/api.w.org\/{rel}","templated":true}]}}