{"id":108353,"date":"2022-10-06T22:56:42","date_gmt":"2022-10-07T01:56:42","guid":{"rendered":"https:\/\/grandepremio.com\/br\/noticias\/fernando-alonso-preve-nova-punicao-trocas-motor-breve-nao-estamos-seguros\/"},"modified":"2022-10-06T22:59:39","modified_gmt":"2022-10-07T01:59:39","slug":"fernando-alonso-preve-nova-punicao-trocas-motor-breve-nao-estamos-seguros","status":"publish","type":"post","link":"https:\/\/grandepremio.com\/br\/f1\/fernando-alonso-preve-nova-punicao-trocas-motor-breve-nao-estamos-seguros\/","title":{"rendered":"Alonso prev\u00ea nova puni\u00e7\u00e3o por trocas no motor &#8220;em breve&#8221;: &#8220;N\u00e3o estamos seguros&#8221;"},"content":{"rendered":"\n<p class=\"wp-block-paragraph\"><strong>Fernando Alonso<\/strong> confessou, nas <strong>entrevistas coletivas<\/strong> dos pilotos antes do <strong>GP do Jap\u00e3o<\/strong>: a troca para o sexto motor da temporada est\u00e1 pr\u00f3xima. Segundo o <strong>bicampe\u00e3o mundial<\/strong>, nesta quinta-feira (6), a <strong>Alpine<\/strong> n\u00e3o ir\u00e1 conseguir terminar a <strong>temporada de 2022 da F\u00f3rmula 1<\/strong> sem mais uma altera\u00e7\u00e3o nos componentes de sua unidade de pot\u00eancia.<\/p>\n\n\n\n<p class=\"wp-block-paragraph\"><strong>\u25b6\ufe0f\u00a0Inscreva-se nos dois canais do GRANDE PR\u00caMIO no YouTube:\u00a0<a href=\"https:\/\/www.youtube.com\/channel\/UC9OlHEgxoaY6QY6nWPoiqQg?sub_confirmation=1\" target=\"_blank\" rel=\"noreferrer noopener\">GP<\/a>\u00a0|\u00a0<a href=\"https:\/\/www.youtube.com\/channel\/UC9csiS6q_C3C0FYhyr1rnFA?sub_confirmation=1\" target=\"_blank\" rel=\"noreferrer noopener\">GP2<\/a><\/strong><br><strong>\u25b6\ufe0f\u00a0<a href=\"https:\/\/www.twitch.tv\/grandepremio\" target=\"_blank\" rel=\"noreferrer noopener\">Conhe\u00e7a o canal do GRANDE PR\u00caMIO na Twitch clicando aqui!<\/a><\/strong><\/p>\n\n\n\n<p class=\"wp-block-paragraph\">Alonso j\u00e1 foi punido duas vezes, nesta temporada, por <strong>exceder o limite<\/strong> de tr\u00eas unidades de pot\u00eancia para o ano. As <strong>penaliza\u00e7\u00f5es<\/strong> de fundo de grid foram cumpridas em seu <strong>GP de casa, na Espanha, e depois na \u00c1ustria<\/strong>.<\/p>\n\n\n\n<p class=\"wp-block-paragraph\">No <strong>GP de Singapura<\/strong>, o espanhol vinha num s\u00f3lido 6\u00ba lugar, <strong>defendendo-se das investidas de Max Verstappen<\/strong>, mas foi tra\u00eddo por uma perda de pot\u00eancia na <strong>A522<\/strong> na volta 22. O bicampe\u00e3o mundial conseguiu parar o carro em um ponto seguro e provocou apenas o acionamento do safety-car virtual por poucos giros. A corrida em Singapura, ali\u00e1s, <strong>era a 350\u00ba do espanhol na F\u00f3rmula 1<\/strong>.<\/p>\n\n\n\n<figure class=\"wp-block-image size-large\"><img decoding=\"async\" src=\"https:\/\/www.grandepremio.com\/br\/wp-content\/uploads\/2022\/10\/Alonso-em-Singapura-1024x576.jpg\" alt=\"\" class=\"wp-image-619965\"\/><figcaption>Fernando Alonso abandonou o GP de Singapura quando vinha em sexto lugar (Foto: reprodu\u00e7\u00e3o\/F1TV)<\/figcaption><\/figure>\n\n\n\n<p class=\"wp-block-paragraph\">Depois do abandono em <strong>Marina Bay<\/strong>, Alonso admitiu que pode ser obrigado a cumprir mais uma penalidade antes do final da temporada. <strong>Mas isso n\u00e3o deve acontecer em Suzuka<\/strong>.<\/p>\n\n\n\n<p class=\"wp-block-paragraph\">&#8220;Talvez n\u00e3o estejamos completamente seguros at\u00e9 o final do ano. Ent\u00e3o, \u00e9 poss\u00edvel que tenhamos que colocar novos componentes do motor. Eu n\u00e3o acho que ser\u00e1 neste fim de semana, mas em breve, sim&#8221;, revelou o espanhol da Alpine.<\/p>\n\n\n\n<p class=\"wp-block-paragraph\">O\u00a0<strong>GRANDE PR\u00caMIO<\/strong>\u00a0acompanha\u00a0<a href=\"https:\/\/www.grandepremio.com\/br\/f1\/ao-vivo\"><strong>AO VIVO<\/strong>\u00a0e\u00a0<strong>EM\u00a0<\/strong><\/a><strong><a href=\"https:\/\/www.grandepremio.com\/br\/ao-vivo\/\" target=\"_blank\" rel=\"noreferrer noopener\">TEMPO REAL<\/a><\/strong>\u00a0todas as atividades do GP do Jap\u00e3o de\u00a0F\u00f3rmula 1.<\/p>\n\n\n\n<p class=\"wp-block-paragraph\"><strong>LEIA TAMB\u00c9M<br>+ <a href=\"https:\/\/www.grandepremio.com\/br\/f1\/noticias\/formula-1-abre-japao-sexta-feira-chuvosa-suzuka\/\" class=\"ek-link\">F\u00f3rmula 1 abre fim de semana do GP do Jap\u00e3o em sexta-feira chuvosa em Suzuka<\/a><\/strong><\/p>\n","protected":false},"excerpt":{"rendered":"<p>Bicampe\u00e3o mundial, entretanto, n\u00e3o cr\u00ea que poss\u00edvel penaliza\u00e7\u00e3o v\u00e1 acontecer no GP do Jap\u00e3o \u2014 que acontece neste fim de semana, em Suzuka<\/p>\n","protected":false},"author":0,"featured_media":1000620973,"comment_status":"closed","ping_status":"closed","sticky":false,"template":"","format":"standard","meta":{"42wp_featured_image_caption":"","42wp_featured_image_credits":"","42wp_featured_video":"","42wp_featured_image_hidden":false,"42wp_authors_list":[],"footnotes":""},"categories":[2],"tags":[147,1357,176,180,26841,3023,32637,32638,32639,32640,32641,1491,28285,608],"42wp_author":[47143],"class_list":["post-108353","post","type-post","status-publish","format-standard","has-post-thumbnail","hentry","category-f1","tag-f1","tag-f1-2022","tag-fernando-alonso","tag-formula-1","tag-formula-1-2022","tag-gp-do-japao","tag-gp-do-japao-2022","tag-gp-do-japao-de-f1","tag-gp-do-japao-de-f1-2022","tag-gp-do-japao-de-formula-1","tag-gp-do-japao-de-formula-1-2022","tag-grande-premio","tag-grandepremio","tag-suzuka","42wp_author-felipe-leite"],"_links":{"self":[{"href":"https:\/\/grandepremio.com\/br\/wp-json\/wp\/v2\/posts\/108353","targetHints":{"allow":["GET"]}}],"collection":[{"href":"https:\/\/grandepremio.com\/br\/wp-json\/wp\/v2\/posts"}],"about":[{"href":"https:\/\/grandepremio.com\/br\/wp-json\/wp\/v2\/types\/post"}],"replies":[{"embeddable":true,"href":"https:\/\/grandepremio.com\/br\/wp-json\/wp\/v2\/comments?post=108353"}],"version-history":[{"count":0,"href":"https:\/\/grandepremio.com\/br\/wp-json\/wp\/v2\/posts\/108353\/revisions"}],"wp:featuredmedia":[{"embeddable":true,"href":"https:\/\/grandepremio.com\/br\/wp-json\/wp\/v2\/media\/1000620973"}],"wp:attachment":[{"href":"https:\/\/grandepremio.com\/br\/wp-json\/wp\/v2\/media?parent=108353"}],"wp:term":[{"taxonomy":"category","embeddable":true,"href":"https:\/\/grandepremio.com\/br\/wp-json\/wp\/v2\/categories?post=108353"},{"taxonomy":"post_tag","embeddable":true,"href":"https:\/\/grandepremio.com\/br\/wp-json\/wp\/v2\/tags?post=108353"},{"taxonomy":"42wp_author","embeddable":true,"href":"https:\/\/grandepremio.com\/br\/wp-json\/wp\/v2\/42wp_author?post=108353"}],"curies":[{"name":"wp","href":"https:\/\/api.w.org\/{rel}","templated":true}]}}