{"id":108409,"date":"2022-10-04T13:47:28","date_gmt":"2022-10-04T16:47:28","guid":{"rendered":"https:\/\/grandepremio.com\/br\/noticias\/ganassi-trio-earl-bamber-alexander-lynn-richard-westbrook-2023-wec\/"},"modified":"2022-10-05T11:55:42","modified_gmt":"2022-10-05T14:55:42","slug":"ganassi-trio-earl-bamber-alexander-lynn-richard-westbrook-2023-wec","status":"publish","type":"post","link":"https:\/\/grandepremio.com\/br\/endurance\/ganassi-trio-earl-bamber-alexander-lynn-richard-westbrook-2023-wec\/","title":{"rendered":"Ganassi oficializa trio com Bamber, Lynn e Westbrook para temporada 2023 do WEC"},"content":{"rendered":"\n<p class=\"wp-block-paragraph\">A Ganassi confirmou nesta ter\u00e7a-feira (4) o trio que vai representar as cores da equipe na pilotagem do Cadillac V-LMDh na pr\u00f3xima temporada do WEC, o Mundial de Endurance da FIA. Dois nomes j\u00e1 esperados foram confirmados pelo time americano: o do neozeland\u00eas Earl Bamber e o do brit\u00e2nico Alex Lynn, enquanto Richard Westbrook ser\u00e1 o terceiro escolhido.<\/p>\n\n\n\n<p class=\"wp-block-paragraph\">Lynn j\u00e1 atuou ao longo da temporada 2022 pela Cadillac, participando da disputa do IMSA na categoria dos hipercarros, o que tornou o brit\u00e2nico uma escolha natural para o assento. Al\u00e9m disso, Alex venceu as 24 Horas de Le Mans na categoria LMGTE Pro em 2020 e chegou em sexto entre os carros da LMP2 este ano.<\/p>\n\n\n\n<p class=\"wp-block-paragraph\">Bamber tamb\u00e9m possui uma carreira recheada de experi\u00eancias no endurance, inclusive com o t\u00edtulo mundial do WEC em 2017 pela Porsche, em trio que ainda contava com o alem\u00e3o Timo Bernhard e o tamb\u00e9m neozeland\u00eas Brendon Hartley. Dois anos depois, Earl ainda se sagrou campe\u00e3o do IMSA pela Porsche, al\u00e9m de ter conquistado o terceiro lugar no Mundial FIA GT e de ser bicampe\u00e3o das 24 Horas de Le Mans.<\/p>\n\n\n\n<p class=\"wp-block-paragraph\"><strong>\u25b6\ufe0f&nbsp;<a href=\"https:\/\/www.twitch.tv\/grandepremio\" target=\"_blank\" rel=\"noreferrer noopener\">Conhe\u00e7a o canal do GRANDE PR\u00caMIO na Twitch clicando aqui!<\/a><\/strong><\/p>\n\n\n\n<figure class=\"wp-block-image size-large\"><img decoding=\"async\" src=\"https:\/\/www.grandepremio.com\/br\/wp-content\/uploads\/2022\/10\/earl-bamber-testing-the-cadill-1-1024x683.webp\" alt=\"\" class=\"wp-image-620531\"\/><figcaption>Earl Bamber vai compor o trio da Ganassi na disputa do WEC em 2023 (Foto: Cadillac)<\/figcaption><\/figure>\n\n\n\n<p class=\"wp-block-paragraph\"><strong>\u25b6\ufe0f&nbsp;Inscreva-se nos dois canais do GRANDE PR\u00caMIO no YouTube:&nbsp;<a href=\"https:\/\/www.youtube.com\/channel\/UC9OlHEgxoaY6QY6nWPoiqQg?sub_confirmation=1\" target=\"_blank\" rel=\"noreferrer noopener\">GP<\/a>&nbsp;|&nbsp;<a href=\"https:\/\/www.youtube.com\/channel\/UC9csiS6q_C3C0FYhyr1rnFA?sub_confirmation=1\" target=\"_blank\" rel=\"noreferrer noopener\">GP2<\/a><\/strong><\/p>\n\n\n\n<p class=\"wp-block-paragraph\">&#8220;O WEC nos d\u00e1 a oportunidade de correr a maior corrida do mundo, que \u00e9 Le Mans, a joia da coroa do automobilismo&#8221;, ressaltou Bamber, sonhando com um tricampeonato na tradicional prova francesa. &#8220;Eu tive sorte o suficiente de venc\u00ea-la, e obviamente \u00e9 um objetivo enorme para a Cadillac e para todos na Ganassi&#8221;, finalizou.<\/p>\n\n\n\n<p class=\"wp-block-paragraph\">Por fim, Westbrook representa uma escolha baseada na experi\u00eancia. Com 47 anos de idade, o brit\u00e2nico j\u00e1 venceu a tradicional corrida das 24 Horas de Daytona pela pr\u00f3pria Ganassi, equipe que defendeu em tr\u00eas edi\u00e7\u00f5es diferentes da disputa, em todas elas pilotando um Ford GT.<\/p>\n\n\n\n<p class=\"wp-block-paragraph\">&#8220;Depois de quatro anos muito bons na Ganassi, eu tenho tantos amigos e sempre sonhei em voltar um dia&#8221;, afirmou Westbrook. &#8220;Simplesmente funcionou t\u00e3o bem entre 2016 e 2019, e estou animado que tenhamos encontrado uma rota para nos juntarmos de novo. Mal posso esperar, \u00e9 uma era animadora no automobilismo e estou ansioso para o desafio&#8221;, concluiu.<\/p>\n\n\n\n<p class=\"wp-block-paragraph\">O calend\u00e1rio da temporada 2023 do WEC j\u00e1 foi divulgado pela FIA, com sete etapas confirmadas: Sebring, Portim\u00e3o, Spa, Le Mans, Monza, Fuji e Bahrein. A primeira corrida da temporada acontece em 17 de mar\u00e7o, cinco dias depois do pr\u00f3logo \u2014 que marca a abertura do campeonato, tamb\u00e9m em Sebring, antes da primeira etapa oficial \u2014, enquanto o encerramento est\u00e1 agendado para 4 de novembro.<\/p>\n","protected":false},"excerpt":{"rendered":"<p>A Ganassi vai correr com o hipercarro da Cadillac na temporada 2023 do Mundial de Endurance, e seu trio titular j\u00e1 est\u00e1 confirmado: Alexander Lynn, Earl Bamber e Richard Westbrook<\/p>\n","protected":false},"author":0,"featured_media":1000620527,"comment_status":"closed","ping_status":"closed","sticky":false,"template":"","format":"standard","meta":{"42wp_featured_image_caption":"","42wp_featured_image_credits":"","42wp_featured_video":"","42wp_featured_image_hidden":false,"42wp_authors_list":[],"footnotes":""},"categories":[18],"tags":[729,7526,1595,1491,30103,28285,356,1941],"42wp_author":[47142],"class_list":["post-108409","post","type-post","status-publish","format-standard","has-post-thumbnail","hentry","category-endurance","tag-cadillac","tag-earl-bamber","tag-ganassi","tag-grande-premio","tag-grande-premio-f1","tag-grandepremio","tag-wec","tag-wec-2022","42wp_author-jp-nascimento"],"_links":{"self":[{"href":"https:\/\/grandepremio.com\/br\/wp-json\/wp\/v2\/posts\/108409","targetHints":{"allow":["GET"]}}],"collection":[{"href":"https:\/\/grandepremio.com\/br\/wp-json\/wp\/v2\/posts"}],"about":[{"href":"https:\/\/grandepremio.com\/br\/wp-json\/wp\/v2\/types\/post"}],"replies":[{"embeddable":true,"href":"https:\/\/grandepremio.com\/br\/wp-json\/wp\/v2\/comments?post=108409"}],"version-history":[{"count":0,"href":"https:\/\/grandepremio.com\/br\/wp-json\/wp\/v2\/posts\/108409\/revisions"}],"wp:featuredmedia":[{"embeddable":true,"href":"https:\/\/grandepremio.com\/br\/wp-json\/wp\/v2\/media\/1000620527"}],"wp:attachment":[{"href":"https:\/\/grandepremio.com\/br\/wp-json\/wp\/v2\/media?parent=108409"}],"wp:term":[{"taxonomy":"category","embeddable":true,"href":"https:\/\/grandepremio.com\/br\/wp-json\/wp\/v2\/categories?post=108409"},{"taxonomy":"post_tag","embeddable":true,"href":"https:\/\/grandepremio.com\/br\/wp-json\/wp\/v2\/tags?post=108409"},{"taxonomy":"42wp_author","embeddable":true,"href":"https:\/\/grandepremio.com\/br\/wp-json\/wp\/v2\/42wp_author?post=108409"}],"curies":[{"name":"wp","href":"https:\/\/api.w.org\/{rel}","templated":true}]}}