{"id":108427,"date":"2022-10-03T13:24:20","date_gmt":"2022-10-03T16:24:20","guid":{"rendered":"https:\/\/grandepremio.com\/br\/noticias\/mercedes-elogia-george-russell-planeja-acordo-longo-prazo-formula-1\/"},"modified":"2022-10-03T13:42:30","modified_gmt":"2022-10-03T16:42:30","slug":"mercedes-elogia-george-russell-planeja-acordo-longo-prazo-formula-1","status":"publish","type":"post","link":"https:\/\/grandepremio.com\/br\/f1\/mercedes-elogia-george-russell-planeja-acordo-longo-prazo-formula-1\/","title":{"rendered":"Mercedes elogia &#8220;\u00edntegro&#8221; Russell e planeja acordo &#8220;a longo prazo&#8221; na F1"},"content":{"rendered":"\n<p class=\"wp-block-paragraph\">Talvez, a temporada da Mercedes n\u00e3o seja o que George Russell esperava para seu primeiro ano com a equipe. O pr\u00f3prio Toto Wolff reconhece isso. Mas o chefe austr\u00edaco tamb\u00e9m elogia o grande desempenho do jovem ingl\u00eas na equipe, mesmo com um W13 problem\u00e1tico. <\/p>\n\n\n\n<p class=\"wp-block-paragraph\">\u201cGeorge tem sido \u00f3timo \u00e0 equipe\u201d, disse Wolff.\u00a0\u201cEle tem uma boa personalidade, age com integridade, \u00e9 muito transparente trabalhando com Lewis \u2013 esses dois realmente aumentaram a linha de desenvolvimento da equipe este ano&#8221;, acrescentou.<\/p>\n\n\n\n<p class=\"wp-block-paragraph\"><strong>\u25b6\ufe0f\u00a0Inscreva-se nos dois canais do GRANDE PR\u00caMIO no YouTube:\u00a0<a href=\"https:\/\/www.youtube.com\/channel\/UC9OlHEgxoaY6QY6nWPoiqQg?sub_confirmation=1\" target=\"_blank\" rel=\"noreferrer noopener\">GP<\/a>\u00a0|\u00a0<a href=\"https:\/\/www.youtube.com\/channel\/UC9csiS6q_C3C0FYhyr1rnFA?sub_confirmation=1\" target=\"_blank\" rel=\"noreferrer noopener\">GP2<\/a><\/strong><br><strong>\u25b6\ufe0f\u00a0<a href=\"https:\/\/www.twitch.tv\/grandepremio\" target=\"_blank\" rel=\"noreferrer noopener\">Conhe\u00e7a o canal do GRANDE PR\u00caMIO na Twitch clicando aqui!<\/a><\/strong><\/p>\n\n\n\n<figure class=\"wp-block-image size-large\"><img decoding=\"async\" src=\"https:\/\/www.grandepremio.com\/br\/wp-content\/uploads\/2022\/10\/mercedes-georgerussell-02-1-1024x683.jpg\" alt=\"\" class=\"wp-image-619981\"\/><figcaption>George Russell faz sua temporada de estreia na Mercedes  (Foto: Mercedes)<\/figcaption><\/figure>\n\n\n\n<p class=\"wp-block-paragraph\">\u201cEle obviamente esperava estar na Mercedes e vencer corridas e campeonatos, mas pelo menos progrediu para o meio do grid agora&#8221;, seguiu.<\/p>\n\n\n\n<p class=\"wp-block-paragraph\">Por isso, eis a quest\u00e3o: e a renova\u00e7\u00e3o com o #63? Quando firmou acordo com os alem\u00e3es, Russell teve contrato estipulado por apenas uma temporada. S\u00f3 que Wolff admite que ter o piloto de 24 anos &#8220;a longo prazo&#8221; \u00e9 algo mais positivo. <\/p>\n\n\n\n<p class=\"wp-block-paragraph\">\u201cEsse tempo vai chegar, ele vai ganhar corridas, ele vai disputar campeonatos e acho que ele tem tudo para isso. Sinto-me muito bem por t\u00ea-lo na equipe a longo prazo&#8221;, encerrou. <\/p>\n\n\n\n<p class=\"wp-block-paragraph\">A\u00a0<a href=\"https:\/\/www.grandepremio.com\/formula-1\/\" target=\"_blank\" rel=\"noreferrer noopener\">F\u00f3rmula 1<\/a>\u00a0retorna j\u00e1 neste fim de semana, para o GP do Jap\u00e3o, em Suzuka.<\/p>\n\n\n\n<p class=\"wp-block-paragraph\"><strong>LEIA TAMB\u00c9M<br>+\u00a0<a href=\"https:\/\/www.grandepremio.com\/br\/f1\/noticias\/fernando-alonso-sessenta-pontos-prejuizo-falta-confiabilidade-abandono-singapura\/\">Alonso v\u00ea \u201c60 pontos de preju\u00edzo\u201d por falta de confiabilidade ap\u00f3s abandono em Singapura<\/a><br>+\u00a0<a href=\"https:\/\/www.grandepremio.com\/br\/f1\/noticias\/lando-norris-viveu-corrida-mais-dificil-carreira-apesar-4-lugar-singapura\/\">Norris diz que viveu \u201ccorrida mais dif\u00edcil da carreira\u201d apesar do 4\u00ba lugar em Singapura<\/a><br>+\u00a0<a href=\"https:\/\/www.grandepremio.com\/br\/f1\/noticias\/daniel-ricciardo-comemora-top-5-estrategia-acertada-mclaren-singapura\/\">Ricciardo comemora top-5 e estrat\u00e9gia acertada da McLaren em Singapura<\/a><\/strong><\/p>\n","protected":false},"excerpt":{"rendered":"<p>Toto Wolff elogiou a temporada de estreia de George Russell e n\u00e3o escondeu que conta &#8220;a longo prazo&#8221; com o piloto na Mercedes<\/p>\n","protected":false},"author":0,"featured_media":1000619318,"comment_status":"closed","ping_status":"closed","sticky":false,"template":"","format":"standard","meta":{"42wp_featured_image_caption":"","42wp_featured_image_credits":"","42wp_featured_video":"","42wp_featured_image_hidden":false,"42wp_authors_list":[],"footnotes":""},"categories":[2],"tags":[147,1357,180,26841,800,32516,32518,1491,28285,82],"42wp_author":[47139],"class_list":["post-108427","post","type-post","status-publish","format-standard","has-post-thumbnail","hentry","category-f1","tag-f1","tag-f1-2022","tag-formula-1","tag-formula-1-2022","tag-george-russell","tag-gp-de-singapura-2022","tag-gp-de-singapura-de-f1","tag-grande-premio","tag-grandepremio","tag-mercedes","42wp_author-ana-cerveira"],"_links":{"self":[{"href":"https:\/\/grandepremio.com\/br\/wp-json\/wp\/v2\/posts\/108427","targetHints":{"allow":["GET"]}}],"collection":[{"href":"https:\/\/grandepremio.com\/br\/wp-json\/wp\/v2\/posts"}],"about":[{"href":"https:\/\/grandepremio.com\/br\/wp-json\/wp\/v2\/types\/post"}],"replies":[{"embeddable":true,"href":"https:\/\/grandepremio.com\/br\/wp-json\/wp\/v2\/comments?post=108427"}],"version-history":[{"count":0,"href":"https:\/\/grandepremio.com\/br\/wp-json\/wp\/v2\/posts\/108427\/revisions"}],"wp:featuredmedia":[{"embeddable":true,"href":"https:\/\/grandepremio.com\/br\/wp-json\/wp\/v2\/media\/1000619318"}],"wp:attachment":[{"href":"https:\/\/grandepremio.com\/br\/wp-json\/wp\/v2\/media?parent=108427"}],"wp:term":[{"taxonomy":"category","embeddable":true,"href":"https:\/\/grandepremio.com\/br\/wp-json\/wp\/v2\/categories?post=108427"},{"taxonomy":"post_tag","embeddable":true,"href":"https:\/\/grandepremio.com\/br\/wp-json\/wp\/v2\/tags?post=108427"},{"taxonomy":"42wp_author","embeddable":true,"href":"https:\/\/grandepremio.com\/br\/wp-json\/wp\/v2\/42wp_author?post=108427"}],"curies":[{"name":"wp","href":"https:\/\/api.w.org\/{rel}","templated":true}]}}