{"id":108455,"date":"2022-10-02T14:39:57","date_gmt":"2022-10-02T17:39:57","guid":{"rendered":"https:\/\/grandepremio.com\/br\/noticias\/sebastian-vettel-analisa-boa-largada-singapura-sabia-precisava-agressivo\/"},"modified":"2022-10-02T14:41:15","modified_gmt":"2022-10-02T17:41:15","slug":"sebastian-vettel-analisa-boa-largada-singapura-sabia-precisava-agressivo","status":"publish","type":"post","link":"https:\/\/grandepremio.com\/br\/f1\/sebastian-vettel-analisa-boa-largada-singapura-sabia-precisava-agressivo\/","title":{"rendered":"8\u00ba, Vettel descreve salto na largada em Singapura: &#8220;Sabia que precisava ser agressivo&#8221;"},"content":{"rendered":"\n<p class=\"wp-block-paragraph\">Sebastian Vettel teve um \u00f3timo come\u00e7o de GP de Singapura, neste domingo (2). O tetracampe\u00e3o mundial de F\u00f3rmula 1 ganhou cinco posi\u00e7\u00f5es pouco ap\u00f3s a largada e rapidamente pulou para a oitava posi\u00e7\u00e3o, lugar em que eventualmente terminou a disputa em Marina Bay.<\/p>\n\n\n\n<p class=\"wp-block-paragraph\"><strong>\u25b6\ufe0f\u00a0Inscreva-se nos dois canais do GRANDE PR\u00caMIO no YouTube:\u00a0<a href=\"https:\/\/www.youtube.com\/channel\/UC9OlHEgxoaY6QY6nWPoiqQg?sub_confirmation=1\" target=\"_blank\" rel=\"noreferrer noopener\">GP<\/a>\u00a0|\u00a0<a href=\"https:\/\/www.youtube.com\/channel\/UC9csiS6q_C3C0FYhyr1rnFA?sub_confirmation=1\" target=\"_blank\" rel=\"noreferrer noopener\">GP2<\/a><\/strong><br><strong>\u25b6\ufe0f\u00a0<a href=\"https:\/\/www.twitch.tv\/grandepremio\" target=\"_blank\" rel=\"noreferrer noopener\">Conhe\u00e7a o canal do GRANDE PR\u00caMIO na Twitch clicando aqui!<\/a><\/strong><\/p>\n\n\n\n<p class=\"wp-block-paragraph\">&#8220;Sabia que precisava ser agressivo na largada, ent\u00e3o depois de um pouco de paci\u00eancia, sabia que precisava acelerar \u2014 e foi o que eu fiz. Estava checando as linhas do tra\u00e7ado para mais ader\u00eancia e funcionou, ent\u00e3o estou feliz com isso. Depois disso, acho que tivemos um pouco de m\u00e1 sorte. Gostaria de ter permanecido mais tempo na pista (durante primeiro <em>stint<\/em>), mas vamos olhar. N\u00e3o foi \u00f3timo que o safety-car pouco depois veio \u00e0 pista e nos fez perder posi\u00e7\u00f5es&#8221;, analisou o piloto da Aston Martin.<\/p>\n\n\n\n<p class=\"wp-block-paragraph\">No fim da prova, Vettel \u2014 ent\u00e3o 7\u00ba colocado \u2014 travou \u00f3tima disputa de posi\u00e7\u00e3o com Lewis Hamilton e Max Verstappen. Em uma tentativa de ultrapassar o tetracampe\u00e3o, o piloto da Mercedes passou reto e saiu do embate. J\u00e1 nas \u00faltimas voltas, o atual campe\u00e3o mundial enfim superou a defesa do alem\u00e3o da Aston Martin e tomou seu lugar.<\/p>\n\n\n\n<figure class=\"wp-block-image size-large\"><img decoding=\"async\" src=\"https:\/\/www.grandepremio.com\/br\/wp-content\/uploads\/2022\/10\/astonmartin-sebastianvettel-01-2-1024x683.jpg\" alt=\"\" class=\"wp-image-619935\"\/><figcaption>Sebastian Vettel aprovou performance em Marina Bay (Foto: Aston Martin)<\/figcaption><\/figure>\n\n\n\n<p class=\"wp-block-paragraph\">Ap\u00f3s o GP, Vettel justificou por que n\u00e3o conseguiu segurar as investidas de Verstappen e se garantir na s\u00e9tima posi\u00e7\u00e3o. O companheiro de equipe, Lance Stroll, terminou em sexto \u2014 e, com isso, a Aston Martin somou bons 12 pontos em Marina Bay.<\/p>\n\n\n\n<p class=\"wp-block-paragraph\">&#8220;Eles s\u00e3o muito mais r\u00e1pidos, consegui v\u00ea-los no retrovisor. Fiquei, obviamente, um pouco &#8216;empacado&#8217; atr\u00e1s de Lance (Stroll) por algumas vezes. Isso n\u00e3o ajudou. Meus pneus traseiros n\u00e3o ficaram t\u00e3o frescos no fim. Foi dif\u00edcil, eu tentei (segurar Verstappen no fim), mas n\u00e3o deu&#8221;, disse.<\/p>\n\n\n\n<p class=\"wp-block-paragraph\"><strong>LEIA TAMB\u00c9M<br>+ <a href=\"https:\/\/www.grandepremio.com\/br\/f1\/noticias\/ferrari-lamenta-largada-ruim-isenta-charles-leclerc-culpa-menos-aderencia\/\" class=\"ek-link\">Ferrari lamenta largada ruim em Singapura, mas isenta Leclerc de culpa: \u201cMenos ader\u00eancia\u201d<\/a><\/strong><\/p>\n\n\n\n<p class=\"wp-block-paragraph\">O Mundial de\u00a0F\u00f3rmula 1\u00a0continua j\u00e1 na pr\u00f3xima semana, entre os dias 7 e 9 de outubro, em\u00a0Suzuka, com o GP do Jap\u00e3o.<\/p>\n\n\n\n<figure class=\"wp-block-embed is-type-video is-provider-youtube wp-block-embed-youtube wp-embed-aspect-16-9 wp-has-aspect-ratio\"><div class=\"wp-block-embed__wrapper\">\n<iframe loading=\"lazy\" title=\"P\u00c9REZ VENCE NO CAOS DA F1 EM SINGAPURA. LECLERC 2\u00ba, VERSTAPPEN 7\u00ba| Briefing\" width=\"500\" height=\"281\" src=\"https:\/\/www.youtube.com\/embed\/lP3no9AAWN0?feature=oembed\" frameborder=\"0\" allow=\"accelerometer; autoplay; clipboard-write; encrypted-media; gyroscope; picture-in-picture; web-share\" referrerpolicy=\"strict-origin-when-cross-origin\" allowfullscreen><\/iframe>\n<\/div><figcaption>P\u00c9REZ VENCE NO CAOS DA F1 EM SINGAPURA. LECLERC 2\u00ba, VERSTAPPEN 7\u00ba | Briefing<\/figcaption><\/figure>\n","protected":false},"excerpt":{"rendered":"<p>Tetracampe\u00e3o mundial come\u00e7ou a corrida em Marina Bay na 13\u00aa coloca\u00e7\u00e3o, mas logo ganhou posi\u00e7\u00f5es. A an\u00e1lise das linhas mais secas do tra\u00e7ado foi chave para isso, de acordo com o pr\u00f3prio piloto da Aston Martin<\/p>\n","protected":false},"author":0,"featured_media":1000620023,"comment_status":"closed","ping_status":"closed","sticky":false,"template":"","format":"standard","meta":{"42wp_featured_image_caption":"","42wp_featured_image_credits":"","42wp_featured_video":"","42wp_featured_image_hidden":false,"42wp_authors_list":[],"footnotes":""},"categories":[2],"tags":[309,147,1357,180,26841,1397,32516,32518,32519,32520,32521,1491,28285,3395,210,2588],"42wp_author":[47143],"class_list":["post-108455","post","type-post","status-publish","format-standard","has-post-thumbnail","hentry","category-f1","tag-aston-martin","tag-f1","tag-f1-2022","tag-formula-1","tag-formula-1-2022","tag-gp-de-singapura","tag-gp-de-singapura-2022","tag-gp-de-singapura-de-f1","tag-gp-de-singapura-de-f1-2022","tag-gp-de-singapura-de-formula-1","tag-gp-de-singapura-de-formula-1-2022","tag-grande-premio","tag-grandepremio","tag-marina-bay","tag-sebastian-vettel","tag-vettel","42wp_author-felipe-leite"],"_links":{"self":[{"href":"https:\/\/grandepremio.com\/br\/wp-json\/wp\/v2\/posts\/108455","targetHints":{"allow":["GET"]}}],"collection":[{"href":"https:\/\/grandepremio.com\/br\/wp-json\/wp\/v2\/posts"}],"about":[{"href":"https:\/\/grandepremio.com\/br\/wp-json\/wp\/v2\/types\/post"}],"replies":[{"embeddable":true,"href":"https:\/\/grandepremio.com\/br\/wp-json\/wp\/v2\/comments?post=108455"}],"version-history":[{"count":0,"href":"https:\/\/grandepremio.com\/br\/wp-json\/wp\/v2\/posts\/108455\/revisions"}],"wp:featuredmedia":[{"embeddable":true,"href":"https:\/\/grandepremio.com\/br\/wp-json\/wp\/v2\/media\/1000620023"}],"wp:attachment":[{"href":"https:\/\/grandepremio.com\/br\/wp-json\/wp\/v2\/media?parent=108455"}],"wp:term":[{"taxonomy":"category","embeddable":true,"href":"https:\/\/grandepremio.com\/br\/wp-json\/wp\/v2\/categories?post=108455"},{"taxonomy":"post_tag","embeddable":true,"href":"https:\/\/grandepremio.com\/br\/wp-json\/wp\/v2\/tags?post=108455"},{"taxonomy":"42wp_author","embeddable":true,"href":"https:\/\/grandepremio.com\/br\/wp-json\/wp\/v2\/42wp_author?post=108455"}],"curies":[{"name":"wp","href":"https:\/\/api.w.org\/{rel}","templated":true}]}}