{"id":108503,"date":"2022-10-01T11:41:52","date_gmt":"2022-10-01T14:41:52","guid":{"rendered":"https:\/\/grandepremio.com\/br\/noticias\/sergio-perez-oportunidade-atacar-charles-leclerc-singapura-elogia-red-bull-formula-1\/"},"modified":"2022-10-01T12:15:09","modified_gmt":"2022-10-01T15:15:09","slug":"sergio-perez-oportunidade-atacar-charles-leclerc-singapura-elogia-red-bull-formula-1","status":"publish","type":"post","link":"https:\/\/grandepremio.com\/br\/f1\/sergio-perez-oportunidade-atacar-charles-leclerc-singapura-elogia-red-bull-formula-1\/","title":{"rendered":"P\u00e9rez se diz &#8220;em boa oportunidade para atacar&#8221; Leclerc e elogia Red Bull em Singapura"},"content":{"rendered":"\n<figure class=\"wp-block-embed is-type-video is-provider-youtube wp-block-embed-youtube wp-embed-aspect-16-9 wp-has-aspect-ratio\"><div class=\"wp-block-embed__wrapper\">\n<iframe loading=\"lazy\" title=\"LECLERC POLE. VERSTAPPEN 8\u00ba E ERRO DA RED BULL NA F1 EM SINGAPURA | Briefing\" width=\"500\" height=\"281\" src=\"https:\/\/www.youtube.com\/embed\/VTPGDkeI7Vw?feature=oembed\" frameborder=\"0\" allow=\"accelerometer; autoplay; clipboard-write; encrypted-media; gyroscope; picture-in-picture; web-share\" referrerpolicy=\"strict-origin-when-cross-origin\" allowfullscreen><\/iframe>\n<\/div><figcaption>TUDO SOBRE A CLASSIFICA\u00c7\u00c3O DA F\u00d3RMULA 1 EM SINGAPURA | Briefing<\/figcaption><\/figure>\n\n\n\n<p class=\"wp-block-paragraph\">Num dia complexo para tra\u00e7ar as t\u00e1ticas para a classifica\u00e7\u00e3o, Sergio P\u00e9rez terminou satisfeito com a maneira como a Red Bull trabalhou. O piloto mexicano <strong><a href=\"https:\/\/www.grandepremio.com\/br\/f1\/noticias\/charles-leclerc-confirma-forca-ferrari-conquista-pole-singapura-formula-1-max-verstappen-8\/\" class=\"ek-link\">cravou a segunda coloca\u00e7\u00e3o na defini\u00e7\u00e3o do grid<\/a><\/strong>, neste s\u00e1bado (1), e ficou somente 0s022 atr\u00e1s de Charles Leclerc. Estar na primeira fila rende boa possibilidade de atacar.<\/p>\n\n\n\n<p class=\"wp-block-paragraph\">P\u00e9rez destacou que fica com o ferrarista na mira para a largada do domingo, em Marina Bay. No mais, elogiou a Red Bull pela maneira como planejou a classifica\u00e7\u00e3o dele. \u00c9 um elogio importante e onde P\u00e9rez fez quest\u00e3o de deixar claro: o acerto foi do lado dele da garagem. Do lado de Max Verstappen, uma confus\u00e3o impediu que o holand\u00eas desse uma \u00faltima volta r\u00e1pida e, com isso, larga em oitavo.<\/p>\n\n\n\n<p class=\"wp-block-paragraph\"><strong>\u25b6\ufe0f\u00a0Inscreva-se nos dois canais do GRANDE PR\u00caMIO no YouTube:\u00a0<a href=\"https:\/\/www.youtube.com\/channel\/UC9OlHEgxoaY6QY6nWPoiqQg?sub_confirmation=1\" target=\"_blank\" rel=\"noreferrer noopener\">GP<\/a>\u00a0|\u00a0<a href=\"https:\/\/www.youtube.com\/channel\/UC9csiS6q_C3C0FYhyr1rnFA?sub_confirmation=1\" target=\"_blank\" rel=\"noreferrer noopener\">GP2<\/a><\/strong><br><strong>\u25b6\ufe0f\u00a0<a href=\"https:\/\/www.twitch.tv\/grandepremio\" target=\"_blank\" rel=\"noreferrer noopener\">Conhe\u00e7a o canal do GRANDE PR\u00caMIO na Twitch clicando aqui!<\/a><\/strong><\/p>\n\n\n\n<figure class=\"wp-block-image size-large\"><img decoding=\"async\" src=\"https:\/\/www.grandepremio.com\/br\/wp-content\/uploads\/2022\/10\/redbull-sergioperez-04-1024x683.jpg\" alt=\"\" class=\"wp-image-619352\"\/><figcaption>Sergio P\u00e9rez larga em segundo em Singapura (Foto: Red Bull Content Pool)<\/figcaption><\/figure>\n\n\n\n<p class=\"wp-block-paragraph\">&#8220;\u00c9 uma boa oportunidade de atacar Charles amanh\u00e3 para buscar a vit\u00f3ria. Lamento ter perdido a pole com dois cent\u00e9simos de segundo, mas, no fim das contas, \u00e9 um bom resultado para a equipe. Meu time fez um grande trabalho e tomou as decis\u00f5es corretas&#8221;, afirmou.<\/p>\n\n\n\n<p class=\"wp-block-paragraph\">&#8220;Estava muito dif\u00edcil entender as condi\u00e7\u00f5es de hoje. Amanh\u00e3 pode chover a qualquer momento, ent\u00e3o vai ser crucial n\u00e3o cometer erros&#8221;, finalizou.<\/p>\n\n\n\n<p class=\"wp-block-paragraph\">O\u00a0<strong>GRANDE PR\u00caMIO<\/strong>\u00a0acompanha\u00a0<a href=\"https:\/\/www.grandepremio.com\/br\/ao-vivo\/f1\/\"><strong>AO VIVO<\/strong>\u00a0e\u00a0<strong>EM\u00a0<\/strong><\/a><strong><a href=\"https:\/\/www.grandepremio.com\/br\/ao-vivo\/\" target=\"_blank\" rel=\"noreferrer noopener\">TEMPO REAL<\/a>\u00a0<\/strong>todas as atividades do GP de Singapura de\u00a0<strong><a href=\"https:\/\/www.grandepremio.com\/formula-1\/\" target=\"_blank\" rel=\"noreferrer noopener\">F\u00f3rmula 1<\/a><\/strong>. No domingo, a largada est\u00e1 marcada para 9h [de Bras\u00edlia, GMT-3].<\/p>\n\n\n\n<p class=\"wp-block-paragraph\"><strong>LEIA TAMB\u00c9M<br><a href=\"https:\/\/www.grandepremio.com\/br\/f1\/noticias\/red-bull-sofre-suspeita-quebra-teto-orcamentario-fia-divulgar-resultados\/\">+Red Bull sofre suspeita de quebra do teto or\u00e7ament\u00e1rio. FIA vai divulgar resultados<br>+Red Bull diz desconhecer viola\u00e7\u00e3o em teto de gastos e rebate: &#8220;Dano \u00e0 reputa\u00e7\u00e3o&#8221;<br>+Mercedes pede firmeza da FIA em investiga<\/a><\/strong><a href=\"https:\/\/www.grandepremio.com\/br\/f1\/noticias\/red-bull-diz-desconhecer-violacao-teto-gastos-rebate-dano-reputacao\/\"><strong>\u00e7\u00e3o de estouro de teto de gastos da Red Bull<\/strong><br><strong>+Red Bull sobe tom contra rivais ap\u00f3s cr\u00edticas por teto de gastos: \u201cDifamam o time e a F1\u201d<br>+Ferrari cobra FIA e pede \u201cpuni\u00e7\u00e3o m\u00e1xima\u201d a equipes por estouro do teto de gastos<\/strong><\/a><\/p>\n","protected":false},"excerpt":{"rendered":"<p>Sergio P\u00e9rez afirmou que Red Bull, ao menos o lado dele da garagem, tomou as decis\u00f5es certas no s\u00e1bado da classifica\u00e7\u00e3o em Singapura<\/p>\n","protected":false},"author":0,"featured_media":1000619501,"comment_status":"closed","ping_status":"closed","sticky":false,"template":"","format":"standard","meta":{"42wp_featured_image_caption":"","42wp_featured_image_credits":"","42wp_featured_video":"","42wp_featured_image_hidden":false,"42wp_authors_list":[],"footnotes":""},"categories":[2],"tags":[1357,26841,1397,1491,28285,32504,203,204,3132,3427],"42wp_author":[47120],"class_list":["post-108503","post","type-post","status-publish","format-standard","has-post-thumbnail","hentry","category-f1","tag-f1-2022","tag-formula-1-2022","tag-gp-de-singapura","tag-grande-premio","tag-grandepremio","tag-marina-bay-f1","tag-max-verstappen","tag-red-bull","tag-sergio-perez","tag-singapura-f1","42wp_author-pedro-henrique-marum"],"_links":{"self":[{"href":"https:\/\/grandepremio.com\/br\/wp-json\/wp\/v2\/posts\/108503","targetHints":{"allow":["GET"]}}],"collection":[{"href":"https:\/\/grandepremio.com\/br\/wp-json\/wp\/v2\/posts"}],"about":[{"href":"https:\/\/grandepremio.com\/br\/wp-json\/wp\/v2\/types\/post"}],"replies":[{"embeddable":true,"href":"https:\/\/grandepremio.com\/br\/wp-json\/wp\/v2\/comments?post=108503"}],"version-history":[{"count":0,"href":"https:\/\/grandepremio.com\/br\/wp-json\/wp\/v2\/posts\/108503\/revisions"}],"wp:featuredmedia":[{"embeddable":true,"href":"https:\/\/grandepremio.com\/br\/wp-json\/wp\/v2\/media\/1000619501"}],"wp:attachment":[{"href":"https:\/\/grandepremio.com\/br\/wp-json\/wp\/v2\/media?parent=108503"}],"wp:term":[{"taxonomy":"category","embeddable":true,"href":"https:\/\/grandepremio.com\/br\/wp-json\/wp\/v2\/categories?post=108503"},{"taxonomy":"post_tag","embeddable":true,"href":"https:\/\/grandepremio.com\/br\/wp-json\/wp\/v2\/tags?post=108503"},{"taxonomy":"42wp_author","embeddable":true,"href":"https:\/\/grandepremio.com\/br\/wp-json\/wp\/v2\/42wp_author?post=108503"}],"curies":[{"name":"wp","href":"https:\/\/api.w.org\/{rel}","templated":true}]}}