{"id":108543,"date":"2022-09-30T10:27:57","date_gmt":"2022-09-30T13:27:57","guid":{"rendered":"https:\/\/grandepremio.com\/br\/noticias\/alphatauri-encaminha-chegada-nyck-de-vries-substituto-pierre-gasly-f1-2023\/"},"modified":"2022-09-30T10:36:30","modified_gmt":"2022-09-30T13:36:30","slug":"alphatauri-encaminha-chegada-nyck-de-vries-substituto-pierre-gasly-f1-2023","status":"publish","type":"post","link":"https:\/\/grandepremio.com\/br\/f1\/alphatauri-encaminha-chegada-nyck-de-vries-substituto-pierre-gasly-f1-2023\/","title":{"rendered":"AlphaTauri encaminha chegada de De Vries como substituto de Gasly na F1 2023"},"content":{"rendered":"\n<p class=\"wp-block-paragraph\">A <strong>AlphaTauri<\/strong> est\u00e1 perto de anunciar a contrata\u00e7\u00e3o do holand\u00eas <strong>Nyck De Vries <\/strong>para a temporada de 2023 da <strong>F\u00f3rmula 1<\/strong>. A emissora francesa Canal+ reportou, nesta sexta-feira (30), que o campe\u00e3o da F2 em 2019 e da F\u00f3rmula E em 2020-21 finalmente vai ganhar sua primeira grande oportunidade na principal categoria do automobilismo mundial, aos 27 anos. De Vries tamb\u00e9m era cobi\u00e7ado pela Williams, equipe pela qual fez sua estreia na categoria no GP da It\u00e1lia, terminando na nona coloca\u00e7\u00e3o.<\/p>\n\n\n\n<p class=\"wp-block-paragraph\">Nyck de Vries entrar\u00e1 no lugar de <strong>Pierre Gasly<\/strong>. Apesar do piloto franc\u00eas ter assinado contrato com a AlphaTauri para 2023, a expectativa \u00e9 que ele seja liberado para correr na Alpine na pr\u00f3xima temporada, em substitui\u00e7\u00e3o ao espanhol bicampe\u00e3o mundial Fernando Alonso. Ao longo das \u00faltimas semanas, diversos dirigentes do grupo Red Bull comentaram que n\u00e3o segurariam o piloto de 26 anos de uma oportunidade de sa\u00edda.<\/p>\n\n\n\n<p class=\"wp-block-paragraph\">Inicialmente, a AlphaTauri pretendia contar com o americano <strong>Colton Herta<\/strong> para o pr\u00f3ximo ano. Mas a Federa\u00e7\u00e3o Internacional de Automobilismo bateu o p\u00e9 e n\u00e3o abriu uma exce\u00e7\u00e3o para o piloto da Andretti na Indy, que n\u00e3o tem os pontos necess\u00e1rios para obter a superlicen\u00e7a.<\/p>\n\n\n\n<p class=\"wp-block-paragraph\"><strong>\u25b6\ufe0f\u00a0Inscreva-se nos dois canais do GRANDE PR\u00caMIO no YouTube:\u00a0<a href=\"https:\/\/www.youtube.com\/channel\/UC9OlHEgxoaY6QY6nWPoiqQg?sub_confirmation=1\" target=\"_blank\" rel=\"noreferrer noopener\">GP<\/a>\u00a0|\u00a0<a href=\"https:\/\/www.youtube.com\/channel\/UC9csiS6q_C3C0FYhyr1rnFA?sub_confirmation=1\" target=\"_blank\" rel=\"noreferrer noopener\">GP2<\/a><\/strong><br><strong>\u25b6\ufe0f\u00a0<a href=\"https:\/\/www.twitch.tv\/grandepremio\" target=\"_blank\" rel=\"noreferrer noopener\">Conhe\u00e7a o canal do GRANDE PR\u00caMIO na Twitch clicando aqui!<\/a><\/strong><\/p>\n\n\n\n<figure class=\"wp-block-image size-large\"><img decoding=\"async\" src=\"https:\/\/www.grandepremio.com\/br\/wp-content\/uploads\/2022\/09\/williams-nyckdevries-01-1024x683.jpg\" alt=\"\" class=\"wp-image-613015\"\/><figcaption>De Vries est\u00e1 perto de pintar na AlphaTauri (Foto: Williams)<\/figcaption><\/figure>\n\n\n\n<p class=\"wp-block-paragraph\"><strong><a href=\"https:\/\/www.grandepremio.com\/br\/f1\/noticias\/red-bull-sofre-suspeita-quebra-teto-orcamentario-fia-divulgar-resultados\/\">LEIA MAIS:<\/a><\/strong>\u00a0Red Bull sofre suspeita de quebra do teto or\u00e7ament\u00e1rio. FIA vai divulgar resultados<br><strong><a href=\"https:\/\/www.grandepremio.com\/br\/f1\/noticias\/red-bull-diz-desconhecer-violacao-teto-gastos-rebate-dano-reputacao\/\" class=\"ek-link\">+ <\/a><\/strong>Red Bull diz desconhecer viola\u00e7\u00e3o em teto de gastos e rebate: \u201cDano \u00e0 reputa\u00e7\u00e3o\u201d<\/p>\n\n\n\n<p class=\"wp-block-paragraph\">Campe\u00e3o da F\u00f3rmula 2 em 2019, De Vries n\u00e3o conseguiu vaga no grid imediatamente ap\u00f3s vencer a principal categoria de suporte da F1, e acabou se transferindo para a F\u00f3rmula E, onde conquistou o t\u00edtulo da temporada 2020-21 pela Mercedes. A primeira oportunidade na maior categoria do esporte a motor veio de supet\u00e3o, no GP da It\u00e1lia, disputado no \u00faltimo dia 11.<\/p>\n\n\n\n<p class=\"wp-block-paragraph\">Na ocasi\u00e3o, De Vries foi chamado pela Williams para substituir <strong>Alexander Albon<\/strong>, que precisou de uma cirurgia de emerg\u00eancia ap\u00f3s ser diagnosticado com uma apendicite. Nyck, que \u00e9 reserva da Mercedes e tinha guiado pela Aston Martin nos treinos livres, levou o carro ao Q2 e se beneficiou das puni\u00e7\u00f5es para largar em oitavo e terminar a corrida em nono, levando pontos para casa.<\/p>\n\n\n\n<p class=\"wp-block-paragraph\">Em 2023, o piloto holand\u00eas deve dividir garagem com o japon\u00eas Yuki Tsunoda, que teve o contrato renovado pela AlphaTauri para uma terceira temporada na F\u00f3rmula 1.<\/p>\n\n\n\n<p class=\"wp-block-paragraph\">O\u00a0<strong>GRANDE PR\u00caMIO<\/strong>\u00a0acompanha a\u00a0<strong><a href=\"https:\/\/www.grandepremio.com\/formula-1\/\" target=\"_blank\" rel=\"noreferrer noopener\">F\u00f3rmula 1<\/a><a href=\"https:\/\/www.grandepremio.com\/br\/ao-vivo\/f1\/\" class=\"ek-link\"> <\/a><\/strong><a href=\"https:\/\/www.grandepremio.com\/br\/ao-vivo\/f1\/\" class=\"ek-link\"><strong>AO VIVO<\/strong>\u00a0e\u00a0<strong>EM\u00a0<\/strong><\/a><strong><a href=\"https:\/\/www.grandepremio.com\/br\/ao-vivo\/\" target=\"_blank\" rel=\"noreferrer noopener\">TEMPO REAL<\/a>\u00a0<\/strong>todas as atividades do GP de Singapura. O TL2 est\u00e1 marcado para 10h [de Bras\u00edlia, GMT-3].<\/p>\n","protected":false},"excerpt":{"rendered":"<p>A AlphaTauri est\u00e1 perto de anunciar Nyck de Vries como piloto titular para a temporada 2023 da F\u00f3rmula 1. Chegada do holand\u00eas encaminha ida de Pierre Gasly para a Alpine no pr\u00f3ximo ano<\/p>\n","protected":false},"author":0,"featured_media":1000572388,"comment_status":"closed","ping_status":"closed","sticky":false,"template":"","format":"standard","meta":{"42wp_featured_image_caption":"","42wp_featured_image_credits":"","42wp_featured_video":"","42wp_featured_image_hidden":false,"42wp_authors_list":[],"footnotes":""},"categories":[2],"tags":[524,147,1357,6533,180,1397,1491,28285,1556],"42wp_author":[47119],"class_list":["post-108543","post","type-post","status-publish","format-standard","has-post-thumbnail","hentry","category-f1","tag-alphatauri","tag-f1","tag-f1-2022","tag-f1-2023","tag-formula-1","tag-gp-de-singapura","tag-grande-premio","tag-grandepremio","tag-nyck-de-vries","42wp_author-gabriel-carvalho"],"_links":{"self":[{"href":"https:\/\/grandepremio.com\/br\/wp-json\/wp\/v2\/posts\/108543","targetHints":{"allow":["GET"]}}],"collection":[{"href":"https:\/\/grandepremio.com\/br\/wp-json\/wp\/v2\/posts"}],"about":[{"href":"https:\/\/grandepremio.com\/br\/wp-json\/wp\/v2\/types\/post"}],"replies":[{"embeddable":true,"href":"https:\/\/grandepremio.com\/br\/wp-json\/wp\/v2\/comments?post=108543"}],"version-history":[{"count":0,"href":"https:\/\/grandepremio.com\/br\/wp-json\/wp\/v2\/posts\/108543\/revisions"}],"wp:featuredmedia":[{"embeddable":true,"href":"https:\/\/grandepremio.com\/br\/wp-json\/wp\/v2\/media\/1000572388"}],"wp:attachment":[{"href":"https:\/\/grandepremio.com\/br\/wp-json\/wp\/v2\/media?parent=108543"}],"wp:term":[{"taxonomy":"category","embeddable":true,"href":"https:\/\/grandepremio.com\/br\/wp-json\/wp\/v2\/categories?post=108543"},{"taxonomy":"post_tag","embeddable":true,"href":"https:\/\/grandepremio.com\/br\/wp-json\/wp\/v2\/tags?post=108543"},{"taxonomy":"42wp_author","embeddable":true,"href":"https:\/\/grandepremio.com\/br\/wp-json\/wp\/v2\/42wp_author?post=108543"}],"curies":[{"name":"wp","href":"https:\/\/api.w.org\/{rel}","templated":true}]}}