{"id":108570,"date":"2022-09-29T15:41:20","date_gmt":"2022-09-29T18:41:20","guid":{"rendered":"https:\/\/grandepremio.com\/br\/noticias\/daniel-ricciardo-diz-vaga-f1-plano-a-2023-mas-abre-portas-virar-reserva\/"},"modified":"2022-09-29T15:53:06","modified_gmt":"2022-09-29T18:53:06","slug":"daniel-ricciardo-diz-vaga-f1-plano-a-2023-mas-abre-portas-virar-reserva","status":"publish","type":"post","link":"https:\/\/grandepremio.com\/br\/f1\/daniel-ricciardo-diz-vaga-f1-plano-a-2023-mas-abre-portas-virar-reserva\/","title":{"rendered":"Ricciardo diz que vaga na F1 \u00e9 &#8220;plano A&#8221; para 2023, mas abre portas para virar reserva"},"content":{"rendered":"\n<p class=\"wp-block-paragraph\">O futuro de Daniel Ricciardo ainda \u00e9 uma das pe\u00e7as do quebra-cabe\u00e7a da F\u00f3rmula 1. Nas corridas finais pela McLaren antes da rescis\u00e3o de contrato, o piloto australiano ainda n\u00e3o tem lugar definido para correr na temporada 2023, e corre o risco de ficar fora do grid, algo que n\u00e3o acontece desde sua estreia no Mundial, em 2011.<\/p>\n\n\n\n<p class=\"wp-block-paragraph\">\u00c0s v\u00e9speras do GP de Singapura, Ricciardo reiterou que o plano ainda \u00e9 de permanecer na F\u00f3rmula 1, mas que n\u00e3o deseja apenas ficar com a primeira vaga que surgir. Alpine [por onde o australiano j\u00e1 passou], Williams e Haas s\u00e3o as equipes com vagas abertas no momento.<\/p>\n\n\n\n<p class=\"wp-block-paragraph\">&#8220;Minha cabe\u00e7a est\u00e1 no mesmo lugar. Ainda desejo fazer parte da F1. \u00c9 claro que, o plano A \u00e9 estar no grid, mas nada mudou. Digamos que eu n\u00e3o queria apenas pegar o primeiro lugar dispon\u00edvel. Eu sei que o cen\u00e1rio provavelmente vai mudar ao final do ano com contratos e tudo mais. N\u00e3o quero dizer que sigo paciente, mas sigo aberto&#8221;, disse Daniel em entrevista ao site da F\u00f3rmula 1. <\/p>\n\n\n\n<p class=\"wp-block-paragraph\"><strong>\u25b6\ufe0f\u00a0Inscreva-se nos dois canais do GRANDE PR\u00caMIO no YouTube:\u00a0<a href=\"https:\/\/www.youtube.com\/channel\/UC9OlHEgxoaY6QY6nWPoiqQg?sub_confirmation=1\" target=\"_blank\" rel=\"noreferrer noopener\">GP<\/a>\u00a0|\u00a0<a href=\"https:\/\/www.youtube.com\/channel\/UC9csiS6q_C3C0FYhyr1rnFA?sub_confirmation=1\" target=\"_blank\" rel=\"noreferrer noopener\">GP2<\/a><\/strong><br><strong>\u25b6\ufe0f\u00a0<a href=\"https:\/\/www.twitch.tv\/grandepremio\" target=\"_blank\" rel=\"noreferrer noopener\">Conhe\u00e7a o canal do GRANDE PR\u00caMIO na Twitch clicando aqui!<\/a><\/strong><\/p>\n\n\n\n<figure class=\"wp-block-image size-large\"><img decoding=\"async\" src=\"https:\/\/www.grandepremio.com\/br\/wp-content\/uploads\/2020\/05\/HungarianGrandPrix2022SaturdayGP2213_122351_1ST7470-1024x682.jpg\" alt=\"\" class=\"wp-image-614719\"\/><figcaption>Daniel Ricciardo ainda analisa o futuro (Foto: McLaren)<\/figcaption><\/figure>\n\n\n\n<p class=\"wp-block-paragraph\">Ricciardo revelou que h\u00e1 a possibilidade de se tornar piloto reserva de alguma equipe em 2023. O nome do australiano chegou a ser ligado a Mercedes em rumores na imprensa internacional. Por\u00e9m, Daniel mant\u00e9m a calma e pretende fechar o futuro n\u00e3o apenas para 2023, mas tamb\u00e9m para o ano seguinte.<\/p>\n\n\n\n<p class=\"wp-block-paragraph\">&#8220;Meu time [de agentes] est\u00e1 conversando com quase todo mundo, ent\u00e3o est\u00e3o apenas tentando juntar tudo e entender o que faz mais sentido. N\u00e3o quero olhar para os pr\u00f3ximos 12 meses sem olhar para os pr\u00f3ximos 24. Um posto de reserva certamente \u00e9 algo realista&#8221;, completou.<\/p>\n\n\n\n<p class=\"wp-block-paragraph\">Ricciardo deixar\u00e1 a McLaren ap\u00f3s duas temporadas. Mesmo quebrando o jejum de vit\u00f3rias da equipe com o triunfo no GP da It\u00e1lia de 2021, o australiano teve um desempenho bastante aqu\u00e9m do desejado pelo time de Woking, e entrou em acordo para antecipar o fim do v\u00ednculo, que inicialmente iria at\u00e9 2023. Ele ser\u00e1 substitu\u00eddo por Oscar Piastri.<\/p>\n\n\n\n<p class=\"wp-block-paragraph\">O&nbsp;<strong>GRANDE PR\u00caMIO<\/strong>&nbsp;acompanha&nbsp;<a href=\"https:\/\/www.grandepremio.com\/br\/f1\/ao-vivo\"><strong>AO VIVO<\/strong>&nbsp;e&nbsp;<strong>EM&nbsp;<\/strong><\/a><strong><a href=\"https:\/\/www.grandepremio.com\/br\/ao-vivo\/\" target=\"_blank\" rel=\"noreferrer noopener\">TEMPO REAL<\/a><\/strong>&nbsp;todas as atividades do GP de Singapura de&nbsp;<a href=\"https:\/\/www.grandepremio.com\/formula-1\/\" target=\"_blank\" rel=\"noreferrer noopener\">F\u00f3rmula 1<\/a>.<\/p>\n\n\n\n<p class=\"wp-block-paragraph\"><strong>LEIA MAIS<br>+ Verstappen&nbsp;<a href=\"https:\/\/www.grandepremio.com\/br\/f1\/noticias\/max-verstappen-nega-pressa-vencer-formula-1-2022-pede-fim-de-semana-positivo-singapura\/\">nega pressa para vencer&nbsp;<\/a><a href=\"https:\/\/www.grandepremio.com\/br\/f1\/calendario\" target=\"_blank\" rel=\"noreferrer noopener\">F1 2022<\/a>&nbsp;e pede \u201cfim de semana positivo\u201d em Singapura<br>+&nbsp;<a href=\"https:\/\/www.grandepremio.com\/br\/f1\/noticias\/matematica-titulo-como-max-verstappen-pode-ser-campeao-formula-1-2022-singapura\/\">Matem\u00e1tica do t\u00edtulo<\/a>: como Verstappen pode ser campe\u00e3o da F1 2022 j\u00e1 em Singapura<\/strong><\/p>\n","protected":false},"excerpt":{"rendered":"<p>Daniel Ricciardo ainda n\u00e3o tem not\u00edcias sobre o futuro na F\u00f3rmula 1 em 2023, mas reconhece a possibilidade de virar reserva de um grande time caso o &#8216;Plano A&#8217; de ser titular falhe<\/p>\n","protected":false},"author":0,"featured_media":1000610845,"comment_status":"closed","ping_status":"closed","sticky":false,"template":"","format":"standard","meta":{"42wp_featured_image_caption":"","42wp_featured_image_credits":"","42wp_featured_video":"","42wp_featured_image_hidden":false,"42wp_authors_list":[],"footnotes":""},"categories":[2],"tags":[211,147,1357,6533,180,26841,1491,28285,90,2916,986],"42wp_author":[47119],"class_list":["post-108570","post","type-post","status-publish","format-standard","has-post-thumbnail","hentry","category-f1","tag-daniel-ricciardo","tag-f1","tag-f1-2022","tag-f1-2023","tag-formula-1","tag-formula-1-2022","tag-grande-premio","tag-grandepremio","tag-mclaren","tag-oscar-piastri","tag-reserva","42wp_author-gabriel-carvalho"],"_links":{"self":[{"href":"https:\/\/grandepremio.com\/br\/wp-json\/wp\/v2\/posts\/108570","targetHints":{"allow":["GET"]}}],"collection":[{"href":"https:\/\/grandepremio.com\/br\/wp-json\/wp\/v2\/posts"}],"about":[{"href":"https:\/\/grandepremio.com\/br\/wp-json\/wp\/v2\/types\/post"}],"replies":[{"embeddable":true,"href":"https:\/\/grandepremio.com\/br\/wp-json\/wp\/v2\/comments?post=108570"}],"version-history":[{"count":0,"href":"https:\/\/grandepremio.com\/br\/wp-json\/wp\/v2\/posts\/108570\/revisions"}],"wp:featuredmedia":[{"embeddable":true,"href":"https:\/\/grandepremio.com\/br\/wp-json\/wp\/v2\/media\/1000610845"}],"wp:attachment":[{"href":"https:\/\/grandepremio.com\/br\/wp-json\/wp\/v2\/media?parent=108570"}],"wp:term":[{"taxonomy":"category","embeddable":true,"href":"https:\/\/grandepremio.com\/br\/wp-json\/wp\/v2\/categories?post=108570"},{"taxonomy":"post_tag","embeddable":true,"href":"https:\/\/grandepremio.com\/br\/wp-json\/wp\/v2\/tags?post=108570"},{"taxonomy":"42wp_author","embeddable":true,"href":"https:\/\/grandepremio.com\/br\/wp-json\/wp\/v2\/42wp_author?post=108570"}],"curies":[{"name":"wp","href":"https:\/\/api.w.org\/{rel}","templated":true}]}}