{"id":108642,"date":"2022-09-26T10:44:45","date_gmt":"2022-09-26T13:44:45","guid":{"rendered":"https:\/\/grandepremio.com\/br\/noticias\/gabriel-bortoleto-fecha-trident-testes-coletivos-disputa-formula-3-2023\/"},"modified":"2022-09-26T10:45:51","modified_gmt":"2022-09-26T13:45:51","slug":"gabriel-bortoleto-fecha-trident-testes-coletivos-disputa-formula-3-2023","status":"publish","type":"post","link":"https:\/\/grandepremio.com\/br\/f3\/gabriel-bortoleto-fecha-trident-testes-coletivos-disputa-formula-3-2023\/","title":{"rendered":"Bortoleto fecha com Trident ap\u00f3s testes coletivos e disputa F\u00f3rmula 3 em 2023"},"content":{"rendered":"\n<p class=\"wp-block-paragraph\">A Trident anunciou na manh\u00e3 desta segunda-feira (26) o brasileiro Gabriel Bortoleto como um de seus tr\u00eas pilotos para a temporada de 2023 da F\u00f3rmula 3. Bortoleto j\u00e1 havia participado dos testes de p\u00f3s-temporada com a equipe italiana, <a href=\"https:\/\/www.grandepremio.com\/br\/f3\/noticias\/gabriel-bortoleto-lidera-segundo-dia-testes-formula-3-jerez-roberto-faria-e-26o\/\" class=\"ek-link\">inclusive terminando com a melhor marca geral dos tr\u00eas dias na \u00faltima semana<\/a>.<\/p>\n\n\n\n<p class=\"wp-block-paragraph\">&#8220;Estou extremamente feliz por ter a oportunidade de competir no Campeonato\u00a0da F\u00f3rmula 3\u00a0de 2023 sob a estrutura da\u00a0Trident&#8221;, disse Gabriel em suas redes sociais. &#8220;Quero agradecer a todos os membros da equipe italiana pela calorosa recep\u00e7\u00e3o que recebi&#8221;, prosseguiu.<\/p>\n\n\n\n<p class=\"wp-block-paragraph\">&#8220;Estou preparado para o meu pr\u00f3ximo passo, para ir a uma nova categoria. Vou manter o foco e me dedicar muito para aproveitar ao m\u00e1ximo essa oportunidade. Obrigado a minha fam\u00edlia por todo o apoio que me d\u00e3o, sem eles n\u00e3o estaria aqui e n\u00e3o teria esta oportunidade&#8221;, agradeceu o brasileiro.<\/p>\n\n\n\n<p class=\"wp-block-paragraph\"><strong>\u25b6\ufe0f&nbsp;Inscreva-se nos dois canais do GRANDE PR\u00caMIO no YouTube:&nbsp;<a href=\"https:\/\/www.youtube.com\/channel\/UC9OlHEgxoaY6QY6nWPoiqQg?sub_confirmation=1\" target=\"_blank\" rel=\"noreferrer noopener\">GP<\/a>&nbsp;|&nbsp;<a href=\"https:\/\/www.youtube.com\/channel\/UC9csiS6q_C3C0FYhyr1rnFA?sub_confirmation=1\" target=\"_blank\" rel=\"noreferrer noopener\">GP2<\/a><\/strong><br><strong>\u25b6\ufe0f&nbsp;<a href=\"https:\/\/www.twitch.tv\/grandepremio\" target=\"_blank\" rel=\"noreferrer noopener\">Conhe\u00e7a o canal do GRANDE PR\u00caMIO na Twitch clicando aqui!<\/a><\/strong><\/p>\n\n\n\n<figure class=\"wp-block-image size-large\"><img decoding=\"async\" src=\"https:\/\/www.grandepremio.com\/br\/wp-content\/uploads\/2022\/09\/FdQGAY2WYAEkxzU-1024x682.jpg\" alt=\"\" class=\"wp-image-616557\"\/><figcaption>Gabriel Bortoleto durante teste com a Trident (Foto: F\u00f3rmula 3)<\/figcaption><\/figure>\n\n\n\n<p class=\"wp-block-paragraph\">Bortoleto participa atualmente da F\u00f3rmula Regional Europeia by Alpine, onde compete pela equipe R-Ace. O jovem de 17 anos ocupa a sexta coloca\u00e7\u00e3o entre os pilotos, com uma vit\u00f3ria e tr\u00eas p\u00f3dios no total. A mudan\u00e7a para a Trident d\u00e1 chance para o brasileiro brigar na frente do grid da F3, j\u00e1 que o time italiano levou o campeonato de equipes em 2021 e \u00e9 o atual vice-campe\u00e3o.<\/p>\n\n\n\n<p class=\"wp-block-paragraph\">&#8220;Estamos encantados em receber o Gabriel Bortoleto para nossa equipe na F\u00f3rmula 3 em sua estreia na categoria. Vamos l\u00e1 amigo, seja bem vindo \u00e0 nossa fam\u00edlia!&#8221;, afirmou a Trident em suas redes sociais.<\/p>\n\n\n\n<p class=\"wp-block-paragraph\">Gabriel ainda tem mais duas etapas na FRECA em 2022. O brasileiro volta \u00e0s pistas nos dias 15 e 16 de outubro, para a etapa da Espanha, no Circuito da Catalunha.<\/p>\n","protected":false},"excerpt":{"rendered":"<p>O brasileiro Gabriel Bortoleto vai deixar a F\u00f3rmula Regional Europeia by Alpine rumo \u00e0 F\u00f3rmula 3 na pr\u00f3xima temporada e fechou com a equipe Trident, atual vice-campe\u00e3<\/p>\n","protected":false},"author":0,"featured_media":1000617905,"comment_status":"closed","ping_status":"closed","sticky":false,"template":"","format":"standard","meta":{"42wp_featured_image_caption":"","42wp_featured_image_credits":"","42wp_featured_video":"","42wp_featured_image_hidden":false,"42wp_authors_list":[],"footnotes":""},"categories":[10],"tags":[1008,32564,8057,32563,27762,28105,350,2204],"42wp_author":[47144],"class_list":["post-108642","post","type-post","status-publish","format-standard","has-post-thumbnail","hentry","category-f3","tag-f3","tag-f3-2023","tag-formula-3","tag-formula-3-2023","tag-formula-regional-europeia-by-alpine","tag-freca","tag-gabriel-bortoleto","tag-trident","42wp_author-andre-netto"],"_links":{"self":[{"href":"https:\/\/grandepremio.com\/br\/wp-json\/wp\/v2\/posts\/108642","targetHints":{"allow":["GET"]}}],"collection":[{"href":"https:\/\/grandepremio.com\/br\/wp-json\/wp\/v2\/posts"}],"about":[{"href":"https:\/\/grandepremio.com\/br\/wp-json\/wp\/v2\/types\/post"}],"replies":[{"embeddable":true,"href":"https:\/\/grandepremio.com\/br\/wp-json\/wp\/v2\/comments?post=108642"}],"version-history":[{"count":0,"href":"https:\/\/grandepremio.com\/br\/wp-json\/wp\/v2\/posts\/108642\/revisions"}],"wp:featuredmedia":[{"embeddable":true,"href":"https:\/\/grandepremio.com\/br\/wp-json\/wp\/v2\/media\/1000617905"}],"wp:attachment":[{"href":"https:\/\/grandepremio.com\/br\/wp-json\/wp\/v2\/media?parent=108642"}],"wp:term":[{"taxonomy":"category","embeddable":true,"href":"https:\/\/grandepremio.com\/br\/wp-json\/wp\/v2\/categories?post=108642"},{"taxonomy":"post_tag","embeddable":true,"href":"https:\/\/grandepremio.com\/br\/wp-json\/wp\/v2\/tags?post=108642"},{"taxonomy":"42wp_author","embeddable":true,"href":"https:\/\/grandepremio.com\/br\/wp-json\/wp\/v2\/42wp_author?post=108642"}],"curies":[{"name":"wp","href":"https:\/\/api.w.org\/{rel}","templated":true}]}}