{"id":108647,"date":"2022-09-26T08:16:06","date_gmt":"2022-09-26T11:16:06","guid":{"rendered":"https:\/\/grandepremio.com\/br\/noticias\/alpine-reduz-lista-analisa-seis-nomes-formula-1-2023-vamos-tomar-nosso-tempo\/"},"modified":"2022-09-26T13:45:38","modified_gmt":"2022-09-26T16:45:38","slug":"alpine-reduz-lista-analisa-seis-nomes-formula-1-2023-vamos-tomar-nosso-tempo","status":"publish","type":"post","link":"https:\/\/grandepremio.com\/br\/f1\/alpine-reduz-lista-analisa-seis-nomes-formula-1-2023-vamos-tomar-nosso-tempo\/","title":{"rendered":"Alpine reduz lista e analisa seis nomes para F1 2023: &#8220;Vamos tomar nosso tempo&#8221;"},"content":{"rendered":"\n<p class=\"wp-block-paragraph\">Inicialmente com 14 nomes, a lista de pilotos que a Alpine observa para colocar na vaga de Fernando Alonso em 2023 caiu para somente seis. De acordo com o diretor-executivo da equipe francesa, Laurent Rossi, &#8220;n\u00e3o h\u00e1 pressa&#8221; por parte do time em definir a escolha \u2014 mas j\u00e1 uma data tra\u00e7ada para que o cen\u00e1rio fique mais claro.<\/p>\n\n\n\n<p class=\"wp-block-paragraph\"><strong>\u25b6\ufe0f&nbsp;Inscreva-se nos dois canais do GRANDE PR\u00caMIO no YouTube:&nbsp;<a href=\"https:\/\/www.youtube.com\/channel\/UC9OlHEgxoaY6QY6nWPoiqQg?sub_confirmation=1\" target=\"_blank\" rel=\"noreferrer noopener\">GP<\/a>&nbsp;|&nbsp;<a href=\"https:\/\/www.youtube.com\/channel\/UC9csiS6q_C3C0FYhyr1rnFA?sub_confirmation=1\" target=\"_blank\" rel=\"noreferrer noopener\">GP2<\/a><\/strong><br><strong>\u25b6\ufe0f&nbsp;<a href=\"https:\/\/www.twitch.tv\/grandepremio\" target=\"_blank\" rel=\"noreferrer noopener\">Conhe\u00e7a o canal do GRANDE PR\u00caMIO na Twitch clicando aqui!<\/a><\/strong><\/p>\n\n\n\n<p class=\"wp-block-paragraph\">&#8220;N\u00f3s vamos tomar o nosso tempo, porque n\u00e3o queremos errar. N\u00e3o h\u00e1 pressa e estamos em uma situa\u00e7\u00e3o confort\u00e1vel. Mod\u00e9stia \u00e0 parte, n\u00f3s temos a melhor vaga dispon\u00edvel do paddock no momento. Somos o quarto melhor time do grid, ent\u00e3o os pilotos nos aguardam antes de tomar qualquer decis\u00e3o&#8221;, disse Rossi ao <em>RacingNews365<\/em>.<\/p>\n\n\n\n<p class=\"wp-block-paragraph\">&#8220;Escolhemos 14 pilotos, como Otmar (Szafnauer, chefe de equipe da Alpine) revelou anteriormente. Agora, estamos analisando seis. Alguns n\u00e3o est\u00e3o completamente livres para fazer uma troca, outros talvez n\u00e3o se encaixem no grande cen\u00e1rio das coisas. At\u00e9 o fim de setembro, devemos ter uma boa ideia de quem queremos contratar&#8221;, apontou. <\/p>\n\n\n\n<figure class=\"wp-block-image size-large\"><img decoding=\"async\" src=\"https:\/\/www.grandepremio.com\/br\/wp-content\/uploads\/2022\/09\/alpine-fernandoalonso-01-2-1024x683.jpg\" alt=\"\" class=\"wp-image-609609\"\/><figcaption>Quem ir\u00e1 substituir Fernando Alonso? (Foto: Alpine)<\/figcaption><\/figure>\n\n\n\n<p class=\"wp-block-paragraph\">Apontado como favorito da Alpine, Pierre Gasly se v\u00ea contratualmente amarrado a AlphaTauri \u2014 que primeiro precisa decidir se vai mesmo optar por Nyck de Vries, ap\u00f3s a <a href=\"https:\/\/www.grandepremio.com\/br\/f1\/noticias\/fia-rejeita-pedido-superlicenca-barra-entrada-colton-herta-formula-1\/#:~:text=A%20FIA%20(Federa%C3%A7%C3%A3o%20Internacional%20de,%22seguran%C3%A7a%2C%20experi%C3%AAncia%20e%20desempenho%22\" class=\"ek-link\">FIA (Federa\u00e7\u00e3o Internacional de Automobilismo) barrar Colton Herta<\/a>. <\/p>\n\n\n\n<p class=\"wp-block-paragraph\">Mas Gasly s\u00f3 virou uma op\u00e7\u00e3o para a equipe francesa depois que Oscar Piastri publicamente rejeitou a Alpine. Depois de grande imbr\u00f3glio, o australiano acertou com a McLaren \u2014 <a href=\"https:\/\/www.grandepremio.com\/br\/f1\/noticias\/alpine-admite-descuido-volta-atacar-oscar-piastri-reclama-recusa-williams\/\" class=\"ek-link\">e mesmo ap\u00f3s falar extensivamente sobre o assunto<\/a>, Rossi voltou a abordar toda a situa\u00e7\u00e3o envolvendo o jovem piloto.<\/p>\n\n\n\n<p class=\"wp-block-paragraph\">&#8220;Vamos achar um piloto que pilote o carro \u2014 e, no fim, o carro ainda faz a diferen\u00e7a na performance. A decep\u00e7\u00e3o vem do grande investimento e da lealdade que mostra a algu\u00e9m \u2014 voc\u00ea n\u00e3o espera que eles n\u00e3o retornem isso, como todo mundo&#8221;, afirmou.<\/p>\n\n\n\n<figure class=\"wp-block-embed is-type-rich is-provider-spotify wp-block-embed-spotify wp-embed-aspect-21-9 wp-has-aspect-ratio\"><div class=\"wp-block-embed__wrapper\">\n<iframe title=\"Spotify Embed: Paddockast #166: M\u00e1rquez volta, Quartararo trope\u00e7a e MotoGP 2022 pega fogo\" style=\"border-radius: 12px\" width=\"100%\" height=\"152\" frameborder=\"0\" allowfullscreen allow=\"autoplay; clipboard-write; encrypted-media; fullscreen; picture-in-picture\" loading=\"lazy\" src=\"https:\/\/open.spotify.com\/embed\/episode\/7x3T3rpTTWRibphDV7JIRj?utm_source=oembed\"><\/iframe>\n<\/div><\/figure>\n\n\n\n<p class=\"wp-block-paragraph\">Quando a Alpine, ent\u00e3o Renault, retornou \u00e0 F1 como uma equipe de f\u00e1brica em 2016, o plano original previa cinco anos para o time voltar a vencer corridas e disputar t\u00edtulos. De l\u00e1 para c\u00e1, somente um triunfo, com Esteban Ocon vencendo o GP da Hungria de 2021.<\/p>\n\n\n\n<p class=\"wp-block-paragraph\">Al\u00e9m disso, j\u00e1 incluindo a escala\u00e7\u00e3o para 2023, a Alpine tem para a conta sete duplas diferentes de pilotos e oito pilotos em apenas oito temporadas. N\u00e3o d\u00e1 para falar em estabilidade, mas Rossi demonstrou acreditar que n\u00e3o importa quem est\u00e1 no carro \u2014 a equipe s\u00f3 precisa fazer um trabalho melhor de construir um b\u00f3lido veloz.<\/p>\n\n\n\n<figure class=\"wp-block-image size-large\"><img decoding=\"async\" src=\"https:\/\/www.grandepremio.com\/br\/wp-content\/uploads\/2022\/08\/FUA8ANlWQAIwfWq-1024x576.jpg\" alt=\"\" class=\"wp-image-602367\"\/><figcaption>Laurent Rossi voltou a falar sobre Oscar Piastri (Foto: Alpine)<\/figcaption><\/figure>\n\n\n\n<p class=\"wp-block-paragraph\">&#8220;N\u00f3s sab\u00edamos que seria uma esp\u00e9cie de novela. Sab\u00edamos que haveria drama, e estamos prontos para a pr\u00f3xima vez: nossa pele fica cada vez mais grossa, mas o projeto continua. Estamos fazendo progresso e indo na dire\u00e7\u00e3o certa. Como eu disse, o piloto \u00e9 importante, mas o carro importa mais&#8221;, contou o CEO.<\/p>\n\n\n\n<p class=\"wp-block-paragraph\">&#8220;A dist\u00e2ncia para a Mercedes \u00e9 de 0s5 e, para a Ferrari, de 1s. Nenhum piloto consegue tirar isso por conta pr\u00f3pria. (Caso Piastri) \u00e9 s\u00f3 uma pequena lombada na estrada. Vamos consertar isso. Na verdade, j\u00e1 encerramos esse cap\u00edtulo. O que dissemos sobre isso \u00e9, na nossa vis\u00e3o, a verdade nua e crua. Vamos deixar isso para tr\u00e1s e seguir em frente&#8221;, finalizou Rossi.<\/p>\n\n\n\n<p class=\"wp-block-paragraph\"><strong>LEIA TAMB\u00c9M<br>+ <a href=\"https:\/\/www.grandepremio.com\/br\/f1\/noticias\/chefe-alpine-cogita-encerrar-programa-jovens-pilotos-apos-caso-oscar-piastri\/\" class=\"ek-link\">Chefe da Alpine cogita encerrar programa de jovens pilotos ap\u00f3s \u2018Caso Piastri\u2019<\/a><\/strong><\/p>\n","protected":false},"excerpt":{"rendered":"<p>Diretor-executivo da equipe francesa, Laurent Rossi tamb\u00e9m voltou a falar sobre caso envolvendo Oscar Piastri e, mais uma vez, apontou falta de lealdade do jovem australiano<\/p>\n","protected":false},"author":0,"featured_media":1000614149,"comment_status":"closed","ping_status":"closed","sticky":false,"template":"","format":"standard","meta":{"42wp_featured_image_caption":"","42wp_featured_image_credits":"","42wp_featured_video":"","42wp_featured_image_hidden":false,"42wp_authors_list":[],"footnotes":""},"categories":[2],"tags":[20491,147,1357,176,180,26841,1390,1491,28285,27073,2916,30336,676,3563],"42wp_author":[47143],"class_list":["post-108647","post","type-post","status-publish","format-standard","has-post-thumbnail","hentry","category-f1","tag-alpine","tag-f1","tag-f1-2022","tag-fernando-alonso","tag-formula-1","tag-formula-1-2022","tag-gasly","tag-grande-premio","tag-grandepremio","tag-laurent-rossi","tag-oscar-piastri","tag-piastri","tag-pierre-gasly","tag-rossi","42wp_author-felipe-leite"],"_links":{"self":[{"href":"https:\/\/grandepremio.com\/br\/wp-json\/wp\/v2\/posts\/108647","targetHints":{"allow":["GET"]}}],"collection":[{"href":"https:\/\/grandepremio.com\/br\/wp-json\/wp\/v2\/posts"}],"about":[{"href":"https:\/\/grandepremio.com\/br\/wp-json\/wp\/v2\/types\/post"}],"replies":[{"embeddable":true,"href":"https:\/\/grandepremio.com\/br\/wp-json\/wp\/v2\/comments?post=108647"}],"version-history":[{"count":0,"href":"https:\/\/grandepremio.com\/br\/wp-json\/wp\/v2\/posts\/108647\/revisions"}],"wp:featuredmedia":[{"embeddable":true,"href":"https:\/\/grandepremio.com\/br\/wp-json\/wp\/v2\/media\/1000614149"}],"wp:attachment":[{"href":"https:\/\/grandepremio.com\/br\/wp-json\/wp\/v2\/media?parent=108647"}],"wp:term":[{"taxonomy":"category","embeddable":true,"href":"https:\/\/grandepremio.com\/br\/wp-json\/wp\/v2\/categories?post=108647"},{"taxonomy":"post_tag","embeddable":true,"href":"https:\/\/grandepremio.com\/br\/wp-json\/wp\/v2\/tags?post=108647"},{"taxonomy":"42wp_author","embeddable":true,"href":"https:\/\/grandepremio.com\/br\/wp-json\/wp\/v2\/42wp_author?post=108647"}],"curies":[{"name":"wp","href":"https:\/\/api.w.org\/{rel}","templated":true}]}}