{"id":108678,"date":"2022-09-25T03:47:15","date_gmt":"2022-09-25T06:47:15","guid":{"rendered":"https:\/\/grandepremio.com\/br\/noticias\/jack-miller-domina-vence-japao-fabio-quartararo-oitavo-francesco-bagnaia-cai-ultima-volta\/"},"modified":"2022-09-25T08:39:31","modified_gmt":"2022-09-25T11:39:31","slug":"jack-miller-domina-vence-japao-fabio-quartararo-oitavo-francesco-bagnaia-cai-ultima-volta","status":"publish","type":"post","link":"https:\/\/grandepremio.com\/br\/motogp\/jack-miller-domina-vence-japao-fabio-quartararo-oitavo-francesco-bagnaia-cai-ultima-volta\/","title":{"rendered":"Miller domina e vence no Jap\u00e3o. Quartararo \u00e9 oitavo e Bagnaia cai na \u00faltima volta"},"content":{"rendered":"\n<p class=\"wp-block-paragraph\">O <strong>GP do Jap\u00e3o<\/strong> costuma render surpresas para o campeonato da <strong>MotoGP<\/strong>&#8230; e hoje n\u00e3o foi diferente. Com abandonos, problemas e at\u00e9 moto em chamas, nenhum dos favoritos ao t\u00edtulo venceu em <strong>Motegi <\/strong>neste domingo (25). Coube a <strong>Jack Miller<\/strong> aproveitar as oportunidades com tranquilidade e triunfar pela primeira vez em 2022.<\/p>\n\n\n\n<p class=\"wp-block-paragraph\">O p\u00f3dio tamb\u00e9m foi longe do esperado. Sem <strong>Francesco Bagnaia, Fabio Quartararo <\/strong>ou <strong>Aleix Espargar\u00f3<\/strong>, <strong>Brad Binder <\/strong>colocou a <strong>KTM <\/strong>no segundo lugar. <strong>Jorge Mart\u00edn<\/strong> finalizou em terceiro, \u00e0 frente do pole da prova, <strong>Marc M\u00e1rquez<\/strong>, que perdeu a vantagem logo no in\u00edcio. <strong>Miguel Oliveira<\/strong> fechou o top-5.<\/p>\n\n\n\n<p class=\"wp-block-paragraph\"><strong>CLASSIFICA\u00c7\u00c3O DA MOTOGP<\/strong><br>\ud83e\uddee <strong><a href=\"https:\/\/www.grandepremio.com\/br\/motogp\/noticias\/fabio-quartararo-usa-caos-japao-amplia-vantagem-motogp-confira-classificacao\/\" class=\"ek-link\">Quartararo usa caos no Jap\u00e3o e amplia vantagem na MotoGP<\/a><\/strong><\/p>\n\n\n\n<figure class=\"wp-block-image size-large\"><img decoding=\"async\" src=\"https:\/\/www.grandepremio.com\/br\/wp-content\/uploads\/2022\/09\/DS_0847-1024x682.jpg\" alt=\"\" class=\"wp-image-616727\"\/><figcaption>Jack Miller venceu no Jap\u00e3o (Foto: Divulga\u00e7\u00e3o\/MotoGP)<\/figcaption><\/figure>\n\n\n\n<p class=\"wp-block-paragraph\"><strong>\u25b6\ufe0f&nbsp;Inscreva-se nos dois canais do GRANDE PR\u00caMIO no YouTube:&nbsp;<a href=\"https:\/\/www.youtube.com\/channel\/UC9OlHEgxoaY6QY6nWPoiqQg?sub_confirmation=1\" target=\"_blank\" rel=\"noreferrer noopener\">GP<\/a>&nbsp;|&nbsp;<a href=\"https:\/\/www.youtube.com\/channel\/UC9csiS6q_C3C0FYhyr1rnFA?sub_confirmation=1\" target=\"_blank\" rel=\"noreferrer noopener\">GP2<\/a><\/strong><\/p>\n\n\n\n<p class=\"wp-block-paragraph\"><strong>Luca Marini<\/strong> e<strong> Maverick Vi\u00f1ales<\/strong> vieram atr\u00e1s.<strong> L\u00edder do campeonato, Fabio Quartararo<\/strong> recebeu a bandeirada em oitavo, \u00e0 frente de <strong>Enea Bastianini e Marco Bezzechi<\/strong>, que fecham as dez primeiras posi\u00e7\u00f5es. <\/p>\n\n\n\n<p class=\"wp-block-paragraph\">O dia foi amargo para <strong>Aleix Espargar\u00f3<\/strong> e<strong> Francesco Bagnaia<\/strong>. O <a href=\"https:\/\/www.grandepremio.com\/br\/video\/motogp\/aleix-espargaro-problemas-aquecimento-troca-moto-larga-pit-lane-japao\/\" class=\"ek-link\">primeiro teve problemas com a RS-GP na volta de aquecimento e teve de voltar aos boxes para trocar a moto \u00e0s pressas<\/a>. Terminou em 16\u00ba. J\u00e1 o italiano, tentava bater Quartararo quando caiu na \u00faltima volta e desperdi\u00e7ou bons pontos.<\/p>\n\n\n\n<p class=\"wp-block-paragraph\">Com o desfecho do GP do Jap\u00e3o, Quartararo agora tem 219 pontos, elevando para 18 a vantagem em rela\u00e7\u00e3o a Bagnaia na classifica\u00e7\u00e3o da MotoGP. Aleix Espargar\u00f3 mant\u00e9m o terceiro posto, 25 atr\u00e1s. Bastianini segue em quarto, diante de Miller.<\/p>\n\n\n\n<p class=\"wp-block-paragraph\">A <strong>MotoGP <\/strong>volta na semana que vem com o GP da <strong>Tail\u00e2ndia<\/strong>, em <strong><a href=\"https:\/\/www.grandepremio.com\/br\/circuito\/chang\/\" target=\"_blank\" rel=\"noreferrer noopener\">Chang<\/a><\/strong>. O&nbsp;<strong>GRANDE PR\u00caMIO<\/strong>&nbsp;acompanha todas as atividades do Mundial de&nbsp;<a href=\"https:\/\/www.grandepremio.com\/motovelocidade\/\" target=\"_blank\" rel=\"noreferrer noopener\">Motovelocidade<\/a>&nbsp;2022.<\/p>\n\n\n\n<figure class=\"wp-block-embed is-type-rich is-provider-spotify wp-block-embed-spotify wp-embed-aspect-21-9 wp-has-aspect-ratio\"><div class=\"wp-block-embed__wrapper\">\n<iframe title=\"Spotify Embed: Paddockast #166: M\u00e1rquez volta, Quartararo trope\u00e7a e MotoGP 2022 pega fogo\" style=\"border-radius: 12px\" width=\"100%\" height=\"152\" frameborder=\"0\" allowfullscreen allow=\"autoplay; clipboard-write; encrypted-media; fullscreen; picture-in-picture\" loading=\"lazy\" src=\"https:\/\/open.spotify.com\/embed\/episode\/7x3T3rpTTWRibphDV7JIRj?si=8cd6c3e9bae24914&amp;utm_source=oembed\"><\/iframe>\n<\/div><\/figure>\n\n\n\n<h3 class=\"wp-block-heading\" id=\"h-saiba-como-foi-o-gp-do-japao-de-motogp\"><strong>Saiba como foi o GP do Jap\u00e3o de MotoGP:<\/strong><\/h3>\n\n\n\n<p class=\"wp-block-paragraph\">Depois de o <strong>tuf\u00e3o Nanmadol <\/strong>tumultuar o s\u00e1bado, inclusive cancelando o treino 3 e adiando a classifica\u00e7\u00e3o, o sol deu as caras no domingo, mudando completamente as condi\u00e7\u00f5es para a corrida. \u00c0s v\u00e9speras da largada, a temperatura era de 22\u00b0C, com o asfalto chegando a 38\u00b0C. A umidade relativa do ar era de 69%, com o vento soprando a 8 km\/h, no sentido norte.<\/p>\n\n\n\n<p class=\"wp-block-paragraph\">Quando os pilotos partiram para o grid, a maioria optou pelo pneu dianteiro duro, cm exce\u00e7\u00e3o do wild-card <strong>Tetsuta Nagashima<\/strong>, que cal\u00e7ou o m\u00e9dio. Na traseira, as op\u00e7\u00f5es foram mais variadas. O pole <strong>Marc M\u00e1rquez <\/strong>foi de duro, <strong>Aleix Espargar\u00f3<\/strong>, as <strong>Ducati <\/strong>e a <strong>Pramac<\/strong>, Nagashima, as <strong>LCR<\/strong>, as <strong>KTM<\/strong>, as <strong>Tech3<\/strong>, as <strong>Suzuki<\/strong>, <strong>Fabio Quartararo <\/strong>e as <strong>RNF <\/strong>optaram pelo m\u00e9dio, enquanto <strong>Maverick Vi\u00f1ales<\/strong>, as <strong>Gresini<\/strong>, as <strong>VR46<\/strong>, <strong>Pol Espargar\u00f3 <\/strong>e <strong>Franco Morbidelli <\/strong>optaram pelo macio.<\/p>\n\n\n\n<p class=\"wp-block-paragraph\">Na sa\u00edda para os boxes, foi poss\u00edvel perceber a lentid\u00e3o com que os pilotos se dirigiram ao grid. Motegi \u00e9 um tra\u00e7ado de alto consumo de combust\u00edvel e, por isso, os competidores se preocuparam em poupar o m\u00e1ximo poss\u00edvel para evitar problemas na corrida de 24 voltas.<\/p>\n\n\n\n<p class=\"wp-block-paragraph\">Antes da largada, uma s\u00e9rie de mudan\u00e7as na escolha de pneus: Miller, Marini, Bezzecchi, Rins, Bagnaia, Gardner, Fern\u00e1ndez, Binder e Oliveira passaram para o traseiro duro. Morbidelli e Vi\u00f1ales trocaram para o traseiro m\u00e9dio. Marc e Alex M\u00e1rquez foram para o macio traseiro. Nakagami escolheu o dianteiro duro.<\/p>\n\n\n\n<p class=\"wp-block-paragraph\">Na hora da largada, os 32.152 espectadores viram Brad Binder tomar a ponta do pole-position Marc M\u00e1rquez logo de cara, com Jorge Mart\u00edn aparecendo para subi para terceiro. Aleix Espargar\u00f3, por outro lado, ao inv\u00e9s de ir para o grid para a largada, correu para os boxes para pegar a moto reserva e chegou at\u00e9 mesmo a derrubar a moto n\u00famero 1.<\/p>\n\n\n\n<figure class=\"wp-block-video\"><video class=\"video-js vjs-big-play-centered\" data-gp-vjs=\"1\" controls src=\"https:\/\/www.grandepremio.com\/br\/wp-content\/uploads\/2022\/09\/motogp-2022-gp-do-japao-largada-motogp-.mp4\"><\/video><figcaption>A largada da MotoGP em Motegi (V\u00eddeo: MotoGP)<\/figcaption><\/figure>\n\n\n\n<p class=\"wp-block-paragraph\">Na pista, Miller logo atacou M\u00e1rquez e saltou para a terceira coloca\u00e7\u00e3o. Vi\u00f1ales vinha em sexto, diante de Zarco, Quartararo, Pol Espargar\u00f3 e Marini, que tinha tido um toque com Fabio mais cedo. Bagnaia era s\u00f3 11\u00ba.<\/p>\n\n\n\n<p class=\"wp-block-paragraph\">Na volta tr\u00eas, Miller atacou Binder por dentro da 11 e avan\u00e7ou para o segundo posto, 0s4 atr\u00e1s de Mart\u00edn. Pouco depois, Jack tomou a lideran\u00e7a da corrida e de cara abriu uma pequena margem em rela\u00e7\u00e3o ao espanhol da Pramac. O australiano vinha em um ritmo muito mais forte que os demais.<\/p>\n\n\n\n<figure class=\"wp-block-video\"><video class=\"video-js vjs-big-play-centered\" data-gp-vjs=\"1\" controls src=\"https:\/\/www.grandepremio.com\/br\/wp-content\/uploads\/2022\/09\/motogp-2022-gp-do-japao-troca-moto-esparagro.mp4\"><\/video><figcaption>Espargar\u00f3 tem problemas e faz troca de moto \u00e0s pressas (V\u00eddeo: MotoGP)<\/figcaption><\/figure>\n\n\n\n<p class=\"wp-block-paragraph\">Na volta seis, Miller seguia com ritmo forte, ainda rodando em 1min45s, o que lhe fez abrir 0s5 de margem para Mart\u00edn, que vinha forte, mas t\u00e3o forte quanto. O \u00fanico outro piloto no mesmo ritmo dos ponteiros era Aleix Espargar\u00f3, que ocupava apenas a 23\u00aa coloca\u00e7\u00e3o, 12s6 atr\u00e1s do l\u00edder depois do problema na volta de aquecimento.<\/p>\n\n\n\n<p class=\"wp-block-paragraph\">Se Binder n\u00e3o conseguia acabar, Oliveira partiu para cima do companheiro de equipe e avan\u00e7ou para o terceiro posto, 1s9 atr\u00e1s de Mart\u00edn. Mais atr\u00e1s, Quartararo vinha em oitavo, com Bagnaia em d\u00e9cimo.<\/p>\n\n\n\n<p class=\"wp-block-paragraph\">Protagonistas dos dois \u00faltimos GPs, Bastianini e Bagnaia voltaram a se encontrar. Depois de um duelo mais cedo, os dois repetiram a dose, com Enea atacando Pecco para tomar a d\u00e9cima coloca\u00e7\u00e3o, 0s145 atr\u00e1s de Pol Espargar\u00f3, o nono colocado.<\/p>\n\n\n\n<figure class=\"wp-block-video\"><video class=\"video-js vjs-big-play-centered\" data-gp-vjs=\"1\" controls src=\"https:\/\/www.grandepremio.com\/br\/wp-content\/uploads\/2022\/09\/MotoGP-2022-Japao-Motegi-Jack-Miller-JOrge-Martin.mp4\"><\/video><figcaption>Jack Miller tomou a lideran\u00e7a de Jorge Mart\u00edn no Jap\u00e3o (V\u00eddeo: MotoGP)<\/figcaption><\/figure>\n\n\n\n<p class=\"wp-block-paragraph\">Na ponta, Miller ia em uma liga completamente separada. Rodando com um ritmo fort\u00edssimo, o australiano abriu 1s708 de margem para Mart\u00edn ainda com 15 voltas para o fim, mas o piloto da Pramac tamb\u00e9m tinha uma margem grande, mais de 3s de frente para Binder, que mais uma vez estava \u00e0 frente de Oliveira.<\/p>\n\n\n\n<p class=\"wp-block-paragraph\">Depois de passar Pecco, Bastianini seguiu para avan\u00e7ar em cima de Pol. Ap\u00f3s tomar o nono posto, o italiano tinha Quartararo como alvo, mas 1s de atraso para o franc\u00eas. Bagnaia conseguiu deixar a Honda #44 para tr\u00e1s pouco depois, com o ca\u00e7ula dos Espargar\u00f3 tendo de se preocupar com a aproxima\u00e7\u00e3o de Bezzecchi.<\/p>\n\n\n\n<p class=\"wp-block-paragraph\">Com 13 voltas para o fim, Takuaya Tsuda precisou abandonar a corrida ap\u00f3s a GSX-RR da Suzuki pegar fogo. O substituto de Joan Mir ainda conseguiu levar a moto para a \u00e1rea de escape, onde pulou da moto e foi socorrido pelos fiscais, que munidos por extintores de inc\u00eandio apagaram as chamas.<\/p>\n\n\n\n<figure class=\"wp-block-image size-large\"><img decoding=\"async\" src=\"https:\/\/www.grandepremio.com\/br\/wp-content\/uploads\/2022\/09\/FdexKgRWYAAuMA2-1024x576.jpg\" alt=\"\" class=\"wp-image-617465\"\/><figcaption>Suzuki de Tsuda em chamas a 13 voltas para o fim da corrida (Foto: MotoGP)<\/figcaption><\/figure>\n\n\n\n<p class=\"wp-block-paragraph\">Com 11 voltas para o fim, Marini passou Vi\u00f1ales e avan\u00e7ou para a sexta coloca\u00e7\u00e3o, 2s2 atr\u00e1s de Marc M\u00e1rquez. Mais atr\u00e1s, Cal Crutchlow deixou Fabio Di Giannantonio pelo caminho para ser 16\u00ba.<\/p>\n\n\n\n<p class=\"wp-block-paragraph\">Quartararo tamb\u00e9m n\u00e3o ficou parado esperando o tempo passar. Com nove voltas para o fim do GP do Jap\u00e3o, o piloto da Yamaha vinha chegado em Vi\u00f1ales para tentar a s\u00e9tima coloca\u00e7\u00e3o. Os dois estavam separados por 0s3.<\/p>\n\n\n\n<p class=\"wp-block-paragraph\">No mesmo ponto da corrida, \u00c1lex Rins teve de abandonar por causa de um problema mec\u00e2nico com a GSX-RR. Um jeito triste de a Suzuki se despedir da MotoGP em casa.<\/p>\n\n\n\n<p class=\"wp-block-paragraph\">Com cinco voltas para o fim, Miller seguia confortavelmente isolado na ponta, mas Mart\u00edn n\u00e3o estava mais t\u00e3o seguro assim. Binder vinha em um ritmo forte, crescendo mais e mais. A diferen\u00e7a entre os dois tinha ca\u00eddo para 0s747.<\/p>\n\n\n\n<p class=\"wp-block-paragraph\">Mais para tr\u00e1s, Bagnaia tinha alcan\u00e7ado Bastianini e atacado mais uma vez, recuperando a nona coloca\u00e7\u00e3o, 0s611 atr\u00e1s de Quartararo.<\/p>\n\n\n\n<p class=\"wp-block-paragraph\">No fim da volta 22, Marc M\u00e1rquez passou Oliveira para tomar a quarta coloca\u00e7\u00e3o. Mais \u00e0 frente, Binder pressionava Mart\u00edn pela segunda coloca\u00e7\u00e3o. Atr\u00e1s, Quartararo tentava resistir \u00e0 press\u00e3o de Bagnaia pela oitavo lugar.<\/p>\n\n\n\n<p class=\"wp-block-paragraph\">No in\u00edcio da \u00faltima volta, Binder passou Mart\u00edn e tomou o segundo posto. Pouco depois, Bagnaia caiu enquanto tentava passar Quartararo na curva 3 e registrou o quinto abandono do ano. Miller recebeu a bandeirada para a primeira vit\u00f3ria do ano, deixando uma sabor agridoce para a Ducati no GP do Jap\u00e3o.<\/p>\n\n\n\n<h3 class=\"wp-block-heading\">MotoGP 2022, GP do Jap\u00e3o, Motegi, Corrida:<\/h3>\n\n\n\n<figure class=\"wp-block-table\"><table><tbody><tr><td>1<\/td><td>J MILLER<\/td><td>Ducati<\/td><td>42min29s174<\/td><td>24 voltas<\/td><\/tr><tr><td>2<\/td><td>B BINDER<\/td><td>KTM<\/td><td>+3.409<\/td><td>&nbsp;<\/td><\/tr><tr><td>3<\/td><td>J MART\u00cdN<\/td><td>Pramac Ducati<\/td><td>+4.136<\/td><td>&nbsp;<\/td><\/tr><tr><td>4<\/td><td>M M\u00c1RQUEZ<\/td><td>Honda<\/td><td>+7.784<\/td><td>&nbsp;<\/td><\/tr><tr><td>5<\/td><td>M OLIVEIRA<\/td><td>KTM<\/td><td>+8.185<\/td><td>&nbsp;<\/td><\/tr><tr><td>6<\/td><td>L MARINI<\/td><td>VR46 Ducati<\/td><td>+8.348<\/td><td>&nbsp;<\/td><\/tr><tr><td>7<\/td><td>M VI\u00d1ALES<\/td><td>Aprilia<\/td><td>+9.879<\/td><td>&nbsp;<\/td><\/tr><tr><td>8<\/td><td>F QUARTARARO<\/td><td>Yamaha<\/td><td>+10.193<\/td><td>&nbsp;<\/td><\/tr><tr><td>9<\/td><td>E BASTIANINI<\/td><td>Gresini Ducati<\/td><td>+10.318<\/td><td>&nbsp;<\/td><\/tr><tr><td>10<\/td><td>M BEZZECCHI<\/td><td>VR46 Ducati<\/td><td>+16.419<\/td><td>&nbsp;<\/td><\/tr><tr><td>11<\/td><td>J ZARCO<\/td><td>Pramac Ducati<\/td><td>+16.586<\/td><td>&nbsp;<\/td><\/tr><tr><td>12<\/td><td>P ESPARGAR\u00d3<\/td><td>Honda<\/td><td>+17.456<\/td><td>&nbsp;<\/td><\/tr><tr><td>13<\/td><td>A M\u00c1RQUEZ<\/td><td>LCR Honda<\/td><td>+18.219<\/td><td>&nbsp;<\/td><\/tr><tr><td>14<\/td><td>F MORBIDELLI<\/td><td>Yamaha<\/td><td>+19.012<\/td><td>&nbsp;<\/td><\/tr><tr><td>15<\/td><td>C CRUTCHLOW<\/td><td>RNF Yamaha<\/td><td>+19.201<\/td><td>&nbsp;<\/td><\/tr><tr><td>16<\/td><td>A ESPARGAR\u00d3<\/td><td>Aprilia<\/td><td>+25.473<\/td><td>&nbsp;<\/td><\/tr><tr><td>17<\/td><td>F DI GIANNANTONIO<\/td><td>Gresini Ducati<\/td><td>+27.006<\/td><td>&nbsp;<\/td><\/tr><tr><td>18<\/td><td>R FERN\u00c1NDEZ<\/td><td>Tech3 KTM<\/td><td>+29.374<\/td><td>&nbsp;<\/td><\/tr><tr><td>19<\/td><td>R GARDNER&nbsp;<\/td><td>Tech3 KTM<\/td><td>+29.469<\/td><td>&nbsp;<\/td><\/tr><tr><td>20<\/td><td>T NAKAGAMI<\/td><td>LCR Honda<\/td><td>+43.294<\/td><td>&nbsp;<\/td><\/tr><tr><td>21<\/td><td>F BAGNAIA<\/td><td>Ducati<\/td><td>Abandonou<\/td><td>&nbsp;<\/td><\/tr><tr><td>22<\/td><td>\u00c1 RINS<\/td><td>Suzuki<\/td><td>Abandonou<\/td><td>&nbsp;<\/td><\/tr><tr><td>23<\/td><td>D BINDER<\/td><td>RNF Yamaha<\/td><td>Abandonou<\/td><td>&nbsp;<\/td><\/tr><tr><td>24<\/td><td>T TSUDA<\/td><td>Suzuki<\/td><td>Abandonou<\/td><td>&nbsp;<\/td><\/tr><tr><td>25<\/td><td>T NAGASHIMA<\/td><td>Honda<\/td><td>Abandonou<\/td><td>&nbsp;<\/td><\/tr><\/tbody><\/table><\/figure>\n\n\n\n<p class=\"wp-block-paragraph\"><strong>LEIA TAMB\u00c9M<\/strong><br># <strong><a href=\"https:\/\/www.grandepremio.com\/br\/motogp\/noticias\/max-biaggi-envergonhado-ato-mecanicos-aragao-impossivel-defender\/\">Biaggi se diz envergonhado por ato de mec\u00e2nicos em <\/a><a href=\"https:\/\/www.grandepremio.com\/br\/circuito\/aragao\/\" target=\"_blank\" rel=\"noreferrer noopener\">Arag\u00e3o<\/a><a href=\"https:\/\/www.grandepremio.com\/br\/motogp\/noticias\/max-biaggi-envergonhado-ato-mecanicos-aragao-impossivel-defender\/\">: \u201cImposs\u00edvel defender\u201d<\/a><\/strong><br># <strong><a href=\"https:\/\/www.grandepremio.com\/br\/motogp\/noticias\/motogp-encaminha-acordo-entrada-india-calendario-futuro-proximo\/\">MotoGP encaminha acordo para entrada da \u00cdndia no calend\u00e1rio \u201cem futuro pr\u00f3ximo\u201d<\/a><\/strong><br># <strong><a href=\"https:\/\/www.grandepremio.com\/br\/motogp\/noticias\/impacto-moto-peito-fabio-quartararo-causou-estouro-ziper-traje-fabricante\/\">Impacto da moto no peito de Quartararo causou estouro no z\u00edper de traje, diz fabricante<\/a><\/strong><br># <strong><a href=\"https:\/\/www.grandepremio.com\/br\/motogp\/noticias\/incendio-box-moto2-japao-destroi-equipamentos-marc-vds\/\">Inc\u00eandio em box da Moto2 no Jap\u00e3o destr\u00f3i equipamentos da Marc VDS<\/a><\/strong><br># <strong><a href=\"https:\/\/www.grandepremio.com\/br\/motogp\/noticias\/francesco-bagnaia-rejeita-ajuda-prefere-vencer-pista-nao-porque-deixaram-passar\/\">Bagnaia rejeita ajuda e diz que prefere \u201cvencer na pista\u201d: \u201cN\u00e3o porque me deixaram passar\u201d<\/a><\/strong><br># <strong><a href=\"https:\/\/www.grandepremio.com\/br\/motogp\/noticias\/marc-vds-curto-carregador-causou-incendio-box-moto2-japao\/\">Marc VDS diz que curto em carregador causou inc\u00eandio em box da Moto2 no Jap\u00e3o<\/a><\/strong><br># <strong><a href=\"https:\/\/www.grandepremio.com\/br\/motogp\/noticias\/marc-marquez-exalta-cultura-lembra-bombeiros-antigos-capacete-japao\/\"><\/a><a href=\"https:\/\/www.grandepremio.com\/br\/piloto\/marc-marquez\/\" target=\"_blank\" rel=\"noreferrer noopener\">Marc M\u00e1rquez<\/a><a href=\"https:\/\/www.grandepremio.com\/br\/motogp\/noticias\/marc-marquez-exalta-cultura-lembra-bombeiros-antigos-capacete-japao\/\"> exalta cultura e lembra bombeiros antigos em capacete para Jap\u00e3o<\/a><\/strong><br># <strong><a href=\"https:\/\/www.grandepremio.com\/br\/motogp\/noticias\/suzuki-segue-ducati-estreia-asas-traseiras-orelhas-coelhinho-tl1-japao\/\">FOTO: Suzuki segue Ducati e estreia asas traseiras de orelhas de \u2018coelhinho\u2019 no Jap\u00e3o<\/a><\/strong><br># <strong><a href=\"https:\/\/www.grandepremio.com\/br\/motogp\/noticias\/marc-marquez-cautela-admite-japao-pode-ser-problema-parte-fisica\/\">Marc M\u00e1rquez prega cautela e admite que Jap\u00e3o \u201cpode ser problema\u201d para parte f\u00edsica<\/a><\/strong><br># <strong><a href=\"https:\/\/www.grandepremio.com\/br\/video\/motogp\/marc-marquez-prende-luva-camera-moto-puxado-enquanto-mecanico-movimenta-honda-tl1-japao\/\">Marc M\u00e1rquez prende luva na c\u00e2mera e \u00e9 puxado enquanto mec\u00e2nico movimenta Honda<\/a><\/strong><br># <strong><a href=\"https:\/\/www.grandepremio.com\/br\/motogp\/noticias\/marc-marquez-encerra-seca-1-071-dias-pole-position-gp-japao-motogp\/\">Marc M\u00e1rquez encerra seca de 1.071 dias com pole-position no GP do Jap\u00e3o de MotoGP<\/a><\/strong><br># <strong><a href=\"https:\/\/www.grandepremio.com\/br\/motogp\/noticias\/marc-marquez-motogp-9-pilotos-diferentes-pole-2022-bate-recorde\/\">Com Marc M\u00e1rquez, MotoGP tem 9 pilotos diferentes na pole em 2022 e bate recorde<\/a><\/strong><\/p>\n","protected":false},"excerpt":{"rendered":"<p>Numa corrida extremamente ca\u00f3tica, foi Jack Miller quem aproveitou tudo para vencer o GP do Jap\u00e3o de MotoGP. Felicidade de uns, mas gosto amargo para Aleix Espargar\u00f3, que teve problemas, e Francesco Bagnaia, que abandonou no final<\/p>\n","protected":false},"author":0,"featured_media":1000616697,"comment_status":"closed","ping_status":"closed","sticky":false,"template":"","format":"standard","meta":{"42wp_featured_image_caption":"","42wp_featured_image_credits":"","42wp_featured_video":"","42wp_featured_image_hidden":false,"42wp_authors_list":[],"footnotes":""},"categories":[8],"tags":[5214,110,2327,28285,1975,24855,2869,79,78,2997,30733,30728,30734,25819,28345,28766,32147,26690],"42wp_author":[47139,47113],"class_list":["post-108678","post","type-post","status-publish","format-standard","has-post-thumbnail","hentry","category-motogp","tag-classificacao-motogp","tag-fabio-quartararo","tag-francesco-bagnaia","tag-grandepremio","tag-jack-miller","tag-japao","tag-motegi","tag-moto-gp","tag-motogp","tag-motogp-2022","tag-motogp-2022-calendario","tag-motogp-calendario-2022","tag-motogp-classificacao-2022","tag-motogp-hoje","tag-motogp-horarios","tag-motogp-standings","tag-onde-assistir-motogp-2022","tag-pilotos-motogp","42wp_author-ana-cerveira","42wp_author-juliana-tesser"],"_links":{"self":[{"href":"https:\/\/grandepremio.com\/br\/wp-json\/wp\/v2\/posts\/108678","targetHints":{"allow":["GET"]}}],"collection":[{"href":"https:\/\/grandepremio.com\/br\/wp-json\/wp\/v2\/posts"}],"about":[{"href":"https:\/\/grandepremio.com\/br\/wp-json\/wp\/v2\/types\/post"}],"replies":[{"embeddable":true,"href":"https:\/\/grandepremio.com\/br\/wp-json\/wp\/v2\/comments?post=108678"}],"version-history":[{"count":0,"href":"https:\/\/grandepremio.com\/br\/wp-json\/wp\/v2\/posts\/108678\/revisions"}],"wp:featuredmedia":[{"embeddable":true,"href":"https:\/\/grandepremio.com\/br\/wp-json\/wp\/v2\/media\/1000616697"}],"wp:attachment":[{"href":"https:\/\/grandepremio.com\/br\/wp-json\/wp\/v2\/media?parent=108678"}],"wp:term":[{"taxonomy":"category","embeddable":true,"href":"https:\/\/grandepremio.com\/br\/wp-json\/wp\/v2\/categories?post=108678"},{"taxonomy":"post_tag","embeddable":true,"href":"https:\/\/grandepremio.com\/br\/wp-json\/wp\/v2\/tags?post=108678"},{"taxonomy":"42wp_author","embeddable":true,"href":"https:\/\/grandepremio.com\/br\/wp-json\/wp\/v2\/42wp_author?post=108678"}],"curies":[{"name":"wp","href":"https:\/\/api.w.org\/{rel}","templated":true}]}}