{"id":108707,"date":"2022-09-24T00:33:20","date_gmt":"2022-09-24T03:33:20","guid":{"rendered":"https:\/\/grandepremio.com\/br\/noticias\/confira-pilotos-avancam-direto-q2-classificacao-gp-japao\/"},"modified":"2022-09-24T00:40:16","modified_gmt":"2022-09-24T03:40:16","slug":"confira-pilotos-avancam-direto-q2-classificacao-gp-japao","status":"publish","type":"post","link":"https:\/\/grandepremio.com\/br\/motogp\/confira-pilotos-avancam-direto-q2-classificacao-gp-japao\/","title":{"rendered":"Confira pilotos que avan\u00e7am direto para Q2 da classifica\u00e7\u00e3o do GP do Jap\u00e3o"},"content":{"rendered":"\n<p class=\"wp-block-paragraph\"><a href=\"https:\/\/www.grandepremio.com\/br\/piloto\/jack-miller\/\" target=\"_blank\" rel=\"noreferrer noopener\" class=\"ek-link\">Jack Miller<\/a>\u00a0foi o mais r\u00e1pido nos treinos livres prolongados para o GP do Jap\u00e3o e puxa a fila dos pilotos que avan\u00e7am direto para a fase final da classifica\u00e7\u00e3o em Motegi. Na madrugada da \u00faltima sexta-feira, o piloto da Ducati cravou 1min44s509 como a melhor volta do fim de semana da\u00a0MotoGP\u00a0at\u00e9 aqui.<\/p>\n\n\n\n<p class=\"wp-block-paragraph\">0s028 mais lento,\u00a0<a href=\"https:\/\/www.grandepremio.com\/br\/piloto\/francesco-bagnaia\/\" target=\"_blank\" rel=\"noreferrer noopener\">Francesco Bagnaia<\/a>\u00a0ficou com o segundo tempo, mas vai direto ao Q2, assim como Fabio Quartararo, Aleix Espargar\u00f3, Luca Marini, Marc M\u00e1rquez, Pol Espargar\u00f3, Brad Binder, Miguel Oliveira e Maverick Vi\u00f1ales.<\/p>\n\n\n\n<p class=\"wp-block-paragraph\"><strong>\u25b6\ufe0f&nbsp;Inscreva-se nos dois canais do GRANDE PR\u00caMIO no YouTube:&nbsp;<a href=\"https:\/\/www.youtube.com\/channel\/UC9OlHEgxoaY6QY6nWPoiqQg?sub_confirmation=1\" target=\"_blank\" rel=\"noreferrer noopener\">GP<\/a>&nbsp;|&nbsp;<a href=\"https:\/\/www.youtube.com\/channel\/UC9csiS6q_C3C0FYhyr1rnFA?sub_confirmation=1\" target=\"_blank\" rel=\"noreferrer noopener\">GP2<\/a><\/strong><\/p>\n\n\n\n<p class=\"wp-block-paragraph\">Grandes nomes como\u00a0Enea Bastianini e Johann Zarco \u00a0\u2014 que fez bom treino e quase beliscou o top-10 \u2014 v\u00e3o passar pelo Q1. <\/p>\n\n\n\n<p class=\"wp-block-paragraph\">A classifica\u00e7\u00e3o do GP do&nbsp;<strong>Jap\u00e3o&nbsp;<\/strong>de&nbsp;<a href=\"https:\/\/grandepremio.com\/motovelocidade\/\" target=\"_blank\" rel=\"noreferrer noopener\"><strong>MotoGP<\/strong><\/a>, em&nbsp;<a href=\"https:\/\/www.grandepremio.com\/br\/circuito\/motegi\/\" target=\"_blank\" rel=\"noreferrer noopener\">Motegi<\/a>, est\u00e1 marcada para este s\u00e1bado, \u00e0s 3h05 (de Bras\u00edlia). O&nbsp;<strong>GRANDE PR\u00caMIO<\/strong>&nbsp;acompanha todas as atividades do Mundial de&nbsp;<a href=\"https:\/\/www.grandepremio.com\/motovelocidade\/\" target=\"_blank\" rel=\"noreferrer noopener\">Motovelocidade<\/a>&nbsp;2022.<\/p>\n\n\n\n<h3 class=\"wp-block-heading\" id=\"h-motogp-2022-gp-do-japao-motegi-treinos-livres-combinados\">MotoGP 2022, GP do Jap\u00e3o, Motegi, Treinos livres combinados:<\/h3>\n\n\n\n<figure class=\"wp-block-table\"><table><tbody><tr><td><strong>1<\/strong><\/td><td>J MILLER<\/td><td>Ducati<\/td><td>1:44.509<\/td><td>&nbsp;<\/td><\/tr><tr><td><strong>2<\/strong><\/td><td>F BAGNAIA<\/td><td>Ducati<\/td><td>1:44.537<\/td><td>+0.028<\/td><\/tr><tr><td><strong>3<\/strong><\/td><td>F QUARTARARO<\/td><td>Yamaha<\/td><td>1:44.558<\/td><td>+0.049<\/td><\/tr><tr><td><strong>4<\/strong><\/td><td>A ESPARGAR\u00d3<\/td><td>Aprilia<\/td><td>1:44.577<\/td><td>+0.068<\/td><\/tr><tr><td><strong>5<\/strong><\/td><td>L MARINI<\/td><td>VR46<\/td><td>1:44.645<\/td><td>+0.136<\/td><\/tr><tr><td><strong>6<\/strong><\/td><td>M M\u00c1RQUEZ<\/td><td>Honda<\/td><td>1:44.656<\/td><td>+0.147<\/td><\/tr><tr><td><strong>7<\/strong><\/td><td>P ESPARGAR\u00d3<\/td><td>Honda<\/td><td>1:44.678<\/td><td>+0.169<\/td><\/tr><tr><td><strong>8<\/strong><\/td><td>B BINDER<\/td><td>KTM<\/td><td>1:44.735<\/td><td>+0.226<\/td><\/tr><tr><td><strong>9<\/strong><\/td><td>M OLIVEIRA<\/td><td>KTM<\/td><td>1:44.743<\/td><td>+0.234<\/td><\/tr><tr><td><strong>10<\/strong><\/td><td>M VI\u00d1ALES<\/td><td>Aprilia<\/td><td>1:44.797<\/td><td>+0.288<\/td><\/tr><tr><td><strong>11<\/strong><\/td><td>J ZARCO<\/td><td>Pramac Ducati<\/td><td>1:44.798<\/td><td>+0.289<\/td><\/tr><tr><td><strong>12<\/strong><\/td><td>T NAKAGAMI<\/td><td>LCR Honda<\/td><td>1:44.886<\/td><td>+0.377<\/td><\/tr><tr><td><strong>13<\/strong><\/td><td>\u00c1 RINS<\/td><td>Suzuki<\/td><td>1:44.913<\/td><td>+0.404<\/td><\/tr><tr><td><strong>14<\/strong><\/td><td>E BASTIANINI<\/td><td>Gresini Ducati<\/td><td>1:44.978<\/td><td>+0.469<\/td><\/tr><tr><td><strong>15<\/strong><\/td><td>J MART\u00cdN<\/td><td>Pramac Ducati<\/td><td>1:45.009<\/td><td>+0.500<\/td><\/tr><tr><td><strong>16<\/strong><\/td><td>F MORBIDELLI<\/td><td>Yamaha<\/td><td>1:45.065<\/td><td>+0.556<\/td><\/tr><tr><td><strong>17<\/strong><\/td><td>C CRUTCHLOW<\/td><td>RNF YAMAHA<\/td><td>1:45.187<\/td><td>+0.678<\/td><\/tr><tr><td><strong>18<\/strong><\/td><td>D BINDER<\/td><td>RNF YAMAHA<\/td><td>1:45.366<\/td><td>+0.857<\/td><\/tr><tr><td><strong>19<\/strong><\/td><td>M BEZZECCHI<\/td><td>VR46<\/td><td>1:45.426<\/td><td>+0.917<\/td><\/tr><tr><td><strong>20<\/strong><\/td><td>A M\u00c1RQUEZ<\/td><td>LCR Honda<\/td><td>1:45.600<\/td><td>+1.091<\/td><\/tr><tr><td><strong>21<\/strong><\/td><td>R FERN\u00c1NDEZ<\/td><td>Tech3 KTM<\/td><td>1:45.739<\/td><td>+1.230<\/td><\/tr><tr><td><strong>22<\/strong><\/td><td>T NAGASHIMA<\/td><td>Honda<\/td><td>1:45.845<\/td><td>+1.336<\/td><\/tr><tr><td><strong>23<\/strong><\/td><td>R GARDNER<\/td><td>Tech3 KTM<\/td><td>1:45.991<\/td><td>+1.482<\/td><\/tr><tr><td><strong>24<\/strong><\/td><td>F DI GIANNANTONIO<\/td><td>Gresini Ducati<\/td><td>1:46.365<\/td><td>+1.856<\/td><\/tr><tr><td><strong>25<\/strong><\/td><td>T TSUDA<\/td><td>Suzuki<\/td><td>1:46.718<\/td><td>+2.209<\/td><\/tr><\/tbody><\/table><\/figure>\n\n\n\n<p class=\"wp-block-paragraph\"><strong>LEIA TAMB\u00c9M<\/strong><br>#\u00a0<strong><a href=\"https:\/\/www.grandepremio.com\/br\/motogp\/noticias\/max-biaggi-envergonhado-ato-mecanicos-aragao-impossivel-defender\/\">Biaggi se diz envergonhado por ato de mec\u00e2nicos em\u00a0<\/a><a href=\"https:\/\/www.grandepremio.com\/br\/circuito\/aragao\/\" target=\"_blank\" rel=\"noreferrer noopener\">Arag\u00e3o<\/a><a href=\"https:\/\/www.grandepremio.com\/br\/motogp\/noticias\/max-biaggi-envergonhado-ato-mecanicos-aragao-impossivel-defender\/\">: \u201cImposs\u00edvel defender\u201d<\/a><\/strong><br>#\u00a0<strong><a href=\"https:\/\/www.grandepremio.com\/br\/motogp\/noticias\/motogp-encaminha-acordo-entrada-india-calendario-futuro-proximo\/\">MotoGP encaminha acordo para entrada da \u00cdndia no calend\u00e1rio \u201cem futuro pr\u00f3ximo\u201d<\/a><\/strong><br>#\u00a0<strong><a href=\"https:\/\/www.grandepremio.com\/br\/motogp\/noticias\/impacto-moto-peito-fabio-quartararo-causou-estouro-ziper-traje-fabricante\/\">Impacto da moto no peito de Quartararo causou estouro no z\u00edper de traje, diz fabricante<\/a><\/strong><br>#\u00a0<strong><a href=\"https:\/\/www.grandepremio.com\/br\/motogp\/noticias\/incendio-box-moto2-japao-destroi-equipamentos-marc-vds\/\">Inc\u00eandio em box da Moto2 no Jap\u00e3o destr\u00f3i equipamentos da Marc VDS<\/a><\/strong><br>#\u00a0<strong><a href=\"https:\/\/www.grandepremio.com\/br\/motogp\/noticias\/francesco-bagnaia-rejeita-ajuda-prefere-vencer-pista-nao-porque-deixaram-passar\/\">Bagnaia rejeita ajuda e diz que prefere \u201cvencer na pista\u201d: \u201cN\u00e3o porque me deixaram passar\u201d<\/a><\/strong><br>#\u00a0<strong><a href=\"https:\/\/www.grandepremio.com\/br\/motogp\/noticias\/marc-vds-curto-carregador-causou-incendio-box-moto2-japao\/\">Marc VDS diz que curto em carregador causou inc\u00eandio em box da Moto2 no Jap\u00e3o<\/a><\/strong><br>#\u00a0<strong><a href=\"https:\/\/www.grandepremio.com\/br\/motogp\/noticias\/marc-marquez-exalta-cultura-lembra-bombeiros-antigos-capacete-japao\/\"><\/a><a href=\"https:\/\/www.grandepremio.com\/br\/piloto\/marc-marquez\/\" target=\"_blank\" rel=\"noreferrer noopener\">Marc M\u00e1rquez<\/a><a href=\"https:\/\/www.grandepremio.com\/br\/motogp\/noticias\/marc-marquez-exalta-cultura-lembra-bombeiros-antigos-capacete-japao\/\">\u00a0exalta cultura e lembra bombeiros antigos em capacete para Jap\u00e3o<\/a><\/strong><br>#\u00a0<strong><a href=\"https:\/\/www.grandepremio.com\/br\/motogp\/noticias\/suzuki-segue-ducati-estreia-asas-traseiras-orelhas-coelhinho-tl1-japao\/\">FOTO: Suzuki segue Ducati e estreia asas traseiras de orelhas de \u2018coelhinho\u2019 no Jap\u00e3o<\/a><\/strong><br>#\u00a0<strong><a href=\"https:\/\/www.grandepremio.com\/br\/motogp\/noticias\/marc-marquez-cautela-admite-japao-pode-ser-problema-parte-fisica\/\">Marc M\u00e1rquez prega cautela e admite que Jap\u00e3o \u201cpode ser problema\u201d para parte f\u00edsica<\/a><\/strong><br>#\u00a0<strong><a href=\"https:\/\/www.grandepremio.com\/br\/video\/motogp\/marc-marquez-prende-luva-camera-moto-puxado-enquanto-mecanico-movimenta-honda-tl1-japao\/\">Marc M\u00e1rquez prende luva na c\u00e2mera e \u00e9 puxado enquanto mec\u00e2nico movimenta Honda<\/a><\/strong><\/p>\n","protected":false},"excerpt":{"rendered":"<p>Mais r\u00e1pido nos treinos, Jack Miller lidera a lista de pilotos que v\u00e3o direto para a fase final da classifica\u00e7\u00e3o. Johann Zarco puxa a fila daqueles que ter\u00e3o de passar pelo Q1<\/p>\n","protected":false},"author":0,"featured_media":1000616715,"comment_status":"closed","ping_status":"closed","sticky":false,"template":"","format":"standard","meta":{"42wp_featured_image_caption":"","42wp_featured_image_credits":"","42wp_featured_video":"","42wp_featured_image_hidden":false,"42wp_authors_list":[],"footnotes":""},"categories":[8],"tags":[5214,3023,24855,2869,79,78,2997,30733,30728,30734,25819,28345,28766,26690],"42wp_author":[47139],"class_list":["post-108707","post","type-post","status-publish","format-standard","has-post-thumbnail","hentry","category-motogp","tag-classificacao-motogp","tag-gp-do-japao","tag-japao","tag-motegi","tag-moto-gp","tag-motogp","tag-motogp-2022","tag-motogp-2022-calendario","tag-motogp-calendario-2022","tag-motogp-classificacao-2022","tag-motogp-hoje","tag-motogp-horarios","tag-motogp-standings","tag-pilotos-motogp","42wp_author-ana-cerveira"],"_links":{"self":[{"href":"https:\/\/grandepremio.com\/br\/wp-json\/wp\/v2\/posts\/108707","targetHints":{"allow":["GET"]}}],"collection":[{"href":"https:\/\/grandepremio.com\/br\/wp-json\/wp\/v2\/posts"}],"about":[{"href":"https:\/\/grandepremio.com\/br\/wp-json\/wp\/v2\/types\/post"}],"replies":[{"embeddable":true,"href":"https:\/\/grandepremio.com\/br\/wp-json\/wp\/v2\/comments?post=108707"}],"version-history":[{"count":0,"href":"https:\/\/grandepremio.com\/br\/wp-json\/wp\/v2\/posts\/108707\/revisions"}],"wp:featuredmedia":[{"embeddable":true,"href":"https:\/\/grandepremio.com\/br\/wp-json\/wp\/v2\/media\/1000616715"}],"wp:attachment":[{"href":"https:\/\/grandepremio.com\/br\/wp-json\/wp\/v2\/media?parent=108707"}],"wp:term":[{"taxonomy":"category","embeddable":true,"href":"https:\/\/grandepremio.com\/br\/wp-json\/wp\/v2\/categories?post=108707"},{"taxonomy":"post_tag","embeddable":true,"href":"https:\/\/grandepremio.com\/br\/wp-json\/wp\/v2\/tags?post=108707"},{"taxonomy":"42wp_author","embeddable":true,"href":"https:\/\/grandepremio.com\/br\/wp-json\/wp\/v2\/42wp_author?post=108707"}],"curies":[{"name":"wp","href":"https:\/\/api.w.org\/{rel}","templated":true}]}}