{"id":108713,"date":"2022-09-23T12:15:24","date_gmt":"2022-09-23T15:15:24","guid":{"rendered":"https:\/\/grandepremio.com\/br\/noticias\/taylor-barnard-fecha-ultimo-dia-testes-formula-3-jerez-ponta-gabriel-bortoleto-15o\/"},"modified":"2022-09-23T13:41:46","modified_gmt":"2022-09-23T16:41:46","slug":"taylor-barnard-fecha-ultimo-dia-testes-formula-3-jerez-ponta-gabriel-bortoleto-15o","status":"publish","type":"post","link":"https:\/\/grandepremio.com\/br\/f3\/taylor-barnard-fecha-ultimo-dia-testes-formula-3-jerez-ponta-gabriel-bortoleto-15o\/","title":{"rendered":"Barnard fecha \u00faltimo dia de testes da F3 em Jerez na ponta. Bortoleto \u00e9 15\u00ba"},"content":{"rendered":"\n<p class=\"wp-block-paragraph\"><strong>Taylor Barnard<\/strong> terminou o \u00faltimo dia de testes da <strong>F\u00f3rmula 3<\/strong> realizados nesta sexta-feira (23) em Jerez de la Frontera como o mais r\u00e1pido. Pilotando pela Jenzer Motorsport, o piloto cravou o tempo de 1min31s280 e ficou 0s210 \u00e0 frente do segundo lugar, o espanhol <strong>Josep Mar\u00eda Mart\u00ed<\/strong>.<\/p>\n\n\n\n<p class=\"wp-block-paragraph\"><strong>LEIA MAIS:<br>+ Bortoleto <a href=\"https:\/\/www.grandepremio.com\/br\/f3\/noticias\/gabriel-bortoleto-lidera-segundo-dia-testes-formula-3-jerez-roberto-faria-e-26o\/\" class=\"ek-link\">lidera segundo dia de testes<\/a> da F\u00f3rmula 3 em Jerez. Faria \u00e9 26\u00ba<br>+ Min\u00ec <a href=\"https:\/\/www.grandepremio.com\/br\/f3\/noticias\/gabriele-mini-lidera-primeiro-dia-testes-formula-3-jerez-gabriel-bortoleto-e-17o\/\" class=\"ek-link\">lidera primeiro dia de testes<\/a> da F\u00f3rmula 3 em Jerez. Bortoleto \u00e9 17\u00ba<\/strong><\/p>\n\n\n\n<p class=\"wp-block-paragraph\">Na sequ\u00eancia, vieram o australiano <strong>Hugh Barter<\/strong> (Campos) na terceira posi\u00e7\u00e3o, com 1min31s610. Em quarto e quinto, respectivamente, ficaram os italianos <strong>Nikita Bedrin<\/strong> (Jenzer) e <strong>Francesco Pizzi<\/strong> (Campos).<\/p>\n\n\n\n<p class=\"wp-block-paragraph\">Na sexta coloca\u00e7\u00e3o, o norte-americano <strong>Brad Benavides<\/strong>, pela ART Grand Prix, teve sua volta mais r\u00e1pida no tempo de 1min31s818. <strong>Hadrien David<\/strong> (Carlin) foi o s\u00e9timo colocado e, em seguida, o peruano <strong>Matias Zagazeta<\/strong> ficou em oitavo.<\/p>\n\n\n\n<figure class=\"wp-block-image size-full\"><img decoding=\"async\" src=\"https:\/\/www.grandepremio.com\/br\/wp-content\/uploads\/2022\/09\/GettyImages-1426570996.png\" alt=\"\" class=\"wp-image-616833\"\/><figcaption>Franco Colapinto liderou a manh\u00e3 de testes em Jerez (Foto: Getty Images)<\/figcaption><\/figure>\n\n\n\n<p class=\"wp-block-paragraph\">Completaram os dez primeiros desta rodada de testes <strong>Max Esterson<\/strong>, da Van Amersfoort Racing, e <strong>Joel Granfors<\/strong>, pela Carlin. O argentino <strong>Franco Colapinto<\/strong>, que liderou a sess\u00e3o pela manh\u00e3, pilotou pela MP Motorsport e foi apenas o 14\u00ba.<\/p>\n\n\n\n<p class=\"wp-block-paragraph\"><strong>\u25b6\ufe0f&nbsp;Inscreva-se nos dois canais do GRANDE PR\u00caMIO no YouTube:&nbsp;<a href=\"https:\/\/www.youtube.com\/channel\/UC9OlHEgxoaY6QY6nWPoiqQg?sub_confirmation=1\" target=\"_blank\" rel=\"noreferrer noopener\">GP<\/a>&nbsp;|&nbsp;<a href=\"https:\/\/www.youtube.com\/channel\/UC9csiS6q_C3C0FYhyr1rnFA?sub_confirmation=1\" target=\"_blank\" rel=\"noreferrer noopener\">GP2<\/a><\/strong><br><strong>\u25b6\ufe0f&nbsp;<a href=\"https:\/\/www.twitch.tv\/grandepremio\" target=\"_blank\" rel=\"noreferrer noopener\">Conhe\u00e7a o canal do GRANDE PR\u00caMIO na Twitch clicando aqui!<\/a><\/strong><\/p>\n\n\n\n<p class=\"wp-block-paragraph\">O brasileiro <strong>Gabriel Bortoleto<\/strong> foi o \u00fanico representante do Brasil neste terceiro treino. E o desempenho n\u00e3o foi dos melhores. Pilotando pela Trident, chegou a ser terceiro na sess\u00e3o da manh\u00e3, deu 46 voltas e cravou 1min32s901 como sua melhor volta, ficando na 15\u00aa coloca\u00e7\u00e3o.<\/p>\n","protected":false},"excerpt":{"rendered":"<p>Brit\u00e2nico pilotando pela Jenzer foi o mais r\u00e1pido do \u00faltimo dia de sess\u00e3o de testes da F\u00f3rmula 3 em Jerez. Discreto, o brasileiro Gabriel Bortoleto ficou apenas em 15\u00ba<\/p>\n","protected":false},"author":0,"featured_media":1000616831,"comment_status":"closed","ping_status":"closed","sticky":false,"template":"","format":"standard","meta":{"42wp_featured_image_caption":"","42wp_featured_image_credits":"","42wp_featured_video":"","42wp_featured_image_hidden":false,"42wp_authors_list":[],"footnotes":""},"categories":[10],"tags":[29657,29653,25440,350,25530],"42wp_author":[47128],"class_list":["post-108713","post","type-post","status-publish","format-standard","has-post-thumbnail","hentry","category-f3","tag-f3-2022","tag-formula-3-2022","tag-franco-colapinto","tag-gabriel-bortoleto","tag-jerez-de-la-frontera","42wp_author-guilherme-bloisi"],"_links":{"self":[{"href":"https:\/\/grandepremio.com\/br\/wp-json\/wp\/v2\/posts\/108713","targetHints":{"allow":["GET"]}}],"collection":[{"href":"https:\/\/grandepremio.com\/br\/wp-json\/wp\/v2\/posts"}],"about":[{"href":"https:\/\/grandepremio.com\/br\/wp-json\/wp\/v2\/types\/post"}],"replies":[{"embeddable":true,"href":"https:\/\/grandepremio.com\/br\/wp-json\/wp\/v2\/comments?post=108713"}],"version-history":[{"count":0,"href":"https:\/\/grandepremio.com\/br\/wp-json\/wp\/v2\/posts\/108713\/revisions"}],"wp:featuredmedia":[{"embeddable":true,"href":"https:\/\/grandepremio.com\/br\/wp-json\/wp\/v2\/media\/1000616831"}],"wp:attachment":[{"href":"https:\/\/grandepremio.com\/br\/wp-json\/wp\/v2\/media?parent=108713"}],"wp:term":[{"taxonomy":"category","embeddable":true,"href":"https:\/\/grandepremio.com\/br\/wp-json\/wp\/v2\/categories?post=108713"},{"taxonomy":"post_tag","embeddable":true,"href":"https:\/\/grandepremio.com\/br\/wp-json\/wp\/v2\/tags?post=108713"},{"taxonomy":"42wp_author","embeddable":true,"href":"https:\/\/grandepremio.com\/br\/wp-json\/wp\/v2\/42wp_author?post=108713"}],"curies":[{"name":"wp","href":"https:\/\/api.w.org\/{rel}","templated":true}]}}