{"id":108733,"date":"2022-09-22T17:21:28","date_gmt":"2022-09-22T20:21:28","guid":{"rendered":"https:\/\/grandepremio.com\/br\/noticias\/gabriel-bortoleto-lidera-segundo-dia-testes-formula-3-jerez-roberto-faria-e-26o\/"},"modified":"2022-09-22T17:24:40","modified_gmt":"2022-09-22T20:24:40","slug":"gabriel-bortoleto-lidera-segundo-dia-testes-formula-3-jerez-roberto-faria-e-26o","status":"publish","type":"post","link":"https:\/\/grandepremio.com\/br\/f3\/gabriel-bortoleto-lidera-segundo-dia-testes-formula-3-jerez-roberto-faria-e-26o\/","title":{"rendered":"Bortoleto lidera segundo dia de testes da F\u00f3rmula 3 em Jerez. Faria \u00e9 26\u00ba"},"content":{"rendered":"\n<p class=\"wp-block-paragraph\">O brasileiro Gabriel Bortoleto anotou o melhor tempo do segundo dia de testes de p\u00f3s-temporada da F\u00f3rmula 3 no circuito de Jerez de la Frontera nesta quinta-feira (22). <a href=\"https:\/\/www.grandepremio.com\/br\/f3\/noticias\/gabriele-mini-lidera-primeiro-dia-testes-formula-3-jerez-gabriel-bortoleto-e-17o\/\" class=\"ek-link\">Depois de ser apenas o 17\u00ba colocado no primeiro dia<\/a>, o piloto da Trident marcou 1min29s554 e terminou mais de tr\u00eas d\u00e9cimos na frente do espanhol Josep Mar\u00eda Mart\u00ed, da Campos.<\/p>\n\n\n\n<p class=\"wp-block-paragraph\">O melhor tempo de Bortoleto, que atualmente compete na F\u00f3rmula Regional Europeia by Alpine, e dos demais competidores veio na sess\u00e3o da manh\u00e3. O brit\u00e2nico Zak O&#8217;Sullivan, da Prema, o americano Kaylen Frederick, da ART, e o monegasco Oliver Goethe, da Trident, fecharam os cinco primeiros. Leonardo Fornaroli, Paul Aron, Gabriele Min\u00ec, Franco Colapinto e Taylor Barnard completaram o top-10.<\/p>\n\n\n\n<p class=\"wp-block-paragraph\">Al\u00e9m de Gabriel, outro brasileiro participou dos testes desta quinta. Roberto Faria, que andou com a Van Amersfoort na quarta-feira, trocou de equipe e terminou na 26\u00aa posi\u00e7\u00e3o com a ART, com um tempo de 1min31s473. Emmo Fittipaldi, que andou com a Charouz no primeiro dia, foi substitu\u00eddo pelo peruano Mat\u00edas Zagazeta, que seguir\u00e1 no carro no \u00faltimo dia de testes.<\/p>\n\n\n\n<p class=\"wp-block-paragraph\"><strong>\u25b6\ufe0f\u00a0Inscreva-se nos dois canais do GRANDE PR\u00caMIO no YouTube:\u00a0<a href=\"https:\/\/www.youtube.com\/channel\/UC9OlHEgxoaY6QY6nWPoiqQg?sub_confirmation=1\" target=\"_blank\" rel=\"noreferrer noopener\">GP<\/a>\u00a0|\u00a0<a href=\"https:\/\/www.youtube.com\/channel\/UC9csiS6q_C3C0FYhyr1rnFA?sub_confirmation=1\" target=\"_blank\" rel=\"noreferrer noopener\">GP2<\/a><\/strong><br><strong>\u25b6\ufe0f\u00a0<a href=\"https:\/\/www.twitch.tv\/grandepremio\" target=\"_blank\" rel=\"noreferrer noopener\">Conhe\u00e7a o canal do GRANDE PR\u00caMIO na Twitch clicando aqui!<\/a><\/strong><\/p>\n\n\n\n<figure class=\"wp-block-image size-large\"><img decoding=\"async\" src=\"https:\/\/www.grandepremio.com\/br\/wp-content\/uploads\/2022\/09\/FdRMZj9XoAA0OzA-1024x683.jpg\" alt=\"\" class=\"wp-image-616556\"\/><figcaption>Josep Mar\u00eda Mart\u00ed foi o mais r\u00e1pido na parte da tarde (Foto: F\u00f3rmula 3)<\/figcaption><\/figure>\n\n\n\n<p class=\"wp-block-paragraph\"><strong><a href=\"https:\/\/www.grandepremio.com\/br\/f1\/noticias\/felipe-drugovich-inicia-trabalhos-aston-martin-realiza-primeiro-teste-simulador\/\">LEIA MAIS:<\/a>\u00a0Drugovich inicia trabalhos na Aston Martin e realiza primeiro teste em simulador<\/strong><\/p>\n\n\n\n<p class=\"wp-block-paragraph\">Faria n\u00e3o teve um bom dia e chegou a causar uma bandeira vermelha ap\u00f3s escapar na curva 8 pela manh\u00e3. Bortoleto tamb\u00e9m acabou errando j\u00e1 na parte da tarde. O piloto da Trident bateu de frente na barreira de prote\u00e7\u00e3o da curva 10.<\/p>\n\n\n\n<p class=\"wp-block-paragraph\">O italiano Nicola Marinangeli, da Charouz, foi o piloto que mais completou voltas, com um total de 97, das quais 55 completadas na parte da tarde. O b\u00falgaro Nikola Tsolov, da ART, foi quem mais rodou pela manh\u00e3, com 54 giros no total.<\/p>\n\n\n\n<p class=\"wp-block-paragraph\">A F\u00f3rmula 3 ainda realiza seu terceiro e \u00faltimo dia de testes nesta sexta-feira (23) em Jerez de la Fronteira.<\/p>\n","protected":false},"excerpt":{"rendered":"<p>O brasileiro Gabriel Bortoleto foi o mais r\u00e1pido do segundo dia de testes da F\u00f3rmula 3 em Jerez de la Frontera. J\u00e1 Roberto Faria teve problemas e foi apenas o 26\u00ba colocado<\/p>\n","protected":false},"author":0,"featured_media":1000616557,"comment_status":"closed","ping_status":"closed","sticky":false,"template":"","format":"standard","meta":{"42wp_featured_image_caption":"","42wp_featured_image_credits":"","42wp_featured_video":"","42wp_featured_image_hidden":false,"42wp_authors_list":[],"footnotes":""},"categories":[10],"tags":[1008,29657,8057,29653,350,25530,26668],"42wp_author":[47144],"class_list":["post-108733","post","type-post","status-publish","format-standard","has-post-thumbnail","hentry","category-f3","tag-f3","tag-f3-2022","tag-formula-3","tag-formula-3-2022","tag-gabriel-bortoleto","tag-jerez-de-la-frontera","tag-roberto-faria","42wp_author-andre-netto"],"_links":{"self":[{"href":"https:\/\/grandepremio.com\/br\/wp-json\/wp\/v2\/posts\/108733","targetHints":{"allow":["GET"]}}],"collection":[{"href":"https:\/\/grandepremio.com\/br\/wp-json\/wp\/v2\/posts"}],"about":[{"href":"https:\/\/grandepremio.com\/br\/wp-json\/wp\/v2\/types\/post"}],"replies":[{"embeddable":true,"href":"https:\/\/grandepremio.com\/br\/wp-json\/wp\/v2\/comments?post=108733"}],"version-history":[{"count":0,"href":"https:\/\/grandepremio.com\/br\/wp-json\/wp\/v2\/posts\/108733\/revisions"}],"wp:featuredmedia":[{"embeddable":true,"href":"https:\/\/grandepremio.com\/br\/wp-json\/wp\/v2\/media\/1000616557"}],"wp:attachment":[{"href":"https:\/\/grandepremio.com\/br\/wp-json\/wp\/v2\/media?parent=108733"}],"wp:term":[{"taxonomy":"category","embeddable":true,"href":"https:\/\/grandepremio.com\/br\/wp-json\/wp\/v2\/categories?post=108733"},{"taxonomy":"post_tag","embeddable":true,"href":"https:\/\/grandepremio.com\/br\/wp-json\/wp\/v2\/tags?post=108733"},{"taxonomy":"42wp_author","embeddable":true,"href":"https:\/\/grandepremio.com\/br\/wp-json\/wp\/v2\/42wp_author?post=108733"}],"curies":[{"name":"wp","href":"https:\/\/api.w.org\/{rel}","templated":true}]}}