{"id":108734,"date":"2022-09-22T14:46:28","date_gmt":"2022-09-22T17:46:28","guid":{"rendered":"https:\/\/grandepremio.com\/br\/noticias\/mclaren-traz-ex-chefao-indy-negocia-kyle-busch-500-milhas-indianapolis\/"},"modified":"2022-09-22T15:24:24","modified_gmt":"2022-09-22T18:24:24","slug":"mclaren-traz-ex-chefao-indy-negocia-kyle-busch-500-milhas-indianapolis","status":"publish","type":"post","link":"https:\/\/grandepremio.com\/br\/indy\/mclaren-traz-ex-chefao-indy-negocia-kyle-busch-500-milhas-indianapolis\/","title":{"rendered":"McLaren traz ex-chef\u00e3o da Indy e negocia com Kyle Busch para 500 Milhas de Indian\u00e1polis"},"content":{"rendered":"\n<p class=\"wp-block-paragraph\">Depois da surpreendente sa\u00edda de Taylor Kiel, a McLaren j\u00e1 correu atr\u00e1s para refor\u00e7ar a diretoria do time da Indy. Brian Barnhart foi apresentado nesta quinta-feira (22) aos funcion\u00e1rios da equipe. O cargo ainda n\u00e3o foi informado por Zak Brown, diretor-executivo do grupo.<\/p>\n\n\n\n<p class=\"wp-block-paragraph\">Barnhart \u00e9 mais conhecido por ter sido o presidente da Indy entre 2005 e 2007. Ele tamb\u00e9m ocupou o posto de diretor de provas da categoria, al\u00e9m de tamb\u00e9m ter trabalhado como presidente da antiga equipe Harding Steinbrenner Racing, e estrategista de Alexander Rossi na Andretti.<\/p>\n\n\n\n<p class=\"wp-block-paragraph\">Segundo a ag\u00eancia americana Associated Press, Taylor Kiel, que anunciou a sa\u00edda da McLaren na \u00faltima ter\u00e7a-feira, deve ser apresentado na Chip Ganassi Racing assim que a cl\u00e1usula de competitividade expirar. O executivo esteve com a McLaren desde os tempos de Sam Schmidt Motorsports, ainda na Indy Lights.<\/p>\n\n\n\n<p class=\"wp-block-paragraph\"><strong>\u25b6\ufe0f\u00a0Inscreva-se nos dois canais do GRANDE PR\u00caMIO no YouTube:\u00a0<a href=\"https:\/\/www.youtube.com\/channel\/UC9OlHEgxoaY6QY6nWPoiqQg?sub_confirmation=1\" target=\"_blank\" rel=\"noreferrer noopener\">GP<\/a>\u00a0|\u00a0<a href=\"https:\/\/www.youtube.com\/channel\/UC9csiS6q_C3C0FYhyr1rnFA?sub_confirmation=1\" target=\"_blank\" rel=\"noreferrer noopener\">GP2<\/a><\/strong><br><strong>\u25b6\ufe0f\u00a0<a href=\"https:\/\/www.twitch.tv\/grandepremio\" target=\"_blank\" rel=\"noreferrer noopener\">Conhe\u00e7a o canal do GRANDE PR\u00caMIO na Twitch clicando aqui!<\/a><\/strong><\/p>\n\n\n\n<figure class=\"wp-block-image size-large\"><img decoding=\"async\" src=\"https:\/\/www.grandepremio.com\/br\/wp-content\/uploads\/2022\/07\/image-13-1024x576.png\" alt=\"\" class=\"wp-image-592473\"\/><figcaption>Pato O&#8217;Ward \u00e9 um dos pilotos da McLaren (Foto: McLaren)<\/figcaption><\/figure>\n\n\n\n<p class=\"wp-block-paragraph\"><strong><a href=\"https:\/\/www.grandepremio.com\/br\/indy\/noticias\/presidente-mclaren-indy-taylor-kiel-anuncia-saida-apos-dois-anos-comando\/\" class=\"ek-link\">LEIA MAIS: <\/a><\/strong>Presidente da McLaren na Indy, Kiel anuncia sa\u00edda ap\u00f3s dois anos no comando<\/p>\n\n\n\n<p class=\"wp-block-paragraph\">Al\u00e9m da contrata\u00e7\u00e3o de Barnhart, a McLaren avalia a contrata\u00e7\u00e3o de Kyle Busch, bicampe\u00e3o da Nascar, para uma participa\u00e7\u00e3o em um quarto carro nas 500 Milhas de Indian\u00e1polis de 2023. Recentemente, o piloto anunciou a sa\u00edda da equipe Joe Gibbs Racing ap\u00f3s 15 temporadas para assinar com a Richard Childress, que \u00e9 um time Chevrolet e ajudaria no interc\u00e2mbio do piloto.<\/p>\n\n\n\n<p class=\"wp-block-paragraph\">Para 2023, a McLaren vai expandir o programa na Indy para tr\u00eas carros durante toda a temporada. O mexicano Patricio O&#8217;Ward e o sueco Felix Rosenqvist foram mantidos, e ganham a chegada do americano Alexander Rossi, vencedor da Indy 500 de 2016. <\/p>\n\n\n\n<p class=\"wp-block-paragraph\">A temporada 2022 tamb\u00e9m ficou marcada por um imbr\u00f3glio com \u00c1lex Palou. O time chegou a assinar com o espanhol, mas a Ganassi exerceu a op\u00e7\u00e3o de uma renova\u00e7\u00e3o autom\u00e1tica com o campe\u00e3o de 2021. Ap\u00f3s diversas audi\u00eancias judiciais, ficou definido que o piloto fica onde est\u00e1 em 2023, mas ganhou permiss\u00e3o para testar pela McLaren com carro de F1 e deve se transferir oficialmente ao time em 2024.<\/p>\n\n\n\n<figure class=\"wp-block-embed is-type-video is-provider-youtube wp-block-embed-youtube wp-embed-aspect-16-9 wp-has-aspect-ratio\"><div class=\"wp-block-embed__wrapper\">\n<iframe loading=\"lazy\" title=\"FIA ACERTA COM HERTA, MAS PRECISA REVER SUPERLICEN\u00c7A NA F1 [GP \u00e0s 10]\" width=\"500\" height=\"281\" src=\"https:\/\/www.youtube.com\/embed\/KmyopZv1cB0?start=255&amp;feature=oembed\" frameborder=\"0\" allow=\"accelerometer; autoplay; clipboard-write; encrypted-media; gyroscope; picture-in-picture; web-share\" referrerpolicy=\"strict-origin-when-cross-origin\" allowfullscreen><\/iframe>\n<\/div><figcaption>FIA ACERTA COM HERTA, MAS PRECISA REVER SUPERLICEN\u00c7A NA F1 [GP \u00e0s 10]<\/figcaption><\/figure>\n","protected":false},"excerpt":{"rendered":"<p>Chef\u00e3o da Indy entre 2005 e 2007, Brian Barnhart trabalhava como estrategista de Alexander Rossi na Andretti. Executivo foi apresentado na McLaren, mas ainda sem fun\u00e7\u00e3o definida<\/p>\n","protected":false},"author":0,"featured_media":1000616533,"comment_status":"closed","ping_status":"closed","sticky":false,"template":"","format":"standard","meta":{"42wp_featured_image_caption":"","42wp_featured_image_credits":"","42wp_featured_video":"","42wp_featured_image_hidden":false,"42wp_authors_list":[],"footnotes":""},"categories":[3],"tags":[619,93,2209,1253,90,2701,99,580],"42wp_author":[47119],"class_list":["post-108734","post","type-post","status-publish","format-standard","has-post-thumbnail","hentry","category-indy","tag-formula-indy","tag-indy","tag-indy-2022","tag-kyle-busch","tag-mclaren","tag-mclaren-indy","tag-pato-oward","tag-zak-brown","42wp_author-gabriel-carvalho"],"_links":{"self":[{"href":"https:\/\/grandepremio.com\/br\/wp-json\/wp\/v2\/posts\/108734","targetHints":{"allow":["GET"]}}],"collection":[{"href":"https:\/\/grandepremio.com\/br\/wp-json\/wp\/v2\/posts"}],"about":[{"href":"https:\/\/grandepremio.com\/br\/wp-json\/wp\/v2\/types\/post"}],"replies":[{"embeddable":true,"href":"https:\/\/grandepremio.com\/br\/wp-json\/wp\/v2\/comments?post=108734"}],"version-history":[{"count":0,"href":"https:\/\/grandepremio.com\/br\/wp-json\/wp\/v2\/posts\/108734\/revisions"}],"wp:featuredmedia":[{"embeddable":true,"href":"https:\/\/grandepremio.com\/br\/wp-json\/wp\/v2\/media\/1000616533"}],"wp:attachment":[{"href":"https:\/\/grandepremio.com\/br\/wp-json\/wp\/v2\/media?parent=108734"}],"wp:term":[{"taxonomy":"category","embeddable":true,"href":"https:\/\/grandepremio.com\/br\/wp-json\/wp\/v2\/categories?post=108734"},{"taxonomy":"post_tag","embeddable":true,"href":"https:\/\/grandepremio.com\/br\/wp-json\/wp\/v2\/tags?post=108734"},{"taxonomy":"42wp_author","embeddable":true,"href":"https:\/\/grandepremio.com\/br\/wp-json\/wp\/v2\/42wp_author?post=108734"}],"curies":[{"name":"wp","href":"https:\/\/api.w.org\/{rel}","templated":true}]}}