{"id":108754,"date":"2022-09-22T08:43:36","date_gmt":"2022-09-22T11:43:36","guid":{"rendered":"https:\/\/grandepremio.com\/br\/noticias\/incendio-box-moto2-japao-destroi-equipamentos-marc-vds\/"},"modified":"2022-09-22T09:20:20","modified_gmt":"2022-09-22T12:20:20","slug":"incendio-box-moto2-japao-destroi-equipamentos-marc-vds","status":"publish","type":"post","link":"https:\/\/grandepremio.com\/br\/motogp\/incendio-box-moto2-japao-destroi-equipamentos-marc-vds\/","title":{"rendered":"Inc\u00eandio em box da Moto2 no Jap\u00e3o destr\u00f3i equipamentos da Marc VDS"},"content":{"rendered":"\n<p class=\"wp-block-paragraph\">Os mec\u00e2nicos da Marc VDS, equipe da Moto2, levaram um susto no final da tarde desta quinta-feira (22), em Motegi (in\u00edcio da manh\u00e3 no Brasil), por conta de um inc\u00eandio nos boxes que fica entre as garagens da Aprilia e da Suzuki. O fogo foi rapidamente controlado pelos bombeiros do circuito e ningu\u00e9m se feriu, mas o time ainda vai avaliar a extens\u00e3o dos danos nos equipamentos.<\/p>\n\n\n\n<p class=\"wp-block-paragraph\">O incidente aconteceu de forma r\u00e1pida. Tudo indica que o fogo come\u00e7ou nos auxiliares de partida, sistema que os mec\u00e2nicos levam para o grid para ligar as motos. De acordo com informa\u00e7\u00f5es de jornalistas presentes em Motegi, os mec\u00e2nicos deixaram as baterias dos auxiliares carregando, e isso originou o inc\u00eandio.<\/p>\n\n\n\n<p class=\"wp-block-paragraph\"><strong>\u25b6\ufe0f&nbsp;Inscreva-se nos dois canais do GRANDE PR\u00caMIO no YouTube:&nbsp;<a href=\"https:\/\/www.youtube.com\/channel\/UC9OlHEgxoaY6QY6nWPoiqQg?sub_confirmation=1\" target=\"_blank\" rel=\"noreferrer noopener\">GP<\/a>&nbsp;|&nbsp;<a href=\"https:\/\/www.youtube.com\/channel\/UC9csiS6q_C3C0FYhyr1rnFA?sub_confirmation=1\" target=\"_blank\" rel=\"noreferrer noopener\">GP2<\/a><\/strong><br><strong>\u25b6\ufe0f&nbsp;<a href=\"https:\/\/www.twitch.tv\/grandepremio\" target=\"_blank\" rel=\"noreferrer noopener\">Conhe\u00e7a o canal do GRANDE PR\u00caMIO na Twitch clicando aqui!<\/a><\/strong><\/p>\n\n\n\n<figure class=\"wp-block-image size-large\"><img decoding=\"async\" src=\"https:\/\/www.grandepremio.com\/br\/wp-content\/uploads\/2022\/09\/Incendio-Marc-VDS-Motegi-768x1024.jpg\" alt=\"\" class=\"wp-image-616359\"\/><figcaption>As motos da Marc VDS nada sofreram, mas a equipe vai avaliar os danos no resto do equipamento (Foto: Reprodu\u00e7\u00e3o\/Twitter @BorjaGonzalezG)<\/figcaption><\/figure>\n\n\n\n<p class=\"wp-block-paragraph\">A partir da\u00ed, parte do material e dos carpetes que o time usa para a instala\u00e7\u00e3o nos boxes tamb\u00e9m pegou fogo, e o local foi tomado pela fuma\u00e7a, o que acionou o alarme. N\u00e3o havia ningu\u00e9m nos boxes da Marc VDS no momento em que o inc\u00eandio aconteceu. Quanto \u00e0s motos da equipe, a a\u00e7\u00e3o r\u00e1pida dos bombeiros impediu que elas fossem atingidas, mas o time de Marc van der Straten ainda vai analisar o restante do material.<\/p>\n\n\n\n<p class=\"wp-block-paragraph\">Pelas redes sociais, a Marc VDS confirmou que nenhum integrante da equipe se machucou e agradeceu a preocupa\u00e7\u00e3o de todos, especialmente daqueles que trabalharam para controlar a situa\u00e7\u00e3o.<\/p>\n\n\n\n<p class=\"wp-block-paragraph\">\u201cFelizmente, todos os membros da equipe est\u00e3o bem e seguros apesar de um inc\u00eandio na nossa garagem\u201d, escreveu a equipe no Twitter. \u201cMuito obrigada a todos que se preocuparam e, especialmente, \u00e0queles no local que ajudaram a controlar a situa\u00e7\u00e3o\u201d, completou a equipe.<\/p>\n\n\n\n<figure class=\"wp-block-embed is-type-rich is-provider-twitter wp-block-embed-twitter\"><div class=\"wp-block-embed__wrapper\">\n<blockquote class=\"twitter-tweet\" data-width=\"500\" data-dnt=\"true\"><p lang=\"en\" dir=\"ltr\">Fortunately all the team members are well and safe despite the fire in our garage \ud83d\ude4f\ud83c\udffb\ud83d\ude4f\ud83c\udffb\ud83d\ude4f\ud83c\udffb <br><br>Thanks a lot to everybody who is caring and especially to those on site helping to control the situation.<\/p>&mdash; Elf Marc VDS Racing Team (@ElfMarcVDS) <a href=\"https:\/\/x.com\/ElfMarcVDS\/status\/1572908588322136064?ref_src=twsrc%5Etfw\">September 22, 2022<\/a><\/blockquote><script async src=\"https:\/\/platform.x.com\/widgets.js\" charset=\"utf-8\"><\/script>\n<\/div><\/figure>\n\n\n\n<p class=\"wp-block-paragraph\">Inc\u00eandios n\u00e3o s\u00e3o novidade no Mundial de Motovelocidade. Em novembro de 2018, em Sepang, a Suzuki de \u00c1lex Rins pegou fogo na entrada dos boxes por conta de um vazamento de combust\u00edvel durante o abastecimento. Felizmente, ningu\u00e9m se machucou.<\/p>\n\n\n\n<p class=\"wp-block-paragraph\">Outro incidente not\u00e1vel, ainda que sem a presen\u00e7a das categorias de moto no local, aconteceu em 2021, no circuito de Termas de R\u00edo Hondo, que recebe a etapa argentina do campeonato. Na ocasi\u00e3o, o fogo consumiu por completo a estrutura dos boxes e os andares acima, dentre os quais fazia parte os camarotes, sala de imprensa, cabines de&nbsp;<a href=\"https:\/\/formula1aovivo.com\/\" target=\"_blank\" rel=\"noreferrer noopener\">transmiss\u00e3o<\/a>&nbsp;e a \u00e1rea VIP do aut\u00f3dromo. Tamb\u00e9m n\u00e3o houve v\u00edtimas, mas o local precisou passar por uma reforma completa para voltar a receber competi\u00e7\u00f5es.<\/p>\n\n\n\n<p class=\"wp-block-paragraph\"><strong>LEIA TAMB\u00c9M<\/strong><br>#&nbsp;<strong><a href=\"https:\/\/www.grandepremio.com\/br\/motogp\/noticias\/lcr-renova-takaaki-nakagami-define-dupla-temporada-2023-motogp\/\">LCR renova com Nakagami e define dupla para temporada 2023 da MotoGP<\/a><\/strong><br>#&nbsp;<strong><a href=\"https:\/\/www.grandepremio.com\/br\/piloto\/pol-espargaro\/\" target=\"_blank\" rel=\"noreferrer noopener\">Pol Espargar\u00f3<\/a><a href=\"https:\/\/www.grandepremio.com\/br\/motogp\/noticias\/pol-espargaro-revela-recebeu-proposta-seguir-honda-2023-deram-chance\/\">&nbsp;revela que Honda \u201cdeu chance\u201d para seguir com equipe em 2023<\/a><\/strong><br>#&nbsp;<strong><a href=\"https:\/\/www.grandepremio.com\/br\/motogp\/noticias\/ducati-bate-martelo-especifica-distribuicao-modelos-temporada-2023\/\">Ducati bate martelo e especifica distribui\u00e7\u00e3o dos modelos para temporada 2023<\/a><\/strong><br>#&nbsp;<strong><a href=\"https:\/\/www.grandepremio.com\/br\/motogp\/noticias\/gasgas-anuncia-chegada-augusto-fernandez-completa-grid-motogp-2023\/\">GasGas anuncia chegada de Augusto Fern\u00e1ndez e completa grid da MotoGP 2023<\/a><\/strong><\/p>\n","protected":false},"excerpt":{"rendered":"<p>Segundo informa\u00e7\u00f5es iniciais, o inc\u00eandio come\u00e7ou na bateria dos auxiliares de partida, mas os bombeiros do circuito de Motegi conseguiram controlar o fogo rapidamente. Felizmente, ningu\u00e9m se feriu<\/p>\n","protected":false},"author":0,"featured_media":1000616358,"comment_status":"closed","ping_status":"closed","sticky":false,"template":"","format":"standard","meta":{"42wp_featured_image_caption":"","42wp_featured_image_credits":"","42wp_featured_video":"","42wp_featured_image_hidden":false,"42wp_authors_list":[],"footnotes":""},"categories":[8],"tags":[5214,3023,26783,2629,3464,2869,79,1930,78,2997,30733,30728,30734,25819,28345,28766,26690],"42wp_author":[47147],"class_list":["post-108754","post","type-post","status-publish","format-standard","has-post-thumbnail","hentry","category-motogp","tag-classificacao-motogp","tag-gp-do-japao","tag-incendio","tag-marc-vds","tag-misano","tag-motegi","tag-moto-gp","tag-moto2","tag-motogp","tag-motogp-2022","tag-motogp-2022-calendario","tag-motogp-calendario-2022","tag-motogp-classificacao-2022","tag-motogp-hoje","tag-motogp-horarios","tag-motogp-standings","tag-pilotos-motogp","42wp_author-luana-marino"],"_links":{"self":[{"href":"https:\/\/grandepremio.com\/br\/wp-json\/wp\/v2\/posts\/108754","targetHints":{"allow":["GET"]}}],"collection":[{"href":"https:\/\/grandepremio.com\/br\/wp-json\/wp\/v2\/posts"}],"about":[{"href":"https:\/\/grandepremio.com\/br\/wp-json\/wp\/v2\/types\/post"}],"replies":[{"embeddable":true,"href":"https:\/\/grandepremio.com\/br\/wp-json\/wp\/v2\/comments?post=108754"}],"version-history":[{"count":0,"href":"https:\/\/grandepremio.com\/br\/wp-json\/wp\/v2\/posts\/108754\/revisions"}],"wp:featuredmedia":[{"embeddable":true,"href":"https:\/\/grandepremio.com\/br\/wp-json\/wp\/v2\/media\/1000616358"}],"wp:attachment":[{"href":"https:\/\/grandepremio.com\/br\/wp-json\/wp\/v2\/media?parent=108754"}],"wp:term":[{"taxonomy":"category","embeddable":true,"href":"https:\/\/grandepremio.com\/br\/wp-json\/wp\/v2\/categories?post=108754"},{"taxonomy":"post_tag","embeddable":true,"href":"https:\/\/grandepremio.com\/br\/wp-json\/wp\/v2\/tags?post=108754"},{"taxonomy":"42wp_author","embeddable":true,"href":"https:\/\/grandepremio.com\/br\/wp-json\/wp\/v2\/42wp_author?post=108754"}],"curies":[{"name":"wp","href":"https:\/\/api.w.org\/{rel}","templated":true}]}}