{"id":108769,"date":"2022-09-21T08:40:38","date_gmt":"2022-09-21T11:40:38","guid":{"rendered":"https:\/\/grandepremio.com\/br\/noticias\/marc-marquez-alerta-variacao-clima-japao-bem-fisicamente-aragao\/"},"modified":"2022-09-21T08:45:30","modified_gmt":"2022-09-21T11:45:30","slug":"marc-marquez-alerta-variacao-clima-japao-bem-fisicamente-aragao","status":"publish","type":"post","link":"https:\/\/grandepremio.com\/br\/motogp\/marc-marquez-alerta-variacao-clima-japao-bem-fisicamente-aragao\/","title":{"rendered":"Marc M\u00e1rquez alerta para varia\u00e7\u00e3o no clima do Jap\u00e3o e se diz \u201cbem fisicamente\u201d ap\u00f3s Arag\u00e3o"},"content":{"rendered":"\n<p class=\"wp-block-paragraph\">\u00c0s v\u00e9speras do GP do Jap\u00e3o, Marc M\u00e1rquez afirmou que se sente bem fisicamente depois do primeiro fim de semana de volta \u00e0 MotoGP ap\u00f3s a quarta cirurgia no bra\u00e7o direito. O espanhol destacou que a meta, por\u00e9m, segue a mesma: recuperar a forma e desenvolver a RC213V da Honda.<\/p>\n\n\n\n<p class=\"wp-block-paragraph\">O GP de Arag\u00e3o marcou o retorno de Marc ao Mundial depois de mais uma cirurgia ainda na esteira da fratura que sofreu no bra\u00e7o direito na abertura do campeonato de 2020. A corrida no MotorLand, no entanto, foi bastante breve, j\u00e1 que ele se envolveu em dois acidentes ainda na primeira volta: primeiro com Fabio Quartararo e, depois, com Takaaki Nakagami.<\/p>\n\n\n\n<p class=\"wp-block-paragraph\"><strong>CLASSIFICA\u00c7\u00c3O DA MOTOGP<\/strong><br>\u21dd <strong><a href=\"https:\/\/www.grandepremio.com\/br\/motogp\/noticias\/fabio-quartararo-queima-gordura-queda-ve-rivais-mais-perto-motogp-veja-classificacao\/\">Quartararo queima gordura com queda e v\u00ea rivais mais perto na MotoGP<\/a><\/strong><\/p>\n\n\n\n<figure class=\"wp-block-image size-large\"><img decoding=\"async\" src=\"https:\/\/www.grandepremio.com\/br\/wp-content\/uploads\/2022\/09\/DS_4543-1024x682.jpg\" alt=\"\" class=\"wp-image-615736\"\/><figcaption>Marc M\u00e1rquez destacou para a instabilidade do clima no Jap\u00e3o (Foto: Divulga\u00e7\u00e3o\/MotoGP)<\/figcaption><\/figure>\n\n\n\n<p class=\"wp-block-paragraph\"><strong>\u25b6\ufe0f&nbsp;Inscreva-se nos dois canais do GRANDE PR\u00caMIO no YouTube:&nbsp;<a href=\"https:\/\/www.youtube.com\/channel\/UC9OlHEgxoaY6QY6nWPoiqQg?sub_confirmation=1\" target=\"_blank\" rel=\"noreferrer noopener\">GP<\/a>&nbsp;|&nbsp;<a href=\"https:\/\/www.youtube.com\/channel\/UC9csiS6q_C3C0FYhyr1rnFA?sub_confirmation=1\" target=\"_blank\" rel=\"noreferrer noopener\">GP2<\/a><\/strong><\/p>\n\n\n\n<p class=\"wp-block-paragraph\">Apesar do abandono, Marc chega ao Jap\u00e3o animado, principalmente por retornar \u00e0 casa da Honda pela primeira vez desde 2019. O espanhol alerta, contudo, para a instabilidade do clima.<\/p>\n\n\n\n<p class=\"wp-block-paragraph\">\u201cEstou realmente empolgado em voltar ao Jap\u00e3o, a corrida de casa da Honda\u201d, disse Marc. \u201c\u00c9 um circuito divertido e os f\u00e3s s\u00e3o sempre incr\u00edveis. Em Motegi voc\u00ea pode ter todos os tipos de clima, ent\u00e3o temos de prestar aten\u00e7\u00e3o ao que est\u00e1 acontecendo\u201d, alertou.<\/p>\n\n\n\n<p class=\"wp-block-paragraph\">Por conta da proximidade entre as corridas de Arag\u00e3o e Jap\u00e3o, a MotoGP optou por cancelar os treinos da manh\u00e3 de sexta-feira, j\u00e1 que corria o risco de enfrentar atrasos no frete. Assim, a sexta-feira ter\u00e1 apenas o treino da tarde, com dura\u00e7\u00e3o maior, de 75 minutos.<\/p>\n\n\n\n<p class=\"wp-block-paragraph\">\u201cCom a mudan\u00e7a na programa\u00e7\u00e3o, ser\u00e3o dois dias e meio muito intensos, mas me sinto bem fisicamente depois de Arag\u00e3o\u201d, comentou. \u201cVamos aproveitar o fim de semana de volta ao Jap\u00e3o e seguir trabalhando do nosso jeito para me recuperar totalmente e para desenvolver a moto\u201d, encerrou.<\/p>\n\n\n\n<a class=\"weatherwidget-io\" href=\"https:\/\/forecast7.com\/pt\/36d53140d19\/motegi\/\" data-label_1=\"MOTEGI\" data-label_2=\"WEATHER\" data-theme=\"original\">MOTEGI WEATHER<\/a>\n\n\n\n\n<p class=\"wp-block-paragraph\">A <a href=\"https:\/\/grandepremio.com\/motovelocidade\/\" target=\"_blank\" rel=\"noreferrer noopener\"><\/a><a href=\"https:\/\/grandepremio.com\/motovelocidade\/\" target=\"_blank\" rel=\"noreferrer noopener\">MotoGP<\/a> volta na pr\u00f3xima semana, com o GP do Jap\u00e3o, em&nbsp;<a href=\"https:\/\/www.grandepremio.com\/br\/circuito\/motegi\/\" target=\"_blank\" rel=\"noreferrer noopener\">Motegi<\/a>. O&nbsp;<strong>GRANDE PR\u00caMIO<\/strong>&nbsp;acompanha todas as atividades do Mundial de&nbsp;<a href=\"https:\/\/www.grandepremio.com\/motovelocidade\/\" target=\"_blank\" rel=\"noreferrer noopener\">Motovelocidade<\/a>&nbsp;2022.<\/p>\n\n\n\n<p class=\"wp-block-paragraph\"><strong>LEIA TAMB\u00c9M<\/strong><br>#&nbsp;<strong><a href=\"https:\/\/www.grandepremio.com\/br\/motogp\/noticias\/lcr-renova-takaaki-nakagami-define-dupla-temporada-2023-motogp\/\">LCR renova com Nakagami e define dupla para temporada 2023 da MotoGP<\/a><\/strong><br>#&nbsp;<strong><a href=\"https:\/\/www.grandepremio.com\/br\/piloto\/pol-espargaro\/\" target=\"_blank\" rel=\"noreferrer noopener\">Pol Espargar\u00f3<\/a><a href=\"https:\/\/www.grandepremio.com\/br\/motogp\/noticias\/pol-espargaro-revela-recebeu-proposta-seguir-honda-2023-deram-chance\/\">&nbsp;revela que Honda \u201cdeu chance\u201d para seguir com equipe em 2023<\/a><\/strong><br>#&nbsp;<strong><a href=\"https:\/\/www.grandepremio.com\/br\/motogp\/noticias\/ducati-bate-martelo-especifica-distribuicao-modelos-temporada-2023\/\">Ducati bate martelo e especifica distribui\u00e7\u00e3o dos modelos para temporada 2023<\/a><\/strong><br>#&nbsp;<strong><a href=\"https:\/\/www.grandepremio.com\/br\/motogp\/noticias\/gasgas-anuncia-chegada-augusto-fernandez-completa-grid-motogp-2023\/\">GasGas anuncia chegada de Augusto Fern\u00e1ndez e completa grid da MotoGP 2023<\/a><\/strong><\/p>\n","protected":false},"excerpt":{"rendered":"<p>Hexacampe\u00e3o da MotoGP celebrou o retorno do Mundial de Motovelocidade ao Jap\u00e3o, mas alertou para a instabilidade do clima. Espanhol frisou que o foco segue sendo a recupera\u00e7\u00e3o da forma f\u00edsica e o desenvolvimento da moto da Honda<\/p>\n","protected":false},"author":0,"featured_media":1000615487,"comment_status":"closed","ping_status":"closed","sticky":false,"template":"","format":"standard","meta":{"42wp_featured_image_caption":"","42wp_featured_image_credits":"","42wp_featured_video":"","42wp_featured_image_hidden":false,"42wp_authors_list":[],"footnotes":""},"categories":[8],"tags":[5214,130,24855,1300,2869,79,78,2997,30733,30728,30734,25819,28345,28766,32147,26690],"42wp_author":[47113],"class_list":["post-108769","post","type-post","status-publish","format-standard","has-post-thumbnail","hentry","category-motogp","tag-classificacao-motogp","tag-honda","tag-japao","tag-marc-marquez","tag-motegi","tag-moto-gp","tag-motogp","tag-motogp-2022","tag-motogp-2022-calendario","tag-motogp-calendario-2022","tag-motogp-classificacao-2022","tag-motogp-hoje","tag-motogp-horarios","tag-motogp-standings","tag-onde-assistir-motogp-2022","tag-pilotos-motogp","42wp_author-juliana-tesser"],"_links":{"self":[{"href":"https:\/\/grandepremio.com\/br\/wp-json\/wp\/v2\/posts\/108769","targetHints":{"allow":["GET"]}}],"collection":[{"href":"https:\/\/grandepremio.com\/br\/wp-json\/wp\/v2\/posts"}],"about":[{"href":"https:\/\/grandepremio.com\/br\/wp-json\/wp\/v2\/types\/post"}],"replies":[{"embeddable":true,"href":"https:\/\/grandepremio.com\/br\/wp-json\/wp\/v2\/comments?post=108769"}],"version-history":[{"count":0,"href":"https:\/\/grandepremio.com\/br\/wp-json\/wp\/v2\/posts\/108769\/revisions"}],"wp:featuredmedia":[{"embeddable":true,"href":"https:\/\/grandepremio.com\/br\/wp-json\/wp\/v2\/media\/1000615487"}],"wp:attachment":[{"href":"https:\/\/grandepremio.com\/br\/wp-json\/wp\/v2\/media?parent=108769"}],"wp:term":[{"taxonomy":"category","embeddable":true,"href":"https:\/\/grandepremio.com\/br\/wp-json\/wp\/v2\/categories?post=108769"},{"taxonomy":"post_tag","embeddable":true,"href":"https:\/\/grandepremio.com\/br\/wp-json\/wp\/v2\/tags?post=108769"},{"taxonomy":"42wp_author","embeddable":true,"href":"https:\/\/grandepremio.com\/br\/wp-json\/wp\/v2\/42wp_author?post=108769"}],"curies":[{"name":"wp","href":"https:\/\/api.w.org\/{rel}","templated":true}]}}