{"id":108800,"date":"2022-09-19T13:56:51","date_gmt":"2022-09-19T16:56:51","guid":{"rendered":"https:\/\/grandepremio.com\/br\/noticias\/kyle-busch-ressalta-desejo-participar-indy-500-2023-atrai-interesse-mclaren\/"},"modified":"2022-09-19T13:59:04","modified_gmt":"2022-09-19T16:59:04","slug":"kyle-busch-ressalta-desejo-participar-indy-500-2023-atrai-interesse-mclaren","status":"publish","type":"post","link":"https:\/\/grandepremio.com\/br\/indy\/kyle-busch-ressalta-desejo-participar-indy-500-2023-atrai-interesse-mclaren\/","title":{"rendered":"Kyle Busch ressalta desejo de participar da Indy 500 2023 e atrai interesse da McLaren"},"content":{"rendered":"\n<p class=\"wp-block-paragraph\">O americano Kyle Busch vai deixar a Joe Gibbs e a Toyota e vai correr pela Richard Childress e a Chevrolet na temporada de 2023 da Nascar, uma mudan\u00e7a que tamb\u00e9m pode afetar a Indy. Isso porque Busch deixou bem claro nas negocia\u00e7\u00f5es que gostaria de poder correr as 500 Milhas de Indian\u00e1polis e fazer a dobradinha com as 600 Milhas de Charlotte.<\/p>\n\n\n\n<p class=\"wp-block-paragraph\">Com o novo v\u00ednculo envolvendo a Chevrolet, o piloto de 37 anos est\u00e1 a espera de uma liga\u00e7\u00e3o de alguma equipe da Indy para participar da corrida no Brickyard na pr\u00f3xima temporada. &#8220;Eu fiz quest\u00e3o que isso fosse inclu\u00eddo no neg\u00f3cio. De todas as formas, qualquer time da Indy que seja da Chevrolet, me ligue!&#8221;, afirmou Kyle.<\/p>\n\n\n\n<p class=\"wp-block-paragraph\">Busch tem demonstrado interesse em participar das 500 Milhas de Indian\u00e1polis desde 2014, quando seu irm\u00e3o, Kurt, correu a prova com a Andretti e terminou em uma impressionante sexta coloca\u00e7\u00e3o. Mas, como piloto da Joe Gibbs, o americano nunca conseguiu ter essa oportunidade.<\/p>\n\n\n\n<p class=\"wp-block-paragraph\"><strong>\u25b6\ufe0f\u00a0Inscreva-se nos dois canais do GRANDE PR\u00caMIO no YouTube:\u00a0<a href=\"https:\/\/www.youtube.com\/channel\/UC9OlHEgxoaY6QY6nWPoiqQg?sub_confirmation=1\" target=\"_blank\" rel=\"noreferrer noopener\">GP<\/a>\u00a0|\u00a0<a href=\"https:\/\/www.youtube.com\/channel\/UC9csiS6q_C3C0FYhyr1rnFA?sub_confirmation=1\" target=\"_blank\" rel=\"noreferrer noopener\">GP2<\/a><\/strong><br><strong>\u25b6\ufe0f\u00a0<a href=\"https:\/\/www.twitch.tv\/grandepremio\" target=\"_blank\" rel=\"noreferrer noopener\">Conhe\u00e7a o canal do GRANDE PR\u00caMIO na Twitch clicando aqui!<\/a><\/strong><\/p>\n\n\n\n<figure class=\"wp-block-image size-large\"><img decoding=\"async\" src=\"https:\/\/www.grandepremio.com\/br\/wp-content\/uploads\/2022\/05\/Pato-O039Ward-Indianapolis-500-Practice-By_-Matt-Fraver_Large-Image-Without-Watermark_m56957-1024x683.jpg\" alt=\"\" class=\"wp-image-574415\"\/><figcaption>Pato O&#8217;Ward terminou Indy 500 na segunda coloca\u00e7\u00e3o (Foto: IndyCar)<\/figcaption><\/figure>\n\n\n\n<p class=\"wp-block-paragraph\"><strong><a href=\"https:\/\/www.grandepremio.com\/br\/nascar\/noticias\/kyle-busch-kevin-harvick-ficam-caminho-primeiro-corte-playoffs-nascar\/\" class=\"ek-link\">LEIA MAIS:<\/a> Kyle Busch e Harvick ficam pelo caminho no primeiro corte dos playoffs da Nascar<\/strong><\/p>\n\n\n\n<p class=\"wp-block-paragraph\">As equipes que correm com motor Chevrolet na Indy e poderiam ligar para Kyle s\u00e3o a Penske, McLaren, Carpenter, Foyt e Juncos Hollinger. Uma delas, inclusive, j\u00e1 demonstrou interesse em contar com o veterano de 37 anos para a Indy 500.<\/p>\n\n\n\n<p class=\"wp-block-paragraph\">&#8220;Eu adoraria encontrar uma forma de coloc\u00e1-lo no meu time. Voc\u00ea tem o n\u00famero dele?&#8221;, brincou Sam Schmidt, um dos donos da McLaren na Indy. &#8220;N\u00f3s vimos o bom desempenho do irm\u00e3o dele e acho que seria fant\u00e1stico para a Indy e para o esporte. N\u00f3s t\u00e3o temos algu\u00e9m fazendo a dobradinha h\u00e1 algum tempo&#8221;, disse Schmidt.<\/p>\n\n\n\n<p class=\"wp-block-paragraph\">Caso Busch de fato consiga uma oportunidade com a McLaren, ele teria um bom carro em suas m\u00e3os, capaz de brigar pela vit\u00f3ria. Na Indy 500 em 2022, a equipe teve dois carros entre os cinco primeiros, com o mexicano Pato O&#8217;Ward em segundo e o sueco Felix Rosenqvist em sexto. O time brit\u00e2nico ter\u00e1 um terceiro carro confirmado na pr\u00f3xima temporada com o americano Alexander Rossi, mas pode ter um quarto b\u00f3lido apenas para as 500 Milhas de Indian\u00e1polis.<\/p>\n","protected":false},"excerpt":{"rendered":"<p>Ap\u00f3s trocar de equipe na Nascar, Kyle Busch deixou claro que quer competir nas 500 Milhas de Indian\u00e1polis e Sam Schmidt, um dos donos da McLaren na Indy, disse ter interesse em contar com o bicampe\u00e3o<\/p>\n","protected":false},"author":0,"featured_media":1000615774,"comment_status":"closed","ping_status":"closed","sticky":false,"template":"","format":"standard","meta":{"42wp_featured_image_caption":"","42wp_featured_image_credits":"","42wp_featured_video":"","42wp_featured_image_hidden":false,"42wp_authors_list":[],"footnotes":""},"categories":[3],"tags":[2980,231,619,31851,93,25977,232,32514,94,5219,1253,90,411,178],"42wp_author":[47144],"class_list":["post-108800","post","type-post","status-publish","format-standard","has-post-thumbnail","hentry","category-indy","tag-500-milhas-indianapolis","tag-chevrolet","tag-formula-indy","tag-formula-indy-2023","tag-indy","tag-indy-2023","tag-indy-500","tag-indy-500-2023","tag-indycar","tag-joe-gibbs","tag-kyle-busch","tag-mclaren","tag-nascar","tag-toyota","42wp_author-andre-netto"],"_links":{"self":[{"href":"https:\/\/grandepremio.com\/br\/wp-json\/wp\/v2\/posts\/108800","targetHints":{"allow":["GET"]}}],"collection":[{"href":"https:\/\/grandepremio.com\/br\/wp-json\/wp\/v2\/posts"}],"about":[{"href":"https:\/\/grandepremio.com\/br\/wp-json\/wp\/v2\/types\/post"}],"replies":[{"embeddable":true,"href":"https:\/\/grandepremio.com\/br\/wp-json\/wp\/v2\/comments?post=108800"}],"version-history":[{"count":0,"href":"https:\/\/grandepremio.com\/br\/wp-json\/wp\/v2\/posts\/108800\/revisions"}],"wp:featuredmedia":[{"embeddable":true,"href":"https:\/\/grandepremio.com\/br\/wp-json\/wp\/v2\/media\/1000615774"}],"wp:attachment":[{"href":"https:\/\/grandepremio.com\/br\/wp-json\/wp\/v2\/media?parent=108800"}],"wp:term":[{"taxonomy":"category","embeddable":true,"href":"https:\/\/grandepremio.com\/br\/wp-json\/wp\/v2\/categories?post=108800"},{"taxonomy":"post_tag","embeddable":true,"href":"https:\/\/grandepremio.com\/br\/wp-json\/wp\/v2\/tags?post=108800"},{"taxonomy":"42wp_author","embeddable":true,"href":"https:\/\/grandepremio.com\/br\/wp-json\/wp\/v2\/42wp_author?post=108800"}],"curies":[{"name":"wp","href":"https:\/\/api.w.org\/{rel}","templated":true}]}}