{"id":108814,"date":"2022-09-19T04:30:00","date_gmt":"2022-09-19T07:30:00","guid":{"rendered":"https:\/\/grandepremio.com\/br\/noticias\/chefe-alpine-cogita-encerrar-programa-jovens-pilotos-apos-caso-oscar-piastri\/"},"modified":"2022-09-19T10:07:04","modified_gmt":"2022-09-19T13:07:04","slug":"chefe-alpine-cogita-encerrar-programa-jovens-pilotos-apos-caso-oscar-piastri","status":"publish","type":"post","link":"https:\/\/grandepremio.com\/br\/f1\/chefe-alpine-cogita-encerrar-programa-jovens-pilotos-apos-caso-oscar-piastri\/","title":{"rendered":"Chefe da Alpine cogita encerrar programa de jovens pilotos ap\u00f3s &#8216;Caso Piastri&#8217;"},"content":{"rendered":"\n<p class=\"wp-block-paragraph\">O trauma do imbr\u00f3glio com Oscar Piastri foi t\u00e3o grande que a Alpine cogita encerrar o programa de jovens pilotos no futuro. Laurent Rossi, diretor-executivo do time de Enstone, desabafou sobre a situa\u00e7\u00e3o envolvendo o australiano e deu indica\u00e7\u00f5es que a esquadra francesa pode deixar de investir na pr\u00f3pria academia assim que encerrar o v\u00ednculo com todos os pilotos atuais.<\/p>\n\n\n\n<p class=\"wp-block-paragraph\">Membro da academia Alpine, Oscar Piastri conquistou os t\u00edtulos da F\u00f3rmula 3 e F\u00f3rmula 2 com apoio dos franceses, que o deixaram de reserva em 2022 e chegaram a anunciar a promo\u00e7\u00e3o do piloto ao posto de titular em 2023, mas Piastri veio a p\u00fablico desmentir a informa\u00e7\u00e3o e assinar com a McLaren, em batalha contratual que precisou ser resolvida pela FIA.<\/p>\n\n\n\n<p class=\"wp-block-paragraph\">&#8220;Fomos n\u00f3s que levamos a bala por todos os outros. O problema que isso cria \u00e9 que torna um mercado muito fluido. Coloca em risco as partes interessadas que investem nele. Se voc\u00ea decidir que vai economizar dinheiro todos os anos n\u00e3o investindo em pilotos, e apenas o rouba de outro time com o dinheiro que economizou, \u00e9 uma proposta diferente&#8221;, comentou Rossi.<\/p>\n\n\n\n<p class=\"wp-block-paragraph\"><strong>\u25b6\ufe0f\u00a0Inscreva-se nos dois canais do GRANDE PR\u00caMIO no YouTube:\u00a0<a href=\"https:\/\/www.youtube.com\/channel\/UC9OlHEgxoaY6QY6nWPoiqQg?sub_confirmation=1\" target=\"_blank\" rel=\"noreferrer noopener\">GP<\/a>\u00a0|\u00a0<a href=\"https:\/\/www.youtube.com\/channel\/UC9csiS6q_C3C0FYhyr1rnFA?sub_confirmation=1\" target=\"_blank\" rel=\"noreferrer noopener\">GP2<\/a><\/strong><br><strong>\u25b6\ufe0f\u00a0<a href=\"https:\/\/www.twitch.tv\/grandepremio\" target=\"_blank\" rel=\"noreferrer noopener\">Conhe\u00e7a o canal do GRANDE PR\u00caMIO na Twitch clicando aqui!<\/a><\/strong><\/p>\n\n\n\n<figure class=\"wp-block-image size-large\"><img decoding=\"async\" src=\"https:\/\/www.grandepremio.com\/br\/wp-content\/uploads\/2022\/08\/FUA8ANlWQAIwfWq-1024x576.jpg\" alt=\"\" class=\"wp-image-602367\"\/><figcaption>Oscar Piastri est\u00e1 liberado para correr pela McLaren em 2023 (Foto: Alpine)<\/figcaption><\/figure>\n\n\n\n<p class=\"wp-block-paragraph\"><strong>LEIA MAIS<\/strong>:<br><strong>Red Bull desiste de ter Herta na AlphaTauri e\u00a0<\/strong><a href=\"https:\/\/www.grandepremio.com\/br\/f1\/noticias\/red-bull-desiste-colton-herta-alphatauri-culpa-burocracia-incompreensivel\/\"><strong>culpa burocracia \u201cincompreens\u00edvel\u201d<\/strong><\/a><\/p>\n\n\n\n<p class=\"wp-block-paragraph\">Atualmente, a academia da Alpine conta com quatro pilotos: Olli Caldwell, Jack Doohan, Victor Martins e o brasileiro Caio Collet, al\u00e9m de nomes afiliados como Matheus Ferreira, Hadrien David, Nikola Tsolov e Abbi Pulling. Rossi afirmou que corre o risco de n\u00e3o trazer nenhum novo piloto ap\u00f3s o encerramento de v\u00ednculo com os atuais.<\/p>\n\n\n\n<p class=\"wp-block-paragraph\">&#8220;N\u00e3o tenho certeza se quero continuar investindo estes pilotos, ou ent\u00e3o vou ter de tranc\u00e1-los em um contrato que pode n\u00e3o ser atraente a eles. Como voc\u00ea resolve isso? Agora, estamos realmente nos perguntando se continuaremos ou n\u00e3o al\u00e9m do nosso elenco atual, e com quem honraremos at\u00e9 o fim nossas obriga\u00e7\u00f5es, pois temos planos multianuais com eles. N\u00f3s nos perguntamos se vamos aceitar novos pilotos, por que o far\u00edamos?&#8221;, completou.<\/p>\n\n\n\n<figure class=\"wp-block-embed is-type-video is-provider-youtube wp-block-embed-youtube wp-embed-aspect-16-9 wp-has-aspect-ratio\"><div class=\"wp-block-embed__wrapper\">\n<iframe loading=\"lazy\" title=\"FERRARI E MERCEDES DEVEM DESISTIR DA F1 2022 E J\u00c1 FOCAR NA F1 2023?\" width=\"500\" height=\"281\" src=\"https:\/\/www.youtube.com\/embed\/abHuhSLkW2Q?feature=oembed\" frameborder=\"0\" allow=\"accelerometer; autoplay; clipboard-write; encrypted-media; gyroscope; picture-in-picture; web-share\" referrerpolicy=\"strict-origin-when-cross-origin\" allowfullscreen><\/iframe>\n<\/div><figcaption>ERRARI E MERCEDES DEVEM DESISTIR DA F1 2022 E J\u00c1 FOCAR NA F1 2023?<\/figcaption><\/figure>\n","protected":false},"excerpt":{"rendered":"<p>Laurent Rossi desabafou sobre a situa\u00e7\u00e3o de Oscar Piastri e deu indicativo que pode encerrar programa de jovens pilotos da Alpine no futuro<\/p>\n","protected":false},"author":0,"featured_media":1000532291,"comment_status":"closed","ping_status":"closed","sticky":false,"template":"","format":"standard","meta":{"42wp_featured_image_caption":"","42wp_featured_image_credits":"","42wp_featured_video":"","42wp_featured_image_hidden":false,"42wp_authors_list":[],"footnotes":""},"categories":[2],"tags":[20491,147,6533,180,30722,27073,90,2916],"42wp_author":[47119],"class_list":["post-108814","post","type-post","status-publish","format-standard","has-post-thumbnail","hentry","category-f1","tag-alpine","tag-f1","tag-f1-2023","tag-formula-1","tag-formula-1-2023","tag-laurent-rossi","tag-mclaren","tag-oscar-piastri","42wp_author-gabriel-carvalho"],"_links":{"self":[{"href":"https:\/\/grandepremio.com\/br\/wp-json\/wp\/v2\/posts\/108814","targetHints":{"allow":["GET"]}}],"collection":[{"href":"https:\/\/grandepremio.com\/br\/wp-json\/wp\/v2\/posts"}],"about":[{"href":"https:\/\/grandepremio.com\/br\/wp-json\/wp\/v2\/types\/post"}],"replies":[{"embeddable":true,"href":"https:\/\/grandepremio.com\/br\/wp-json\/wp\/v2\/comments?post=108814"}],"version-history":[{"count":0,"href":"https:\/\/grandepremio.com\/br\/wp-json\/wp\/v2\/posts\/108814\/revisions"}],"wp:featuredmedia":[{"embeddable":true,"href":"https:\/\/grandepremio.com\/br\/wp-json\/wp\/v2\/media\/1000532291"}],"wp:attachment":[{"href":"https:\/\/grandepremio.com\/br\/wp-json\/wp\/v2\/media?parent=108814"}],"wp:term":[{"taxonomy":"category","embeddable":true,"href":"https:\/\/grandepremio.com\/br\/wp-json\/wp\/v2\/categories?post=108814"},{"taxonomy":"post_tag","embeddable":true,"href":"https:\/\/grandepremio.com\/br\/wp-json\/wp\/v2\/tags?post=108814"},{"taxonomy":"42wp_author","embeddable":true,"href":"https:\/\/grandepremio.com\/br\/wp-json\/wp\/v2\/42wp_author?post=108814"}],"curies":[{"name":"wp","href":"https:\/\/api.w.org\/{rel}","templated":true}]}}