{"id":108825,"date":"2022-09-18T10:59:40","date_gmt":"2022-09-18T13:59:40","guid":{"rendered":"https:\/\/grandepremio.com\/br\/noticias\/fabio-quartararo-queima-gordura-queda-ve-rivais-mais-perto-motogp-veja-classificacao\/"},"modified":"2022-09-18T11:00:38","modified_gmt":"2022-09-18T14:00:38","slug":"fabio-quartararo-queima-gordura-queda-ve-rivais-mais-perto-motogp-veja-classificacao","status":"publish","type":"post","link":"https:\/\/grandepremio.com\/br\/motogp\/fabio-quartararo-queima-gordura-queda-ve-rivais-mais-perto-motogp-veja-classificacao\/","title":{"rendered":"Quartararo queima gordura com queda e v\u00ea rivais mais perto na MotoGP. Veja classifica\u00e7\u00e3o"},"content":{"rendered":"\n<figure class=\"wp-block-video\"><video class=\"video-js vjs-big-play-centered\" data-gp-vjs=\"1\" controls src=\"https:\/\/www.grandepremio.com\/br\/wp-content\/uploads\/2022\/09\/motogp-2022-gp-de-aragao-abandono-quartararo.mp4\"><\/video><figcaption>Quartararo toca Marc M\u00e1rquez, cai e abandona em Arag\u00e3o (V\u00eddeo: DAZN)<\/figcaption><\/figure>\n\n\n\n<p class=\"wp-block-paragraph\">O GP de Arag\u00e3o deu uma nova vida ao campeonato de 2022 da MotoGP. Com <a href=\"https:\/\/www.grandepremio.com\/br\/motogp\/noticias\/fabio-quartararo-toca-marc-marquez-cai-abandona-gp-aragao-motogp\/\" class=\"ek-link\">a queda de Fabio Quartararo no in\u00edcio da corrida no MotorLand<\/a>, o franc\u00eas tem as chances de chegar ao bicampeonato seriamente abaladas, j\u00e1 que perdeu 2\/3 da gordura que passou 75% da temporada construindo.<\/p>\n\n\n\n<p class=\"wp-block-paragraph\">Restando apenas cinco GPs para o fim da disputa, Fabio segue na lideran\u00e7a, ainda com 211 pontos, mas agora s\u00f3 com dez pontos de vantagem para Francesco Bagnaia. A diferen\u00e7a, ali\u00e1s, \u00e9 gra\u00e7as a Enea Bastianini, que <a href=\"https:\/\/www.grandepremio.com\/br\/motogp\/noticias\/fabio-quartararo-toca-marc-marquez-cai-abandona-gp-aragao-motogp\/\" class=\"ek-link\">bateu o piloto de Torino na \u00faltima volta do MotorLand para ficar com a vit\u00f3ria e tirar de Pecco os cinco pontos que poderiam deixar a disputa ainda mais apertada<\/a>.<\/p>\n\n\n\n<figure class=\"wp-block-image size-large\"><img decoding=\"async\" src=\"https:\/\/www.grandepremio.com\/br\/wp-content\/uploads\/2022\/09\/MEYMm__GG11518-1024x683.jpg\" alt=\"\" class=\"wp-image-615498\"\/><figcaption>(Foto: Yamaha)<\/figcaption><\/figure>\n\n\n\n<p class=\"wp-block-paragraph\"><strong>\u25b6\ufe0f\u00a0Inscreva-se nos dois canais do GRANDE PR\u00caMIO no YouTube:\u00a0<a href=\"https:\/\/www.youtube.com\/channel\/UC9OlHEgxoaY6QY6nWPoiqQg?sub_confirmation=1\" target=\"_blank\" rel=\"noreferrer noopener\">GP<\/a>\u00a0|\u00a0<a href=\"https:\/\/www.youtube.com\/channel\/UC9csiS6q_C3C0FYhyr1rnFA?sub_confirmation=1\" target=\"_blank\" rel=\"noreferrer noopener\">GP2<\/a><\/strong><\/p>\n\n\n\n<p class=\"wp-block-paragraph\">Aleix Espargar\u00f3 tamb\u00e9m aproveitou o rev\u00e9s de Quartararo para avan\u00e7ar no campeonato. O catal\u00e3o conquistou o terceiro posto e cortou de 33 para 17 o atraso em rela\u00e7\u00e3o ao l\u00edder.<\/p>\n\n\n\n<p class=\"wp-block-paragraph\">Bastianini aparece em quarto, com 48 pontos a menos do que Quartararo. Jack Miller passou Johann Zarco e agora \u00e9 o quinto colocado. Brad Binder permanece em s\u00e9timo, diante de \u00c1lex Rins, que avan\u00e7ou uma posi\u00e7\u00e3o. Jorge Martin vem em seguida, com Maverick Vi\u00f1ales caindo para d\u00e9cimo.<\/p>\n\n\n\n<p class=\"wp-block-paragraph\">Miguel Oliveira \u00e9 o 11\u00ba, com Luca Marini encerrando a lista dos pilotos que ainda t\u00eam chance matem\u00e1tica de t\u00edtulo. Joan Mir \u00e9 o 13\u00ba, diante de Marco Bezzecchi, Marc M\u00e1rquez, Takaaki Nakagami, Pol Espargar\u00f3, \u00c1lex M\u00e1rquez, Franco Morbidelli, Fabio Di Giannantonio, Andrea Dovizioso, Darryn Binder, Remy Gardner, Ra\u00fal Fern\u00e1ndez e Stefan Bradl.<\/p>\n\n\n\n<p class=\"wp-block-paragraph\">De volta \u00e0 MotoGP ap\u00f3s a aposentadoria, justamente para substituir o agora aposentado Andrea Dovizioso, Cal Crutchlow somou dois pontos e aparece na lanterna da classifica\u00e7\u00e3o, em 26\u00ba.<\/p>\n\n\n\n<figure class=\"wp-block-table\"><table><tbody><tr><td>&nbsp;<\/td><td>&nbsp;<\/td><td>&nbsp;<\/td><td>Poles<\/td><td>Vit\u00f3rias<\/td><td>Pontos<\/td><\/tr><tr><td><strong>1<\/strong><\/td><td>F QUARTARARO<\/td><td>Yamaha<\/td><td>1<\/td><td>3<\/td><td>211<\/td><\/tr><tr><td><strong>2<\/strong><\/td><td>F BAGNAIA<\/td><td>Ducati<\/td><td>5<\/td><td>6<\/td><td>201<\/td><\/tr><tr><td><strong>3<\/strong><\/td><td>A ESPARGAR\u00d3<\/td><td>Aprilia<\/td><td>2<\/td><td>1<\/td><td>194<\/td><\/tr><tr><td><strong>4<\/strong><\/td><td>E BASTIANINI<\/td><td>Gresini Ducati<\/td><td>1<\/td><td>4<\/td><td>163<\/td><\/tr><tr><td><strong>5<\/strong><\/td><td>J ZARCO<\/td><td>Pramac Ducati<\/td><td>2<\/td><td>&#8211;<\/td><td>134<\/td><\/tr><tr><td><strong>6<\/strong><\/td><td>J MILLER<\/td><td>Ducati<\/td><td>1<\/td><td>&#8211;<\/td><td>133<\/td><\/tr><tr><td><strong>7<\/strong><\/td><td>B BINDER<\/td><td>KTM<\/td><td>&#8211;<\/td><td>&#8211;<\/td><td>128<\/td><\/tr><tr><td><strong>8<\/strong><\/td><td>\u00c1 RINS<\/td><td>Suzuki<\/td><td>&#8211;<\/td><td>&#8211;<\/td><td>108<\/td><\/tr><tr><td><strong>9<\/strong><\/td><td>J MART\u00cdN<\/td><td>Pramac Ducati<\/td><td>2<\/td><td>&#8211;<\/td><td>104<\/td><\/tr><tr><td><strong>10<\/strong><\/td><td>M VI\u00d1ALES<\/td><td>Aprilia<\/td><td>&#8211;<\/td><td>&#8211;<\/td><td>104<\/td><\/tr><tr><td><strong>11<\/strong><\/td><td>M OLIVEIRA<\/td><td>KTM<\/td><td>&#8211;<\/td><td>1<\/td><td>95<\/td><\/tr><tr><td><strong>12<\/strong><\/td><td>L MARINI<\/td><td>VR46<\/td><td>&#8211;<\/td><td>&#8211;<\/td><td>91<\/td><\/tr><tr><td><strong>13<\/strong><\/td><td>J MIR<\/td><td>Suzuki<\/td><td>&#8211;<\/td><td>&#8211;<\/td><td>77<\/td><\/tr><tr><td><strong>14<\/strong><\/td><td>M BEZZECCHI<\/td><td>VR46<\/td><td>&#8211;<\/td><td>&#8211;<\/td><td>74<\/td><\/tr><tr><td><strong>15<\/strong><\/td><td>M M\u00c1RQUEZ<\/td><td>Honda<\/td><td>&#8211;<\/td><td>&#8211;<\/td><td>60<\/td><\/tr><tr><td><strong>16<\/strong><\/td><td>T NAKAGAMI<\/td><td>LCR Honda<\/td><td>&#8211;<\/td><td>&#8211;<\/td><td>46<\/td><\/tr><tr><td><strong>17<\/strong><\/td><td>P ESPARGAR\u00d3<\/td><td>Honda<\/td><td>&#8211;<\/td><td>&#8211;<\/td><td>43<\/td><\/tr><tr><td><strong>18<\/strong><\/td><td>A M\u00c1RQUEZ<\/td><td>LCR Honda<\/td><td>&#8211;<\/td><td>&#8211;<\/td><td>39<\/td><\/tr><tr><td><strong>19<\/strong><\/td><td>F MORBIDELLI<\/td><td>Yamaha<\/td><td>&#8211;<\/td><td>&#8211;<\/td><td>26<\/td><\/tr><tr><td><strong>20<\/strong><\/td><td>F DI GIANNANTONIO<\/td><td>Gresini Ducati<\/td><td>1<\/td><td>&#8211;<\/td><td>23<\/td><\/tr><tr><td><strong>21<\/strong><\/td><td>A DOVIZIOSO<\/td><td>RNF YAMAHA<\/td><td>&#8211;<\/td><td>&#8211;<\/td><td>15<\/td><\/tr><tr><td><strong>22<\/strong><\/td><td>D BINDER<\/td><td>RNF YAMAHA<\/td><td>&#8211;<\/td><td>&#8211;<\/td><td>10<\/td><\/tr><tr><td><strong>23<\/strong><\/td><td>R GARDNER<\/td><td>Tech3 KTM<\/td><td>&#8211;<\/td><td>&#8211;<\/td><td>9<\/td><\/tr><tr><td><strong>24<\/strong><\/td><td>R FERN\u00c1NDEZ<\/td><td>Tech3 KTM<\/td><td>&#8211;<\/td><td>&#8211;<\/td><td>8<\/td><\/tr><tr><td><strong>25<\/strong><\/td><td>S BRADL<\/td><td>Honda<\/td><td>&#8211;<\/td><td>&#8211;<\/td><td>2<\/td><\/tr><tr><td><strong>26<\/strong><\/td><td>C CRUTCHLOW<\/td><td>RNF YAMAHA<\/td><td>&#8211;<\/td><td>&#8211;<\/td><td>2<\/td><\/tr><tr><td><strong>27<\/strong><\/td><td>M PIRRO<\/td><td>Ducati<\/td><td>&#8211;<\/td><td>&#8211;<\/td><td>0<\/td><\/tr><tr><td><strong>28<\/strong><\/td><td>L SAVADORI<\/td><td>Aprilia<\/td><td>&#8211;<\/td><td>&#8211;<\/td><td>0<\/td><\/tr><tr><td><strong>29<\/strong><\/td><td>K WATANABE<\/td><td>Suzuki<\/td><td>&#8211;<\/td><td>&#8211;<\/td><td>0<\/td><\/tr><\/tbody><\/table><\/figure>\n\n\n\n<h3 class=\"wp-block-heading\"><strong>MotoGP 2022: Mundial de Construtores<\/strong><\/h3>\n\n\n\n<p class=\"wp-block-paragraph\">A disputa entre as f\u00e1bricas foi a primeira a definir um campe\u00e3o em 2022. Pela terceira vez seguida, a Ducati provou ter a melhor moto e o fez no primeiro match-point.<\/p>\n\n\n\n<p class=\"wp-block-paragraph\">A casa de Borgo Panigale chegou aos 346 pontos e abriu 129 de margem para a Aprilia, que passou a Yamaha pelo segundo posto na classifica\u00e7\u00e3o. A KTM segue no quarto lugar, diante da Suzuki. A Honda, s\u00f3 100 pontos, tem a \u00faltima coloca\u00e7\u00e3o.<\/p>\n\n\n\n<figure class=\"wp-block-table\"><table><tbody><tr><td>&nbsp;<\/td><td>&nbsp;<\/td><td>Poles<\/td><td>Vit\u00f3rias<\/td><td>Pontos<\/td><\/tr><tr><td><strong>1<\/strong><\/td><td>DUCATI<\/td><td>12<\/td><td>10<\/td><td>346<\/td><\/tr><tr><td><strong>2<\/strong><\/td><td>APRILIA<\/td><td>2<\/td><td>1<\/td><td>217<\/td><\/tr><tr><td><strong>3<\/strong><\/td><td>YAMAHA<\/td><td>1<\/td><td>3<\/td><td>213<\/td><\/tr><tr><td><strong>4<\/strong><\/td><td>KTM<\/td><td>&#8211;<\/td><td>1<\/td><td>161<\/td><\/tr><tr><td><strong>5<\/strong><\/td><td>SUZUKI<\/td><td>&#8211;<\/td><td>&#8211;<\/td><td>134<\/td><\/tr><tr><td><strong>6<\/strong><\/td><td>HONDA<\/td><td>&#8211;<\/td><td>&#8211;<\/td><td>100<\/td><\/tr><\/tbody><\/table><\/figure>\n\n\n\n<h3 class=\"wp-block-heading\" id=\"h-motogp-2022-mundial-de-equipes\"><strong>MotoGP 2022: Mundial de Equipes<\/strong><\/h3>\n\n\n\n<p class=\"wp-block-paragraph\">No confronto entre as equipes, a Ducati tamb\u00e9m tem a lideran\u00e7a. O time de Bagnaia e Miller lidera com 335 pontos, 37 a mais do que a Aprilia. A Yamaha tem a terceira posi\u00e7\u00e3o, diante de Pramac e KTM.<\/p>\n\n\n\n<p class=\"wp-block-paragraph\">A Gresini passou a Suzuki pelo sexto lugar, com a VR46 aparecendo em oitava, seguida por Honda, LCR, RNF e Tech3, que segue com 17 pontos.<\/p>\n\n\n\n<figure class=\"wp-block-table\"><table><tbody><tr><td>&nbsp;<\/td><td>&nbsp;<\/td><td>Poles<\/td><td>Vit\u00f3rias<\/td><td>Pontos<\/td><\/tr><tr><td><strong>1<\/strong><\/td><td>DUCATI<\/td><td>6<\/td><td>6<\/td><td>335<\/td><\/tr><tr><td><strong>2<\/strong><\/td><td>APRILIA<\/td><td>2<\/td><td>1<\/td><td>298<\/td><\/tr><tr><td><strong>3<\/strong><\/td><td>YAMAHA<\/td><td>1<\/td><td>3<\/td><td>237<\/td><\/tr><tr><td><strong>4<\/strong><\/td><td>PRAMAC<\/td><td>4<\/td><td>&#8211;<\/td><td>237<\/td><\/tr><tr><td><strong>5<\/strong><\/td><td>KTM<\/td><td>&#8211;<\/td><td>1<\/td><td>223<\/td><\/tr><tr><td><strong>6<\/strong><\/td><td>GRESINI<\/td><td>2<\/td><td>4<\/td><td>186<\/td><\/tr><tr><td><strong>7<\/strong><\/td><td>SUZUKI<\/td><td>&#8211;<\/td><td>&#8211;<\/td><td>185<\/td><\/tr><tr><td><strong>8<\/strong><\/td><td>VR46<\/td><td>&#8211;<\/td><td>&#8211;<\/td><td>165<\/td><\/tr><tr><td><strong>9<\/strong><\/td><td>HONDA<\/td><td>&#8211;<\/td><td>&#8211;<\/td><td>105<\/td><\/tr><tr><td><strong>10<\/strong><\/td><td>LCR<\/td><td>&#8211;<\/td><td>&#8211;<\/td><td>85<\/td><\/tr><tr><td><strong>11<\/strong><\/td><td>RNF<\/td><td>&#8211;<\/td><td>&#8211;<\/td><td>27<\/td><\/tr><tr><td><strong>12<\/strong><\/td><td>TECH3<\/td><td>&#8211;<\/td><td>&#8211;<\/td><td>17<\/td><\/tr><\/tbody><\/table><\/figure>\n\n\n\n<p class=\"wp-block-paragraph\">A <a href=\"https:\/\/grandepremio.com\/motovelocidade\/\" target=\"_blank\" rel=\"noreferrer noopener\">MotoGP<\/a> volta na pr\u00f3xima semana, com o GP do Jap\u00e3o, em\u00a0<a href=\"https:\/\/www.grandepremio.com\/br\/circuito\/motegi\/\" target=\"_blank\" rel=\"noreferrer noopener\">Motegi<\/a>. O\u00a0<strong>GRANDE PR\u00caMIO<\/strong>\u00a0acompanha todas as atividades do Mundial de\u00a0<a href=\"https:\/\/www.grandepremio.com\/motovelocidade\/\" target=\"_blank\" rel=\"noreferrer noopener\">Motovelocidade<\/a>\u00a02022.<\/p>\n\n\n\n<p class=\"wp-block-paragraph\"><strong>LEIA TAMB\u00c9M<\/strong><br>#\u00a0<strong><a href=\"https:\/\/www.grandepremio.com\/br\/motogp\/noticias\/lcr-renova-takaaki-nakagami-define-dupla-temporada-2023-motogp\/\">LCR renova com Nakagami e define dupla para temporada 2023 da MotoGP<\/a><\/strong><br>#\u00a0<strong><a href=\"https:\/\/www.grandepremio.com\/br\/piloto\/pol-espargaro\/\" target=\"_blank\" rel=\"noreferrer noopener\">Pol Espargar\u00f3<\/a><a href=\"https:\/\/www.grandepremio.com\/br\/motogp\/noticias\/pol-espargaro-revela-recebeu-proposta-seguir-honda-2023-deram-chance\/\">\u00a0revela que Honda \u201cdeu chance\u201d para seguir com equipe em 2023<\/a><\/strong><br>#\u00a0<strong><a href=\"https:\/\/www.grandepremio.com\/br\/motogp\/noticias\/ducati-bate-martelo-especifica-distribuicao-modelos-temporada-2023\/\">Ducati bate martelo e especifica distribui\u00e7\u00e3o dos modelos para temporada 2023<\/a><\/strong><br>#\u00a0<strong><a href=\"https:\/\/www.grandepremio.com\/br\/motogp\/noticias\/gasgas-anuncia-chegada-augusto-fernandez-completa-grid-motogp-2023\/\">GasGas anuncia chegada de Augusto Fern\u00e1ndez e completa grid da MotoGP 2023<\/a><\/strong><\/p>\n","protected":false},"excerpt":{"rendered":"<p>Com o abandono no GP de Arag\u00e3o, o franc\u00eas da Yamaha viu a vantagem no Mundial de Pilotos cair de 33 para s\u00f3 dez pontos em rela\u00e7\u00e3o a Francesco Bagnaia. Aleix Espargar\u00f3 tamb\u00e9m ganhou terreno e agora tem s\u00f3 17 tentos a menos que o l\u00edder do Mundial de Pilotos<\/p>\n","protected":false},"author":0,"featured_media":1000615498,"comment_status":"closed","ping_status":"closed","sticky":false,"template":"","format":"standard","meta":{"42wp_featured_image_caption":"","42wp_featured_image_credits":"","42wp_featured_video":"","42wp_featured_image_hidden":false,"42wp_authors_list":[],"footnotes":""},"categories":[8],"tags":[26038,5214,110,79,78,2997,30733,30728,30734,25819,28345,28766,3451,32147,26690],"42wp_author":[47113],"class_list":["post-108825","post","type-post","status-publish","format-standard","has-post-thumbnail","hentry","category-motogp","tag-aragao","tag-classificacao-motogp","tag-fabio-quartararo","tag-moto-gp","tag-motogp","tag-motogp-2022","tag-motogp-2022-calendario","tag-motogp-calendario-2022","tag-motogp-classificacao-2022","tag-motogp-hoje","tag-motogp-horarios","tag-motogp-standings","tag-motorland","tag-onde-assistir-motogp-2022","tag-pilotos-motogp","42wp_author-juliana-tesser"],"_links":{"self":[{"href":"https:\/\/grandepremio.com\/br\/wp-json\/wp\/v2\/posts\/108825","targetHints":{"allow":["GET"]}}],"collection":[{"href":"https:\/\/grandepremio.com\/br\/wp-json\/wp\/v2\/posts"}],"about":[{"href":"https:\/\/grandepremio.com\/br\/wp-json\/wp\/v2\/types\/post"}],"replies":[{"embeddable":true,"href":"https:\/\/grandepremio.com\/br\/wp-json\/wp\/v2\/comments?post=108825"}],"version-history":[{"count":0,"href":"https:\/\/grandepremio.com\/br\/wp-json\/wp\/v2\/posts\/108825\/revisions"}],"wp:featuredmedia":[{"embeddable":true,"href":"https:\/\/grandepremio.com\/br\/wp-json\/wp\/v2\/media\/1000615498"}],"wp:attachment":[{"href":"https:\/\/grandepremio.com\/br\/wp-json\/wp\/v2\/media?parent=108825"}],"wp:term":[{"taxonomy":"category","embeddable":true,"href":"https:\/\/grandepremio.com\/br\/wp-json\/wp\/v2\/categories?post=108825"},{"taxonomy":"post_tag","embeddable":true,"href":"https:\/\/grandepremio.com\/br\/wp-json\/wp\/v2\/tags?post=108825"},{"taxonomy":"42wp_author","embeddable":true,"href":"https:\/\/grandepremio.com\/br\/wp-json\/wp\/v2\/42wp_author?post=108825"}],"curies":[{"name":"wp","href":"https:\/\/api.w.org\/{rel}","templated":true}]}}