{"id":108853,"date":"2022-09-16T16:12:38","date_gmt":"2022-09-16T19:12:38","guid":{"rendered":"https:\/\/grandepremio.com\/br\/noticias\/nyck-de-vries-se-encontra-consultor-red-bull-aproxima-acordo-alphatauri\/"},"modified":"2022-09-16T16:16:11","modified_gmt":"2022-09-16T19:16:11","slug":"nyck-de-vries-se-encontra-consultor-red-bull-aproxima-acordo-alphatauri","status":"publish","type":"post","link":"https:\/\/grandepremio.com\/br\/f1\/nyck-de-vries-se-encontra-consultor-red-bull-aproxima-acordo-alphatauri\/","title":{"rendered":"De Vries se encontra com consultor da Red Bull e se aproxima de acordo com AlphaTauri"},"content":{"rendered":"\n<p class=\"wp-block-paragraph\">N\u00e3o demorou muito para surgir um novo candidato a titular na AlphaTauri na temporada 2023 da F\u00f3rmula 1. E como tudo parece surpreender nesta temporada, o nome n\u00e3o aparecia como um dos principais da lista da Red Bull depois que Colton Herta foi eliminado pelas burocracias da FIA em liberar uma superlicen\u00e7a: trata-se de Nyck de Vries.<\/p>\n\n\n\n<p class=\"wp-block-paragraph\">O holand\u00eas foi visto nesta sexta-feira (16) em Graz, cidade austr\u00edaca onde Helmut Marko tem um escrit\u00f3rio. Os dois estiveram juntos, segundo testemunhas, ao meio-dia (7h de Bras\u00edlia). Horas antes, o consultor da Red Bull revelara que Herta n\u00e3o mais estava cotado a assumir a vaga, mas que havia ainda conversas para a vaga que ainda pertence a Pierre Gasly.<\/p>\n\n\n\n<p class=\"wp-block-paragraph\">Tanto o grupo Red Bull quanto Gasly, no fim das contas, tem interesse na proposta da Alpine, que vai perder Fernando Alonso para a Aston Martin ao final da temporada.<\/p>\n\n\n\n<p class=\"wp-block-paragraph\"><strong>LEIA TAMB\u00c9M<br>+<a href=\"https:\/\/www.grandepremio.com\/br\/f1\/noticias\/red-bull-desiste-colton-herta-alphatauri-culpa-burocracia-incompreensivel\/https:\/\/www.grandepremio.com\/br\/f1\/noticias\/red-bull-desiste-colton-herta-alphatauri-culpa-burocracia-incompreensivel\/\" class=\"ek-link\">Red Bull desiste de ter Herta na AlphaTauri e culpa burocracia &#8220;incompreens\u00edvel&#8221;<\/a><br>+<a href=\"https:\/\/www.grandepremio.com\/br\/f1\/noticias\/ferrari-se-posta-contra-superlicenca-para-herta-nao-podemos-abrir-excecao\/\" class=\"ek-link\">Ferrari se coloca contra superlicen\u00e7a pra Herta: &#8216;Sem abrir exce\u00e7\u00e3o&#8217;<\/a><br>+<a href=\"https:\/\/www.grandepremio.com\/br\/web-stories\/f1\/mclaren-testes-formula-1-colton-herta-alex-palou-pato-oward\/\" class=\"ek-link\">Indy na F\u00f3rmula 1: McLaren testa \u00c1lex Palou e Pato O&#8217;Ward em Barcelona<\/a><\/strong><\/p>\n\n\n\n<figure class=\"wp-block-image size-large\"><img decoding=\"async\" src=\"https:\/\/www.grandepremio.com\/br\/wp-content\/uploads\/2022\/09\/astonmartin-nyckdevries-02-1024x683.jpg\" alt=\"\" class=\"wp-image-612593\"\/><figcaption>Nyck De Vries andou com a Aston Martin na sexta e defendeu a Williams em seguida  (Foto: Aston Martin)<\/figcaption><\/figure>\n\n\n\n<p class=\"wp-block-paragraph\"><strong>\u25b6\ufe0f\u00a0Inscreva-se nos dois canais do GRANDE PR\u00caMIO no YouTube:\u00a0<a href=\"https:\/\/www.youtube.com\/channel\/UC9OlHEgxoaY6QY6nWPoiqQg?sub_confirmation=1\" target=\"_blank\" rel=\"noreferrer noopener\">GP<\/a>\u00a0|\u00a0<a href=\"https:\/\/www.youtube.com\/channel\/UC9csiS6q_C3C0FYhyr1rnFA?sub_confirmation=1\" target=\"_blank\" rel=\"noreferrer noopener\">GP2<\/a><\/strong><br><strong>\u25b6\ufe0f\u00a0<a href=\"https:\/\/www.twitch.tv\/grandepremio\" target=\"_blank\" rel=\"noreferrer noopener\">Conhe\u00e7a o canal do GRANDE PR\u00caMIO na Twitch clicando aqui!<\/a><\/strong><\/p>\n\n\n\n<p class=\"wp-block-paragraph\">Quanto a De Vries, seu nome ganhou for\u00e7a no mercado da F\u00f3rmula 1 sobretudo pelo que fez no fim de semana do GP da It\u00e1lia. Na sexta-feira, andou no primeiro treino livre com o carro da Aston Martin; no s\u00e1bado, acordou e, enquanto se deliciava com o caf\u00e9 da manh\u00e3 em Monza, recebeu uma liga\u00e7\u00e3o de emerg\u00eancia perguntando se poderia substituir Alexander Albon, com crise de apendicite grave, na Williams. <\/p>\n\n\n\n<p class=\"wp-block-paragraph\">De Vries sentou no carro, passou para o Q2 da classifica\u00e7\u00e3o e, com as puni\u00e7\u00f5es v\u00e1rias aplicadas, largou em oitavo. Andou a corrida toda praticamente na zona de pontos e ficou em nono. A performance chamou a aten\u00e7\u00e3o entre seus pares. Nyck foi elogiado por Lewis Hamilton e Max Verstappen, <a href=\"https:\/\/www.grandepremio.com\/br\/f1\/noticias\/max-verstappen-rasga-elogios-nyck-de-vries-apos-estreia-com-pontos-formula-1-impressionante\/\" class=\"ek-link\">que classificou o desempenho como &#8220;impressionante&#8221;<\/a>.<\/p>\n\n\n\n<p class=\"wp-block-paragraph\">O nome do atual campe\u00e3o da F\u00f3rmula E circundava Haas, a pr\u00f3pria Williams e at\u00e9 a Alpine. Jost Capito, chefe do time de Grove, <a href=\"https:\/\/www.grandepremio.com\/br\/f1\/noticias\/williams-diz-nyck-de-vries-esta-lista-elogia-superou-nossas-expectativas\/\" class=\"ek-link\">veio fazendo juras de amor indicando que um acordo estava pr\u00f3ximo depois dos 2 pontos <\/a>no GP da It\u00e1lia. Agora, no entanto, as coisas caminham para um acordo entre De Vries e AlphaTauri, algo que volta a bagun\u00e7ar a dan\u00e7a das cadeiras para o ano que vem.<\/p>\n\n\n\n<figure class=\"wp-block-embed is-type-video is-provider-youtube wp-block-embed-youtube wp-embed-aspect-16-9 wp-has-aspect-ratio\"><div class=\"wp-block-embed__wrapper\">\n<iframe loading=\"lazy\" title=\"DE VRIES MERECE VAGA NA WILLIAMS NA F1 2023? | GP \u00e0s 10\" width=\"500\" height=\"281\" src=\"https:\/\/www.youtube.com\/embed\/yU1pEMnxfeM?feature=oembed\" frameborder=\"0\" allow=\"accelerometer; autoplay; clipboard-write; encrypted-media; gyroscope; picture-in-picture; web-share\" referrerpolicy=\"strict-origin-when-cross-origin\" allowfullscreen><\/iframe>\n<\/div><\/figure>\n","protected":false},"excerpt":{"rendered":"<p>Holand\u00eas foi visto em escrit\u00f3rio de Helmut Marko na \u00c1ustria e deve ocupar vaga de Pierre Gasly, a caminho da Alpine, em 2023<\/p>\n","protected":false},"author":0,"featured_media":1000613701,"comment_status":"closed","ping_status":"closed","sticky":false,"template":"","format":"standard","meta":{"42wp_featured_image_caption":"","42wp_featured_image_credits":"","42wp_featured_video":"","42wp_featured_image_hidden":false,"42wp_authors_list":[],"footnotes":""},"categories":[2],"tags":[524,25066,147,1357,6533,180,258,1556,676,204,215],"42wp_author":[47115,47136],"class_list":["post-108853","post","type-post","status-publish","format-standard","has-post-thumbnail","hentry","category-f1","tag-alphatauri","tag-calendario-da-f1","tag-f1","tag-f1-2022","tag-f1-2023","tag-formula-1","tag-helmut-marko","tag-nyck-de-vries","tag-pierre-gasly","tag-red-bull","tag-williams","42wp_author-evelyn-guimaraes","42wp_author-victor-martins"],"_links":{"self":[{"href":"https:\/\/grandepremio.com\/br\/wp-json\/wp\/v2\/posts\/108853","targetHints":{"allow":["GET"]}}],"collection":[{"href":"https:\/\/grandepremio.com\/br\/wp-json\/wp\/v2\/posts"}],"about":[{"href":"https:\/\/grandepremio.com\/br\/wp-json\/wp\/v2\/types\/post"}],"replies":[{"embeddable":true,"href":"https:\/\/grandepremio.com\/br\/wp-json\/wp\/v2\/comments?post=108853"}],"version-history":[{"count":0,"href":"https:\/\/grandepremio.com\/br\/wp-json\/wp\/v2\/posts\/108853\/revisions"}],"wp:featuredmedia":[{"embeddable":true,"href":"https:\/\/grandepremio.com\/br\/wp-json\/wp\/v2\/media\/1000613701"}],"wp:attachment":[{"href":"https:\/\/grandepremio.com\/br\/wp-json\/wp\/v2\/media?parent=108853"}],"wp:term":[{"taxonomy":"category","embeddable":true,"href":"https:\/\/grandepremio.com\/br\/wp-json\/wp\/v2\/categories?post=108853"},{"taxonomy":"post_tag","embeddable":true,"href":"https:\/\/grandepremio.com\/br\/wp-json\/wp\/v2\/tags?post=108853"},{"taxonomy":"42wp_author","embeddable":true,"href":"https:\/\/grandepremio.com\/br\/wp-json\/wp\/v2\/42wp_author?post=108853"}],"curies":[{"name":"wp","href":"https:\/\/api.w.org\/{rel}","templated":true}]}}