{"id":108855,"date":"2022-09-16T12:11:08","date_gmt":"2022-09-16T15:11:08","guid":{"rendered":"https:\/\/grandepremio.com\/br\/noticias\/felipe-drugovich-ratifica-contato-considera-indy-correr-de-outra-coisa-fora-f1-2023\/"},"modified":"2022-09-16T12:27:50","modified_gmt":"2022-09-16T15:27:50","slug":"felipe-drugovich-ratifica-contato-considera-indy-correr-de-outra-coisa-fora-f1-2023","status":"publish","type":"post","link":"https:\/\/grandepremio.com\/br\/f1\/felipe-drugovich-ratifica-contato-considera-indy-correr-de-outra-coisa-fora-f1-2023\/","title":{"rendered":"Drugovich ratifica contato e considera Indy &#8220;se precisar correr de outra coisa fora F1&#8221; em 2023"},"content":{"rendered":"\n<p class=\"wp-block-paragraph\">Campe\u00e3o da F\u00f3rmula 2 em 2022, Felipe Drugovich se viu com chances limitadas de obter uma vaga de titular na F\u00f3rmula 1 em 2023. Ainda assim, o piloto foi capaz de se juntar a uma equipe do grid. A Aston Martin <a href=\"https:\/\/www.grandepremio.com\/br\/f1\/noticias\/aston-martin-oficializa-felipe-drugovich-como-reserva-projeta-estreia-tl1-abu-dhabi\/\" class=\"ek-link\">assinou com o brasileiro, que vai assumir o posto de reserva, al\u00e9m de integrar o rec\u00e9m-lan\u00e7ado programa de jovens da marca inglesa<\/a>. E falando sobre as op\u00e7\u00f5es para o futuro, Drugovich confirmou que houve contato com a Indy.<\/p>\n\n\n\n<p class=\"wp-block-paragraph\">No entanto, Felipe optou por focar a carreira na F\u00f3rmula 1, da\u00ed a associa\u00e7\u00e3o com a esquadra verde para no ano que vem. &#8220;Tivemos alguns contatos na Indy, mas como eu disse muitas vezes, n\u00e3o \u00e9 o objetivo principal por enquanto. Estamos apenas tentando estar na F1&#8221;, disse o paranaense de 22 anos.<\/p>\n\n\n\n<p class=\"wp-block-paragraph\">Mesmo assim, o competidor entende que o campeonato americano pode ser um caminho no futuro \u2013 e at\u00e9 bem pr\u00f3ximo. &#8220;Mas, como eu disse, se precisar correr de outra coisa al\u00e9m da F1 no pr\u00f3ximo ano, com certeza \u00e9 uma categoria a ser considerada&#8221;, confirmou.<\/p>\n\n\n\n<p class=\"wp-block-paragraph\">Entende-se a Ganassi tenha sondado o piloto para a temporada 2023. <\/p>\n\n\n\n<p class=\"wp-block-paragraph\"><strong>LEIA MAIS<br>+<a href=\"https:\/\/www.grandepremio.com\/br\/f1\/noticias\/felipe-drugovich-acerta-ser-reserva-formula-1-recusar-proposta-indy-jornalistas-debatem\/\" class=\"ek-link\">Drugovich acerta ao ser reserva na F1 e recusar proposta da Indy?<br>+&nbsp;Drugovich ganha chance, mas em acordo longe dos \u2018moldes Piastri\u2019<\/a><\/strong><\/p>\n\n\n\n<figure class=\"wp-block-image size-full\"><img decoding=\"async\" src=\"https:\/\/www.grandepremio.com\/br\/wp-content\/uploads\/2022\/09\/imagem_2022-09-12_102113381-e1663150679920.png\" alt=\"\" class=\"wp-image-614127\"\/><figcaption>Felipe Drugovich junto de Lawrence Stroll (Foto: Divulga\u00e7\u00e3o\/Aston Martin)<\/figcaption><\/figure>\n\n\n\n<p class=\"wp-block-paragraph\"><strong>\u25b6\ufe0f&nbsp;Inscreva-se nos dois canais do GRANDE PR\u00caMIO no YouTube:&nbsp;<a href=\"https:\/\/www.youtube.com\/channel\/UC9OlHEgxoaY6QY6nWPoiqQg?sub_confirmation=1\" target=\"_blank\" rel=\"noreferrer noopener\">GP<\/a>&nbsp;|&nbsp;<a href=\"https:\/\/www.youtube.com\/channel\/UC9csiS6q_C3C0FYhyr1rnFA?sub_confirmation=1\" target=\"_blank\" rel=\"noreferrer noopener\">GP2<\/a><\/strong><br><strong>\u25b6\ufe0f&nbsp;<a href=\"https:\/\/www.twitch.tv\/grandepremio\" target=\"_blank\" rel=\"noreferrer noopener\">Conhe\u00e7a o canal do GRANDE PR\u00caMIO na Twitch clicando aqui!<\/a><\/strong><\/p>\n\n\n\n<p class=\"wp-block-paragraph\">De toda a forma, o piloto tamb\u00e9m defende um caminho para o campe\u00e3o da F\u00f3rmula 2. Felipe defende que o vencedor possa seguir na categoria menor se n\u00e3o encontrar uma vaga na F\u00f3rmula 1, nos moldes do que acontece nos campeonatos de acesso do Mundial de Motovelocidade. &#8220;Acho que ou voc\u00ea \u00e9 campe\u00e3o e n\u00e3o pode mais ficar e precisa ser promovido \u00e0 F1, ou pode ficar.&#8221;<\/p>\n\n\n\n<p class=\"wp-block-paragraph\">&#8220;Acredito que \u00e9 assim que funciona na Moto2 e na Moto3 [categorias de base da MotoGP]. Acho que, antes de tudo, o que precisa mudar \u00e9 quem vencer o campeonato precisa entrar na F1&#8221;, afirmou.<\/p>\n\n\n\n<figure class=\"wp-block-embed is-type-video is-provider-youtube wp-block-embed-youtube wp-embed-aspect-16-9 wp-has-aspect-ratio\"><div class=\"wp-block-embed__wrapper\">\n<iframe loading=\"lazy\" title=\"DRUGOVICH NA ASTON MARTIN F1 + VERSTAPPEN VAIADO NA IT\u00c1LIA? | Paddock GP #304\" width=\"500\" height=\"281\" src=\"https:\/\/www.youtube.com\/embed\/_YoEvn63lIU?start=9&amp;feature=oembed\" frameborder=\"0\" allow=\"accelerometer; autoplay; clipboard-write; encrypted-media; gyroscope; picture-in-picture; web-share\" referrerpolicy=\"strict-origin-when-cross-origin\" allowfullscreen><\/iframe>\n<\/div><figcaption>ASSISTA AO PADDOCK GP: DEIXE O LIKE, INSCREVA-SE E ACIONE AS NOTIFICA\u00c7\u00d5ES <\/figcaption><\/figure>\n","protected":false},"excerpt":{"rendered":"<p>Felipe Drugovich confirmou que teve conversas para ingressar na Indy, mas que seu plano principal \u00e9 a F\u00f3rmula 1, tanto que ser\u00e1 piloto reserva da Aston Martin em 2023. Por\u00e9m, o brasileiro n\u00e3o descartou a categoria norte-americana<\/p>\n","protected":false},"author":0,"featured_media":1000612046,"comment_status":"closed","ping_status":"closed","sticky":false,"template":"","format":"standard","meta":{"42wp_featured_image_caption":"","42wp_featured_image_credits":"","42wp_featured_video":"","42wp_featured_image_hidden":false,"42wp_authors_list":[],"footnotes":""},"categories":[2],"tags":[309,25066,147,1357,1024,180,93],"42wp_author":[47115],"class_list":["post-108855","post","type-post","status-publish","format-standard","has-post-thumbnail","hentry","category-f1","tag-aston-martin","tag-calendario-da-f1","tag-f1","tag-f1-2022","tag-felipe-drugovich","tag-formula-1","tag-indy","42wp_author-evelyn-guimaraes"],"_links":{"self":[{"href":"https:\/\/grandepremio.com\/br\/wp-json\/wp\/v2\/posts\/108855","targetHints":{"allow":["GET"]}}],"collection":[{"href":"https:\/\/grandepremio.com\/br\/wp-json\/wp\/v2\/posts"}],"about":[{"href":"https:\/\/grandepremio.com\/br\/wp-json\/wp\/v2\/types\/post"}],"replies":[{"embeddable":true,"href":"https:\/\/grandepremio.com\/br\/wp-json\/wp\/v2\/comments?post=108855"}],"version-history":[{"count":0,"href":"https:\/\/grandepremio.com\/br\/wp-json\/wp\/v2\/posts\/108855\/revisions"}],"wp:featuredmedia":[{"embeddable":true,"href":"https:\/\/grandepremio.com\/br\/wp-json\/wp\/v2\/media\/1000612046"}],"wp:attachment":[{"href":"https:\/\/grandepremio.com\/br\/wp-json\/wp\/v2\/media?parent=108855"}],"wp:term":[{"taxonomy":"category","embeddable":true,"href":"https:\/\/grandepremio.com\/br\/wp-json\/wp\/v2\/categories?post=108855"},{"taxonomy":"post_tag","embeddable":true,"href":"https:\/\/grandepremio.com\/br\/wp-json\/wp\/v2\/tags?post=108855"},{"taxonomy":"42wp_author","embeddable":true,"href":"https:\/\/grandepremio.com\/br\/wp-json\/wp\/v2\/42wp_author?post=108855"}],"curies":[{"name":"wp","href":"https:\/\/api.w.org\/{rel}","templated":true}]}}