{"id":108869,"date":"2022-09-16T04:00:00","date_gmt":"2022-09-16T07:00:00","guid":{"rendered":"https:\/\/grandepremio.com\/br\/noticias\/onde-assistir-ao-vivo-gp-aragao-motogp\/"},"modified":"2022-09-14T11:19:04","modified_gmt":"2022-09-14T14:19:04","slug":"onde-assistir-ao-vivo-gp-aragao-motogp","status":"publish","type":"post","link":"https:\/\/grandepremio.com\/br\/motogp\/onde-assistir-ao-vivo-gp-aragao-motogp\/","title":{"rendered":"Onde assistir ao vivo o GP de Arag\u00e3o de MotoGP"},"content":{"rendered":"\n<p class=\"wp-block-paragraph\">A MotoGP realiza neste fim de semana o GP de Arag\u00e3o, 15\u00aa etapa da temporada 2022 do Mundial de Motovelocidade. Com o fim da Copa do Mundo de MotoE, a programa\u00e7\u00e3o conta apenas com Moto3 e Moto2 naquela que ser\u00e1 a despedida do campeonato do Velho Continente antes do giro por \u00c1sia e Oceania.<\/p>\n\n\n\n<p class=\"wp-block-paragraph\">Para o f\u00e3 que quer acompanhar todas as atividades em pista, a programa\u00e7\u00e3o da MotoGP no MotorLand \u00e9 a seguinte: a primeira sess\u00e3o de treinos livres da classe rainha est\u00e1 marcada para sexta-feira, \u00e0s 4h55 (de Bras\u00edlia). O treino 2 est\u00e1 marcado para 9h10. No s\u00e1bado, a classe principal volta \u00e0 pista \u00e0s 4h55 para TL3, com a \u00faltima sess\u00e3o de treinos livres prevista para come\u00e7ar \u00e0s 8h30. O Q1, primeira fase do treino classificat\u00f3rio, come\u00e7a \u00e0s 9h10, com o Q2 agendado para 9h30. No domingo, o warm-up acontece \u00e0s 4h40, com a largada do GP de Arag\u00e3o marcado para as 9h.<\/p>\n\n\n\n<p class=\"wp-block-paragraph\"><strong>WEB STORY<\/strong><br>\u21dd <strong><a href=\"https:\/\/www.grandepremio.com\/br\/web-stories\/motogp\/motogp-2023-como-esta-grid-ate-aqui\/\">Como est\u00e1 o grid da MotoGP para 2023?<\/a><\/strong><\/p>\n\n\n\n<figure class=\"wp-block-image size-large\"><img decoding=\"async\" src=\"https:\/\/www.grandepremio.com\/br\/wp-content\/uploads\/2022\/09\/MotoGP-2021-Aragao-MotorLand3-1024x682.jpg\" alt=\"\" class=\"wp-image-614817\"\/><figcaption>MotorLand de Arag\u00e3o (Foto: LCR)<\/figcaption><\/figure>\n\n\n\n<p class=\"wp-block-paragraph\"><strong>CLASSIFICA\u00c7\u00c3O DA MOTOGP<\/strong><br>\u21dd&nbsp;<strong><a href=\"https:\/\/www.grandepremio.com\/br\/motogp\/noticias\/francesco-bagnaia-assume-vice-lideranca-reduz-vantagem-fabio-quartararo-confira-classificacao\/\">Bagnaia assume vice-lideran\u00e7a e reduz vantagem de Quartararo<\/a><\/strong><\/p>\n\n\n\n<p class=\"wp-block-paragraph\">O site da MotoGP, por meio do servi\u00e7o pago VideoPass, transmite todas as sess\u00f5es ao vivo. A ESPN 4 vai exibir a segunda sess\u00e3o de treinos livres de todas as categorias na sexta-feira, assim como o quarto treino livre da MotoGP e a classifica\u00e7\u00e3o das tr\u00eas classes no s\u00e1bado. O canal do grupo Disney tamb\u00e9m faz a transmiss\u00e3o das corridas de domingo. As transmiss\u00f5es da ESPN tamb\u00e9m est\u00e3o dispon\u00edveis pelo servi\u00e7o de streaming Star+.<\/p>\n\n\n\n<p class=\"wp-block-paragraph\">Depois de 14 etapas, Fabio Quartararo lidera o Mundial de Pilotos com 211 pontos, 30 a mais do que Francesco Bagnaia, que assumiu a vice-lideran\u00e7a ap\u00f3s o GP de San Marino e da Riviera de Rimini. Aleix Espargar\u00f3 caiu para a terceira coloca\u00e7\u00e3o, diante de Enea Bastianini e Johann Zarco.<\/p>\n\n\n\n<p class=\"wp-block-paragraph\">O <strong>GRANDE PR\u00caMIO<\/strong> acompanha todas as atividades do Mundial de Motovelocidade 2022.<\/p>\n\n\n\n<p class=\"wp-block-paragraph\">A <a href=\"https:\/\/grandepremio.com\/motovelocidade\/\" target=\"_blank\" rel=\"noreferrer noopener\"><\/a><a href=\"https:\/\/grandepremio.com\/motovelocidade\/\" target=\"_blank\" rel=\"noreferrer noopener\">MotoGP<\/a> volta \u00e0s pistas no pr\u00f3ximo dia 18 de setembro para o GP de <a href=\"https:\/\/www.grandepremio.com\/br\/circuito\/aragao\/\" target=\"_blank\" rel=\"noreferrer noopener\">Arag\u00e3o<\/a>, no MotorLand. O&nbsp;<strong>GRANDE PR\u00caMIO<\/strong>&nbsp;acompanha todas as atividades&nbsp;do Mundial de&nbsp;<a href=\"https:\/\/www.grandepremio.com\/motovelocidade\/\" target=\"_blank\" rel=\"noreferrer noopener\">Motovelocidade<\/a>&nbsp;2022.<\/p>\n\n\n\n<p class=\"wp-block-paragraph\"><strong>\u25b6\ufe0f&nbsp;Inscreva-se nos dois canais do GRANDE PR\u00caMIO no YouTube:&nbsp;<a href=\"https:\/\/www.youtube.com\/channel\/UC9OlHEgxoaY6QY6nWPoiqQg?sub_confirmation=1\" target=\"_blank\" rel=\"noreferrer noopener\">GP<\/a>&nbsp;|&nbsp;<a href=\"https:\/\/www.youtube.com\/channel\/UC9csiS6q_C3C0FYhyr1rnFA?sub_confirmation=1\" target=\"_blank\" rel=\"noreferrer noopener\">GP2<\/a><\/strong><\/p>\n\n\n\n<p class=\"wp-block-paragraph\"><strong>LEIA TAMB\u00c9M<\/strong><br># <a href=\"https:\/\/www.grandepremio.com\/br\/motogp\/noticias\/jorge-martin-frustra-diz-escolha-ducati-enea-bastianini-foi-arquibancada\/\"><strong>Mart\u00edn se frustra e diz que escolha da Ducati por Bastianini foi \u201cda arquibancada\u201d<\/strong><\/a><br># <strong><a href=\"https:\/\/www.grandepremio.com\/br\/motogp\/noticias\/miguel-oliveira-ida-rnf-momento-certo-elogia-aprilia-provou-ser-consistente\/\">Oliveira diz que ida para RNF foi em momento certo e elogia Aprilia: \u201cProvou ser consistente\u201d<\/a><\/strong><br># <a href=\"https:\/\/www.grandepremio.com\/br\/motogp\/noticias\/fabio-quartararo-torcida-retorno-marc-marquez-destrua-planos-ducati\/\"><strong>Quartararo admite torcida para que retorno de <\/strong><\/a><strong><a href=\"https:\/\/www.grandepremio.com\/br\/piloto\/marc-marquez\/\" target=\"_blank\" rel=\"noreferrer noopener\">Marc M\u00e1rquez<\/a><a href=\"https:\/\/www.grandepremio.com\/br\/motogp\/noticias\/fabio-quartararo-torcida-retorno-marc-marquez-destrua-planos-ducati\/\"> \u201cdestrua planos da Ducati\u201d<\/a><\/strong><br># <strong><a href=\"https:\/\/www.grandepremio.com\/br\/motogp\/noticias\/francesco-bagnaia-primeiro-piloto-ducati-vencer-quatro-corridas-seguidas-motogp\/\">Bagnaia \u00e9 primeiro piloto da Ducati a vencer quatro corridas seguidas na MotoGP<\/a><\/strong><br># <strong><a href=\"https:\/\/www.grandepremio.com\/br\/motogp\/noticias\/francesco-bagnaia-ainda-paga-tropecos-1a-metade-2022-mas-vive-fase-reluzente-motogp\/\">Bagnaia ainda paga por trope\u00e7os da 1\u00aa metade de 2022, mas vive fase reluzente na MotoGP<\/a><\/strong><br># <strong><a href=\"https:\/\/www.grandepremio.com\/br\/motogp\/noticias\/chefe-ktm-nega-apontado-falta-profissionalismo-remy-gardner\/\">Chefe da KTM nega ter apontado falta de profissionalismo em Gardner: \u201cGosto dele\u201d<\/a><\/strong><br># <strong><a href=\"https:\/\/www.grandepremio.com\/br\/motogp\/noticias\/lcr-renova-takaaki-nakagami-define-dupla-temporada-2023-motogp\/\">LCR renova com Nakagami e define dupla para temporada 2023 da MotoGP<\/a><\/strong><br># <strong><a href=\"https:\/\/www.grandepremio.com\/br\/motogp\/noticias\/marc-marquez-anuncia-retorno-motogp-participacao-gp-aragao\/\">Marc M\u00e1rquez anuncia retorno \u00e0 MotoGP com participa\u00e7\u00e3o no GP de <\/a><a href=\"https:\/\/www.grandepremio.com\/br\/circuito\/aragao\/\" target=\"_blank\" rel=\"noreferrer noopener\">Arag\u00e3o<\/a><\/strong><br># <strong><a href=\"https:\/\/www.grandepremio.com\/br\/motogp\/noticias\/suzuki-confirma-retorno-joan-mir-gp-aragao-motogp-vamos-lutar\/\">Suzuki confirma retorno de Mir no GP de Arag\u00e3o de MotoGP: \u201cVamos lutar e dar 110%\u201d<\/a><\/strong><br># <strong><a href=\"https:\/\/www.grandepremio.com\/br\/motogp\/noticias\/so-falta-gasgas-anunciar-piloto-preencher-grid-2023-motogp\/\">S\u00f3 falta GasGas anunciar piloto para preencher grid de 2023 da MotoGP<\/a><\/strong><\/p>\n","protected":false},"excerpt":{"rendered":"<p>A MotoGP realiza neste domingo (18) a 15\u00aa etapa da temporada 2022 no MotorLand. Confira os hor\u00e1rios e onde acompanhar todas as atividades do fim de semana<\/p>\n","protected":false},"author":0,"featured_media":1000614816,"comment_status":"closed","ping_status":"closed","sticky":false,"template":"","format":"standard","meta":{"42wp_featured_image_caption":"","42wp_featured_image_credits":"","42wp_featured_video":"","42wp_featured_image_hidden":false,"42wp_authors_list":[],"footnotes":""},"categories":[8],"tags":[26038,5214,79,78,2997,30733,30728,30734,25819,28345,28766,3451,32147,26690],"42wp_author":[47113],"class_list":["post-108869","post","type-post","status-publish","format-standard","has-post-thumbnail","hentry","category-motogp","tag-aragao","tag-classificacao-motogp","tag-moto-gp","tag-motogp","tag-motogp-2022","tag-motogp-2022-calendario","tag-motogp-calendario-2022","tag-motogp-classificacao-2022","tag-motogp-hoje","tag-motogp-horarios","tag-motogp-standings","tag-motorland","tag-onde-assistir-motogp-2022","tag-pilotos-motogp","42wp_author-juliana-tesser"],"_links":{"self":[{"href":"https:\/\/grandepremio.com\/br\/wp-json\/wp\/v2\/posts\/108869","targetHints":{"allow":["GET"]}}],"collection":[{"href":"https:\/\/grandepremio.com\/br\/wp-json\/wp\/v2\/posts"}],"about":[{"href":"https:\/\/grandepremio.com\/br\/wp-json\/wp\/v2\/types\/post"}],"replies":[{"embeddable":true,"href":"https:\/\/grandepremio.com\/br\/wp-json\/wp\/v2\/comments?post=108869"}],"version-history":[{"count":0,"href":"https:\/\/grandepremio.com\/br\/wp-json\/wp\/v2\/posts\/108869\/revisions"}],"wp:featuredmedia":[{"embeddable":true,"href":"https:\/\/grandepremio.com\/br\/wp-json\/wp\/v2\/media\/1000614816"}],"wp:attachment":[{"href":"https:\/\/grandepremio.com\/br\/wp-json\/wp\/v2\/media?parent=108869"}],"wp:term":[{"taxonomy":"category","embeddable":true,"href":"https:\/\/grandepremio.com\/br\/wp-json\/wp\/v2\/categories?post=108869"},{"taxonomy":"post_tag","embeddable":true,"href":"https:\/\/grandepremio.com\/br\/wp-json\/wp\/v2\/tags?post=108869"},{"taxonomy":"42wp_author","embeddable":true,"href":"https:\/\/grandepremio.com\/br\/wp-json\/wp\/v2\/42wp_author?post=108869"}],"curies":[{"name":"wp","href":"https:\/\/api.w.org\/{rel}","templated":true}]}}