{"id":108894,"date":"2022-09-14T14:30:00","date_gmt":"2022-09-14T17:30:00","guid":{"rendered":"https:\/\/grandepremio.com\/br\/noticias\/tt-gp-69-red-bull-ficou-imbativel-formula-1-2022-alex-palou-ganassi\/"},"modified":"2022-09-14T15:37:22","modified_gmt":"2022-09-14T18:37:22","slug":"tt-gp-69-red-bull-ficou-imbativel-formula-1-2022-alex-palou-ganassi","status":"publish","type":"post","link":"https:\/\/grandepremio.com\/br\/f1\/tt-gp-69-red-bull-ficou-imbativel-formula-1-2022-alex-palou-ganassi\/","title":{"rendered":"TT GP #69 | Palou na Ganassi e na McLaren + Red Bull na F1 2022: imbat\u00edvel?"},"content":{"rendered":"\n<figure class=\"wp-block-embed is-type-video is-provider-youtube wp-block-embed-youtube wp-embed-aspect-16-9 wp-has-aspect-ratio\"><div class=\"wp-block-embed__wrapper\">\n<iframe loading=\"lazy\" title=\"PALOU NA GANASSI E NA McLAREN + RED  BULL NA F1 2022: IMBAT\u00cdVEL?  | TT GP #69\" width=\"500\" height=\"281\" src=\"https:\/\/www.youtube.com\/embed\/_-S4dpIGOPc?feature=oembed\" frameborder=\"0\" allow=\"accelerometer; autoplay; clipboard-write; encrypted-media; gyroscope; picture-in-picture; web-share\" referrerpolicy=\"strict-origin-when-cross-origin\" allowfullscreen><\/iframe>\n<\/div><\/figure>\n\n\n\n<p class=\"wp-block-paragraph\">Se um dia a t\u00f4nica da temporada era que a Red Bull capitalizava quando era superior e via a rival Ferrari fracassar em fazer o mesmo, mas que o rendimento das duas era de mesmo n\u00edvel, as coisas mudaram. Nas \u00faltimas corridas, mesmo em pistas bastante distintas, a Red Bull foi dominante. Max Verstappen passou a ser inevit\u00e1vel? O TT GP #69 debate.<\/p>\n\n\n\n<p class=\"wp-block-paragraph\">J\u00e1 s\u00e3o cinco vit\u00f3rias seguidas. A primeira delas, \u00e9 bem verdade, veio gra\u00e7as a um erro grosseiro de Charles Leclerc na Fran\u00e7a. E mesmo que a estrat\u00e9gia da Ferrari na Hungria fez com que sa\u00edsse da briga, era vis\u00edvel que Verstappen sobrava na pista. Nas tr\u00eas corridas ap\u00f3s as f\u00e9rias, n\u00e3o teve como competir. At\u00e9 Lewis Hamilton j\u00e1 jogou a toalha da chance de vencer em 2022. \u00c9 isso tudo mesmo?<\/p>\n\n\n\n<p class=\"wp-block-paragraph\">Al\u00e9m disso, o TT GP destaca a not\u00edcia do dia: <a href=\"https:\/\/www.grandepremio.com\/br\/indy\/noticias\/alex-palou-volta-atras-quebra-acordo-mclaren-decide-ficar-ganassi\/\" class=\"ek-link\">\u00c1lex Palou resolveu abandonar o acordo com a McLaren e permanecer na Ganassi para a Indy 2023<\/a>.<\/p>\n\n\n\n<p class=\"wp-block-paragraph\">Pedro Henrique Marum apresenta o TT GP e conta com os coment\u00e1rios de Renato Ribeiro e Andr\u00e9 Netto.<\/p>\n\n\n\n<p class=\"wp-block-paragraph\"><strong>\u25b6\ufe0f&nbsp;Inscreva-se nos dois canais do GRANDE PR\u00caMIO no YouTube:&nbsp;<a href=\"https:\/\/www.youtube.com\/channel\/UC9OlHEgxoaY6QY6nWPoiqQg?sub_confirmation=1\" target=\"_blank\" rel=\"noreferrer noopener\">GP<\/a>&nbsp;|&nbsp;<a href=\"https:\/\/www.youtube.com\/channel\/UC9csiS6q_C3C0FYhyr1rnFA?sub_confirmation=1\" target=\"_blank\" rel=\"noreferrer noopener\">GP2<\/a><\/strong><br><strong>\u25b6\ufe0f&nbsp;<a href=\"https:\/\/www.twitch.tv\/grandepremio\" target=\"_blank\" rel=\"noreferrer noopener\">Conhe\u00e7a o canal do GRANDE PR\u00caMIO na Twitch clicando aqui!<\/a><\/strong><\/p>\n","protected":false},"excerpt":{"rendered":"<p>Nas \u00faltimas corridas, Verstappen e a Red Bull n\u00e3o tiveram competi\u00e7\u00e3o na F1: passaram por cima de tudo mundo. TT GP quer saber: \u00e9 imbat\u00edvel?<\/p>\n","protected":false},"author":0,"featured_media":1000614943,"comment_status":"closed","ping_status":"closed","sticky":false,"template":"","format":"standard","meta":{"42wp_featured_image_caption":"","42wp_featured_image_credits":"","42wp_featured_video":"","42wp_featured_image_hidden":false,"42wp_authors_list":[],"footnotes":""},"categories":[2],"tags":[9828,31547,1357,26841,29062,1595,1491,28285,2209,203,90,570,204,1494,27402],"42wp_author":[47120],"class_list":["post-108894","post","type-post","status-publish","format-standard","has-post-thumbnail","hentry","category-f1","tag-alex-palou","tag-andre-netto","tag-f1-2022","tag-formula-1-2022","tag-formula-indy-2022","tag-ganassi","tag-grande-premio","tag-grandepremio","tag-indy-2022","tag-max-verstappen","tag-mclaren","tag-pedro-henrique-marum","tag-red-bull","tag-renato-ribeiro","tag-tt-gp","42wp_author-pedro-henrique-marum"],"_links":{"self":[{"href":"https:\/\/grandepremio.com\/br\/wp-json\/wp\/v2\/posts\/108894","targetHints":{"allow":["GET"]}}],"collection":[{"href":"https:\/\/grandepremio.com\/br\/wp-json\/wp\/v2\/posts"}],"about":[{"href":"https:\/\/grandepremio.com\/br\/wp-json\/wp\/v2\/types\/post"}],"replies":[{"embeddable":true,"href":"https:\/\/grandepremio.com\/br\/wp-json\/wp\/v2\/comments?post=108894"}],"version-history":[{"count":0,"href":"https:\/\/grandepremio.com\/br\/wp-json\/wp\/v2\/posts\/108894\/revisions"}],"wp:featuredmedia":[{"embeddable":true,"href":"https:\/\/grandepremio.com\/br\/wp-json\/wp\/v2\/media\/1000614943"}],"wp:attachment":[{"href":"https:\/\/grandepremio.com\/br\/wp-json\/wp\/v2\/media?parent=108894"}],"wp:term":[{"taxonomy":"category","embeddable":true,"href":"https:\/\/grandepremio.com\/br\/wp-json\/wp\/v2\/categories?post=108894"},{"taxonomy":"post_tag","embeddable":true,"href":"https:\/\/grandepremio.com\/br\/wp-json\/wp\/v2\/tags?post=108894"},{"taxonomy":"42wp_author","embeddable":true,"href":"https:\/\/grandepremio.com\/br\/wp-json\/wp\/v2\/42wp_author?post=108894"}],"curies":[{"name":"wp","href":"https:\/\/api.w.org\/{rel}","templated":true}]}}