{"id":108908,"date":"2022-09-14T08:13:12","date_gmt":"2022-09-14T11:13:12","guid":{"rendered":"https:\/\/grandepremio.com\/br\/noticias\/sergio-sette-camara-confirma-saida-dragon-junta-nio-temporada-2022-2023-fe\/"},"modified":"2022-09-14T09:22:10","modified_gmt":"2022-09-14T12:22:10","slug":"sergio-sette-camara-confirma-saida-dragon-junta-nio-temporada-2022-2023-fe","status":"publish","type":"post","link":"https:\/\/grandepremio.com\/br\/formula-e\/sergio-sette-camara-confirma-saida-dragon-junta-nio-temporada-2022-2023-fe\/","title":{"rendered":"Sette C\u00e2mara confirma sa\u00edda da Dragon e se junta \u00e0 NIO para temporada 2022\/2023 da FE"},"content":{"rendered":"\n<figure class=\"wp-block-embed is-type-video is-provider-youtube wp-block-embed-youtube wp-embed-aspect-16-9 wp-has-aspect-ratio\"><div class=\"wp-block-embed__wrapper\">\n<iframe loading=\"lazy\" title=\"MCLAREN ATR\u00c1S DE MAIS UM PILOTO? N\u00c3O PARA A F1, MAS PARA A F\u00d3RMULA E | GP \u00e0s 10\" width=\"500\" height=\"281\" src=\"https:\/\/www.youtube.com\/embed\/wRch6rXZAAk?feature=oembed\" frameborder=\"0\" allow=\"accelerometer; autoplay; clipboard-write; encrypted-media; gyroscope; picture-in-picture; web-share\" referrerpolicy=\"strict-origin-when-cross-origin\" allowfullscreen><\/iframe>\n<\/div><\/figure>\n\n\n\n<p class=\"wp-block-paragraph\">Depois de uma temporada complicada com a Dragon, somando apenas dois pontos, S\u00e9rgio Sette C\u00e2mara confirmou nesta quarta-feira (14) que est\u00e1 de malas prontas para se juntar \u00e0 NIO a partir do Mundial 2022\/2023 da F\u00f3rmula E. O brasileiro vai entrar na vaga de Oliver Turvey para ser o companheiro de equipe de Dan Ticktum.<\/p>\n\n\n\n<p class=\"wp-block-paragraph\">Recentemente, Sette C\u00e2mara confirmou que estava em conversas avan\u00e7adas com uma das equipes do grid, mas se recusou a revelar qual seria. O portal The Race, no entanto, <a href=\"https:\/\/www.grandepremio.com\/br\/formula-e\/noticias\/sergio-sette-camara-fecha-nio-companheiro-dan-ticktum-formula-e-2023\/\" class=\"ek-link\">havia noticiado em agosto que o piloto seria o novo nome da NIO<\/a>.<\/p>\n\n\n\n<p class=\"wp-block-paragraph\"><strong>\u25b6\ufe0f\u00a0<a href=\"https:\/\/www.twitch.tv\/grandepremio\" target=\"_blank\" rel=\"noreferrer noopener\">Conhe\u00e7a o canal do GRANDE PR\u00caMIO na Twitch clicando aqui!<\/a><\/strong><\/p>\n\n\n\n<figure class=\"wp-block-image size-large\"><img decoding=\"async\" src=\"https:\/\/www.grandepremio.com\/br\/wp-content\/uploads\/2022\/07\/SSC-1-1024x576.jpg\" alt=\"\" class=\"wp-image-599708\"\/><figcaption>S\u00e9rgio Sette C\u00e2mara teve dificuldades com a Dragon nesta temporada (Foto: F\u00f3rmula E)<\/figcaption><\/figure>\n\n\n\n<p class=\"wp-block-paragraph\">&#8220;Estou muito feliz em me juntar \u00e0 fam\u00edlia NIO 333 e quero agradecer a todos da equipe que acreditaram em mim para esta oportunidade&#8221;, disse o piloto de 24 anos, refor\u00e7ando que a prioridade sempre foi continuar na categoria, por\u00e9m em busca de novos desafios. <\/p>\n\n\n\n<p class=\"wp-block-paragraph\">&#8220;Eu sempre deixei clara a minha vontade de permanecer do Campeonato da F\u00f3rmula E e estou super animado com o novo carro Gen3. Ontem fizemos um shakedown do equipamento, andamos muito e atingimos a 320 km\/h&#8221;, destacou.<\/p>\n\n\n\n<p class=\"wp-block-paragraph\">Alex Hui, chefe de equipe da NIO, comemorou a chegada do brasileiro, a quem se referiu como &#8220;um talento fant\u00e1stico&#8221;. &#8220;Estamos muito satisfeitos em poder trazer S\u00e9rgio a bordo. Ele \u00e9 um talento fant\u00e1stico e j\u00e1 ficamos muito impressionados com ele.&#8221;<\/p>\n\n\n\n<p class=\"wp-block-paragraph\">&#8220;Garantir seu nome completa outra parte do quebra-cabe\u00e7as da equipe NIO 333 progredindo ainda mais no grid da F\u00f3rmula E. Estamos caminhando para a nona temporada com muita motiva\u00e7\u00e3o e um \u00f3timo momento&#8221;, concluiu.<\/p>\n\n\n\n<p class=\"wp-block-paragraph\">Em 2021\/2022, a NIO ficou apenas uma posi\u00e7\u00e3o acima da Dragon no campeonato, com sete pontos em 16 corridas, o que indica um novo desafio de competitividade para Sette C\u00e2mara. O time americano, por sua vez, vai passar por uma reformula\u00e7\u00e3o para a pr\u00f3xima temporada. Ela vai deixar de produzir os motores Penske para usar o trem de for\u00e7a da DS, e a dupla de pilotos promete vir com muita for\u00e7a no pr\u00f3ximo ano: o atual campe\u00e3o, Stoffel Vandoorne, se juntar\u00e1 ao \u00fanico bicampe\u00e3o da hist\u00f3ria da\u00a0<a href=\"https:\/\/www.grandepremio.com\/br\/formula-e\/\" target=\"_blank\" rel=\"noreferrer noopener\">F\u00f3rmula E<\/a>, Jean-\u00c8ric Vergne.<\/p>\n\n\n\n<p class=\"wp-block-paragraph\">No ano que vem, a\u00a0<a href=\"https:\/\/www.grandepremio.com\/br\/formula-e\/\" target=\"_blank\" rel=\"noreferrer noopener\">F\u00f3rmula E<\/a>\u00a0vai implementar a estreia dos carros Gen3, o que pode alterar a ordem de for\u00e7as do grid. A NIO, no entanto, \u00e9 a \u00fanica fornecedora de motores que n\u00e3o tem uma equipe cliente confirmada para 2023 at\u00e9 o momento.<\/p>\n","protected":false},"excerpt":{"rendered":"<p>S\u00e9rgio Sette C\u00e2mara teve uma temporada complicada com a Dragon, somando apenas dois pontos, mas est\u00e1 animado para correr com o Gen3 por uma nova equipe na F\u00f3rmula E<\/p>\n","protected":false},"author":0,"featured_media":1000614752,"comment_status":"closed","ping_status":"closed","sticky":false,"template":"","format":"standard","meta":{"42wp_featured_image_caption":"","42wp_featured_image_credits":"","42wp_featured_video":"","42wp_featured_image_hidden":false,"42wp_authors_list":[],"footnotes":""},"categories":[19],"tags":[1860,379,840,375,1025],"42wp_author":[47147],"class_list":["post-108908","post","type-post","status-publish","format-standard","has-post-thumbnail","hentry","category-formula-e","tag-dragon","tag-fe","tag-formula-e","tag-nio","tag-sergio-sette-camara","42wp_author-luana-marino"],"_links":{"self":[{"href":"https:\/\/grandepremio.com\/br\/wp-json\/wp\/v2\/posts\/108908","targetHints":{"allow":["GET"]}}],"collection":[{"href":"https:\/\/grandepremio.com\/br\/wp-json\/wp\/v2\/posts"}],"about":[{"href":"https:\/\/grandepremio.com\/br\/wp-json\/wp\/v2\/types\/post"}],"replies":[{"embeddable":true,"href":"https:\/\/grandepremio.com\/br\/wp-json\/wp\/v2\/comments?post=108908"}],"version-history":[{"count":0,"href":"https:\/\/grandepremio.com\/br\/wp-json\/wp\/v2\/posts\/108908\/revisions"}],"wp:featuredmedia":[{"embeddable":true,"href":"https:\/\/grandepremio.com\/br\/wp-json\/wp\/v2\/media\/1000614752"}],"wp:attachment":[{"href":"https:\/\/grandepremio.com\/br\/wp-json\/wp\/v2\/media?parent=108908"}],"wp:term":[{"taxonomy":"category","embeddable":true,"href":"https:\/\/grandepremio.com\/br\/wp-json\/wp\/v2\/categories?post=108908"},{"taxonomy":"post_tag","embeddable":true,"href":"https:\/\/grandepremio.com\/br\/wp-json\/wp\/v2\/tags?post=108908"},{"taxonomy":"42wp_author","embeddable":true,"href":"https:\/\/grandepremio.com\/br\/wp-json\/wp\/v2\/42wp_author?post=108908"}],"curies":[{"name":"wp","href":"https:\/\/api.w.org\/{rel}","templated":true}]}}