{"id":108916,"date":"2022-09-13T14:00:00","date_gmt":"2022-09-13T17:00:00","guid":{"rendered":"https:\/\/grandepremio.com\/br\/noticias\/felipe-drugovich-teve-ano-magico-adversarios-muito-frageis-diz-gabriel-curty\/"},"modified":"2022-09-13T12:57:06","modified_gmt":"2022-09-13T15:57:06","slug":"felipe-drugovich-teve-ano-magico-adversarios-muito-frageis-diz-gabriel-curty","status":"publish","type":"post","link":"https:\/\/grandepremio.com\/br\/f2\/felipe-drugovich-teve-ano-magico-adversarios-muito-frageis-diz-gabriel-curty\/","title":{"rendered":"Drugovich teve ano m\u00e1gico com advers\u00e1rios muito fr\u00e1geis, diz Gabriel Curty"},"content":{"rendered":"\n<p class=\"wp-block-paragraph\">Depois de uma temporada extremamente regular com a MP, Felipe Drugovich conquistou o t\u00edtulo da F\u00f3rmula 2 no \u00faltimo s\u00e1bado. Para Gabriel Curty, no Paddock GP #304, o brasileiro \u00e9 campe\u00e3o com muitos m\u00e9ritos, mas os advers\u00e1rios n\u00e3o o amea\u00e7aram tanto ao longo do ano.<\/p>\n\n\n\n<p class=\"wp-block-paragraph\"><strong>Assista ao trecho completo abaixo:<\/strong><\/p>\n\n\n\n<figure class=\"wp-block-embed is-type-rich is-provider-incorporar-manipulador wp-block-embed-incorporar-manipulador wp-embed-aspect-16-9 wp-has-aspect-ratio\"><div class=\"wp-block-embed__wrapper\">\nhttps:\/\/www.youtube.com\/watch?v=_YoEvn63lIU?t=6048\n<\/div><\/figure>\n\n\n\n<p class=\"wp-block-paragraph\"><strong>\u25b6\ufe0f&nbsp;Inscreva-se nos dois canais do GRANDE PR\u00caMIO no YouTube:&nbsp;<a href=\"https:\/\/www.youtube.com\/channel\/UC9OlHEgxoaY6QY6nWPoiqQg?sub_confirmation=1\" target=\"_blank\" rel=\"noreferrer noopener\">GP<\/a>&nbsp;|&nbsp;<a href=\"https:\/\/www.youtube.com\/channel\/UC9csiS6q_C3C0FYhyr1rnFA?sub_confirmation=1\" target=\"_blank\" rel=\"noreferrer noopener\">GP2<\/a><\/strong><\/p>\n","protected":false},"excerpt":{"rendered":"<p>Para Gabriel Curty, no Paddock GP #304, o brasileiro \u00e9 campe\u00e3o com muitos m\u00e9ritos, mas os advers\u00e1rios n\u00e3o o amea\u00e7aram tanto ao longo do ano<\/p>\n","protected":false},"author":0,"featured_media":1000611427,"comment_status":"closed","ping_status":"closed","sticky":false,"template":"","format":"standard","meta":{"42wp_featured_image_caption":"","42wp_featured_image_credits":"","42wp_featured_video":"","42wp_featured_image_hidden":false,"42wp_authors_list":[],"footnotes":""},"categories":[9],"tags":[2154,207,230,24898,1491,17313,82,1537,27357,204,486],"42wp_author":[47139],"class_list":["post-108916","post","type-post","status-publish","format-standard","has-post-thumbnail","hentry","category-f2","tag-evelyn-guimaraes","tag-ferrari","tag-gabriel-curty","tag-gp-da-italia","tag-grande-premio","tag-italia","tag-mercedes","tag-paddock-gp","tag-programas-grande-premio","tag-red-bull","tag-victor-martins","42wp_author-ana-cerveira"],"_links":{"self":[{"href":"https:\/\/grandepremio.com\/br\/wp-json\/wp\/v2\/posts\/108916","targetHints":{"allow":["GET"]}}],"collection":[{"href":"https:\/\/grandepremio.com\/br\/wp-json\/wp\/v2\/posts"}],"about":[{"href":"https:\/\/grandepremio.com\/br\/wp-json\/wp\/v2\/types\/post"}],"replies":[{"embeddable":true,"href":"https:\/\/grandepremio.com\/br\/wp-json\/wp\/v2\/comments?post=108916"}],"version-history":[{"count":0,"href":"https:\/\/grandepremio.com\/br\/wp-json\/wp\/v2\/posts\/108916\/revisions"}],"wp:featuredmedia":[{"embeddable":true,"href":"https:\/\/grandepremio.com\/br\/wp-json\/wp\/v2\/media\/1000611427"}],"wp:attachment":[{"href":"https:\/\/grandepremio.com\/br\/wp-json\/wp\/v2\/media?parent=108916"}],"wp:term":[{"taxonomy":"category","embeddable":true,"href":"https:\/\/grandepremio.com\/br\/wp-json\/wp\/v2\/categories?post=108916"},{"taxonomy":"post_tag","embeddable":true,"href":"https:\/\/grandepremio.com\/br\/wp-json\/wp\/v2\/tags?post=108916"},{"taxonomy":"42wp_author","embeddable":true,"href":"https:\/\/grandepremio.com\/br\/wp-json\/wp\/v2\/42wp_author?post=108916"}],"curies":[{"name":"wp","href":"https:\/\/api.w.org\/{rel}","templated":true}]}}