{"id":108930,"date":"2022-09-13T09:03:46","date_gmt":"2022-09-13T12:03:46","guid":{"rendered":"https:\/\/grandepremio.com\/br\/noticias\/williams-diz-nyck-de-vries-esta-lista-elogia-superou-nossas-expectativas\/"},"modified":"2022-09-13T09:52:48","modified_gmt":"2022-09-13T12:52:48","slug":"williams-diz-nyck-de-vries-esta-lista-elogia-superou-nossas-expectativas","status":"publish","type":"post","link":"https:\/\/grandepremio.com\/br\/f1\/williams-diz-nyck-de-vries-esta-lista-elogia-superou-nossas-expectativas\/","title":{"rendered":"Williams diz que De Vries est\u00e1 &#8220;na lista&#8221; e elogia: &#8220;Superou nossas expectativas&#8221;"},"content":{"rendered":"\n<figure class=\"wp-block-embed is-type-video is-provider-youtube wp-block-embed-youtube wp-embed-aspect-16-9 wp-has-aspect-ratio\"><div class=\"wp-block-embed__wrapper\">\n<iframe loading=\"lazy\" title=\"F1 2022: VERGONHA NO GP DA IT\u00c1LIA - VERSTAPPEN VENCE, LECLERC 2\u00ba | Briefing\" width=\"500\" height=\"281\" src=\"https:\/\/www.youtube.com\/embed\/vGewFolOE-0?feature=oembed\" frameborder=\"0\" allow=\"accelerometer; autoplay; clipboard-write; encrypted-media; gyroscope; picture-in-picture; web-share\" referrerpolicy=\"strict-origin-when-cross-origin\" allowfullscreen><\/iframe>\n<\/div><figcaption>F1 2022: VERGONHA NO GP DA IT\u00c1LIA \u2013 VERSTAPPEN VENCE, LECLERC 2\u00ba | Briefing<br><\/figcaption><\/figure>\n\n\n\n<p class=\"wp-block-paragraph\">O mercado de pilotos segue bastante movimentado na F\u00f3rmula 1. Agora, \u00e9 a vez do nome de Nyck de Vries, que deixou boa impress\u00e3o ap\u00f3s o GP da It\u00e1lia. O piloto de 27 anos substituiu \u00e0s pressas Alexander Albon, chegou a ir para o Q2 na classifica\u00e7\u00e3o e, na corrida, terminou em nono lugar. N\u00e3o \u00e0 toa brilhou os olhos de Jost Capito, CEO da Williams. <\/p>\n\n\n\n<p class=\"wp-block-paragraph\">&#8220;Conhe\u00e7o Nyck h\u00e1 algum tempo e somos amigos\u201d, disse Capito \u00e0 Viaplay. &#8220;Claro, ele est\u00e1 sempre na lista, mas tamb\u00e9m tem outros compromissos&#8221;, acrescentou.<\/p>\n\n\n\n<p class=\"wp-block-paragraph\">\u201cDepende muito dele.\u00a0Ele mostrou o que pode fazer na F\u00f3rmula 1. Ele n\u00e3o me surpreendeu \u2013 eu tinha expectativas altas, muito altas, e ele as superou. Mas ele tem de ver qual \u00e9 o seu futuro.\u00a0E seguiremos a partir da\u00ed&#8221;, completou. <\/p>\n\n\n\n<p class=\"wp-block-paragraph\"><strong>\u25b6\ufe0f\u00a0Inscreva-se nos dois canais do GRANDE PR\u00caMIO no YouTube:\u00a0<a href=\"https:\/\/www.youtube.com\/channel\/UC9OlHEgxoaY6QY6nWPoiqQg?sub_confirmation=1\" target=\"_blank\" rel=\"noreferrer noopener\">GP<\/a>\u00a0|\u00a0<a href=\"https:\/\/www.youtube.com\/channel\/UC9csiS6q_C3C0FYhyr1rnFA?sub_confirmation=1\" target=\"_blank\" rel=\"noreferrer noopener\">GP2<\/a><\/strong><br><strong>\u25b6\ufe0f\u00a0<a href=\"https:\/\/www.twitch.tv\/grandepremio\" target=\"_blank\" rel=\"noreferrer noopener\">Conhe\u00e7a o canal do GRANDE PR\u00caMIO na Twitch clicando aqui!<\/a><\/strong><\/p>\n\n\n\n<figure class=\"wp-block-image size-large\"><img decoding=\"async\" src=\"https:\/\/www.grandepremio.com\/br\/wp-content\/uploads\/2022\/09\/williams-nyckdevries-03-1-1024x683.jpg\" alt=\"\" class=\"wp-image-613703\"\/><figcaption>Nyck De Vries pontuou em Monza (Foto: Williams)<\/figcaption><\/figure>\n\n\n\n<p class=\"wp-block-paragraph\">A vaga de Nicholas Latifi balan\u00e7a j\u00e1 h\u00e1 algum tempo. Al\u00e9m de Albon ter dado mais resultados em seu primeiro ano com a equipe, a performance de De Vries em um fim de semana inesperado tamb\u00e9m escancara a falta de resultados do canadense, que \u00e9 21\u00ba colocado no Mundial de Pilotos, sem pontos. <\/p>\n\n\n\n<p class=\"wp-block-paragraph\">Por outro lado, h\u00e1 algumas quest\u00f5es que envolvem uma poss\u00edvel contrata\u00e7\u00e3o do neerland\u00eas. Ele havia sido ligado a uma vaga no Campeonato Mundial de Endurance com a equipe Maserati MSG da F\u00f3rmula E. Ap\u00f3s a prova do \u00faltimo domingo, Nyck foi questionado e despistou sobre seu futuro. <\/p>\n\n\n\n<p class=\"wp-block-paragraph\">\u201cPor fim, n\u00e3o cabe a mim decidir se eu deveria ter um assento [na F1] ou n\u00e3o. \u00c9 claro, eu s\u00f3 posso fazer meu trabalho\u201d, ressaltou. \u201cVivemos em uma ind\u00fastria competitiva, ent\u00e3o voc\u00ea s\u00f3 \u00e9 bom como na \u00faltima corrida e \u00e9 sempre cobrado a desempenhar \u2014 por sorte, eu fiz isso nesse fim de semana e agarrei a oportunidade com as duas m\u00e3os\u201d, encerrou ele.<\/p>\n","protected":false},"excerpt":{"rendered":"<p>A atua\u00e7\u00e3o de \u00faltima hora de Nyck de Vries, na It\u00e1lia, brilhou os olhos do CEO da Williams, Jost Capito, que n\u00e3o negou: o neerland\u00eas est\u00e1 na lista da equipe<\/p>\n","protected":false},"author":0,"featured_media":1000613701,"comment_status":"closed","ping_status":"closed","sticky":false,"template":"","format":"standard","meta":{"42wp_featured_image_caption":"","42wp_featured_image_credits":"","42wp_featured_video":"","42wp_featured_image_hidden":false,"42wp_authors_list":[],"footnotes":""},"categories":[2],"tags":[147,1357,103,180,26841,24898,32404,26105,29256,1491,28285,1737],"42wp_author":[47139],"class_list":["post-108930","post","type-post","status-publish","format-standard","has-post-thumbnail","hentry","category-f1","tag-f1","tag-f1-2022","tag-fia","tag-formula-1","tag-formula-1-2022","tag-gp-da-italia","tag-gp-da-italia-2022","tag-gp-da-italia-de-f1","tag-gp-da-italia-de-formula-1","tag-grande-premio","tag-grandepremio","tag-monza","42wp_author-ana-cerveira"],"_links":{"self":[{"href":"https:\/\/grandepremio.com\/br\/wp-json\/wp\/v2\/posts\/108930","targetHints":{"allow":["GET"]}}],"collection":[{"href":"https:\/\/grandepremio.com\/br\/wp-json\/wp\/v2\/posts"}],"about":[{"href":"https:\/\/grandepremio.com\/br\/wp-json\/wp\/v2\/types\/post"}],"replies":[{"embeddable":true,"href":"https:\/\/grandepremio.com\/br\/wp-json\/wp\/v2\/comments?post=108930"}],"version-history":[{"count":0,"href":"https:\/\/grandepremio.com\/br\/wp-json\/wp\/v2\/posts\/108930\/revisions"}],"wp:featuredmedia":[{"embeddable":true,"href":"https:\/\/grandepremio.com\/br\/wp-json\/wp\/v2\/media\/1000613701"}],"wp:attachment":[{"href":"https:\/\/grandepremio.com\/br\/wp-json\/wp\/v2\/media?parent=108930"}],"wp:term":[{"taxonomy":"category","embeddable":true,"href":"https:\/\/grandepremio.com\/br\/wp-json\/wp\/v2\/categories?post=108930"},{"taxonomy":"post_tag","embeddable":true,"href":"https:\/\/grandepremio.com\/br\/wp-json\/wp\/v2\/tags?post=108930"},{"taxonomy":"42wp_author","embeddable":true,"href":"https:\/\/grandepremio.com\/br\/wp-json\/wp\/v2\/42wp_author?post=108930"}],"curies":[{"name":"wp","href":"https:\/\/api.w.org\/{rel}","templated":true}]}}