{"id":108942,"date":"2022-09-12T12:02:08","date_gmt":"2022-09-12T15:02:08","guid":{"rendered":"https:\/\/grandepremio.com\/br\/noticias\/lewis-hamilton-relembra-final-formula-1-2021-gp-italia-unica-vez-nao-seguiram-regras\/"},"modified":"2022-09-12T12:07:51","modified_gmt":"2022-09-12T15:07:51","slug":"lewis-hamilton-relembra-final-formula-1-2021-gp-italia-unica-vez-nao-seguiram-regras","status":"publish","type":"post","link":"https:\/\/grandepremio.com\/br\/f1\/lewis-hamilton-relembra-final-formula-1-2021-gp-italia-unica-vez-nao-seguiram-regras\/","title":{"rendered":"Hamilton relembra final da F1 2021 ap\u00f3s GP da It\u00e1lia: &#8220;\u00danica vez que n\u00e3o seguiram regras&#8221;"},"content":{"rendered":"\n<figure class=\"wp-block-embed is-type-video is-provider-youtube wp-block-embed-youtube wp-embed-aspect-16-9 wp-has-aspect-ratio\"><div class=\"wp-block-embed__wrapper\">\n<iframe loading=\"lazy\" title=\"F1 2022: VERGONHA NO GP DA IT\u00c1LIA - VERSTAPPEN VENCE, LECLERC 2\u00ba | Briefing\" width=\"500\" height=\"281\" src=\"https:\/\/www.youtube.com\/embed\/vGewFolOE-0?feature=oembed\" frameborder=\"0\" allow=\"accelerometer; autoplay; clipboard-write; encrypted-media; gyroscope; picture-in-picture; web-share\" referrerpolicy=\"strict-origin-when-cross-origin\" allowfullscreen><\/iframe>\n<\/div><figcaption>F1 2022: VERGONHA NO GP DA IT\u00c1LIA &#8211; VERSTAPPEN VENCE, LECLERC 2\u00ba | Briefing<\/figcaption><\/figure>\n\n\n\n<p class=\"wp-block-paragraph\">O GP da It\u00e1lia no \u00faltimo domingo (11) terminou de forma pol\u00eamica. Ap\u00f3s Daniel Ricciardo abandonar com oito voltas restantes, os fiscais de pista n\u00e3o conseguiram retirar o carro a tempo e a corrida terminou com o safety-car na pista. A forma que a prova se encerrou inevitavelmente trouxe lembran\u00e7as do GP de Abu Dhabi para Lewis Hamilton, <a href=\"https:\/\/www.grandepremio.com\/br\/f1\/noticias\/lewis-hamilton-agradece-fim-gp-italia-safety-car-carros-atras-tinham-pneus-frescos\/\" class=\"ek-link\">que concluiu a corrida em Monza na quinta coloca\u00e7\u00e3o<\/a>.<\/p>\n\n\n\n<p class=\"wp-block-paragraph\">&#8220;Isso sempre traz mem\u00f3rias de volta&#8221;, afirmou Hamilton ao canal de televis\u00e3o brit\u00e2nica <em>Sky Sports<\/em>. &#8220;Essas s\u00e3o as regras como devem ser, certo?&#8221;, alfinetou o piloto da Mercedes, em refer\u00eancia ao GP de Abu Dhabi de 2021.<\/p>\n\n\n\n<p class=\"wp-block-paragraph\">Na ocasi\u00e3o, Lewis liderava a \u00faltima prova de 2021, quando o canadense Nicholas Latifi acabou batendo no muro. A corrida foi retomada com apenas uma volta restante <a href=\"https:\/\/www.grandepremio.com\/br\/f1\/noticias\/red-bull-christian-horner-erro-direcao-prova-michael-masi-abu-dhabi-2021-diminuiu-titulo-max-verstappen\/\" class=\"ek-link\">em uma pol\u00eamica decis\u00e3o do ent\u00e3o diretor de prova Michael Masi<\/a>, culminando no t\u00edtulo do holand\u00eas Max Verstappen, da Red Bull, que passou o brit\u00e2nico no \u00faltimo giro.<\/p>\n\n\n\n<p class=\"wp-block-paragraph\"><strong>\u25b6\ufe0f\u00a0Inscreva-se nos dois canais do GRANDE PR\u00caMIO no YouTube:\u00a0<a href=\"https:\/\/www.youtube.com\/channel\/UC9OlHEgxoaY6QY6nWPoiqQg?sub_confirmation=1\" target=\"_blank\" rel=\"noreferrer noopener\">GP<\/a>\u00a0|\u00a0<a href=\"https:\/\/www.youtube.com\/channel\/UC9csiS6q_C3C0FYhyr1rnFA?sub_confirmation=1\" target=\"_blank\" rel=\"noreferrer noopener\">GP2<\/a><br>\u25b6\ufe0f\u00a0<a href=\"https:\/\/www.twitch.tv\/grandepremio\" target=\"_blank\" rel=\"noreferrer noopener\">Conhe\u00e7a o canal do GRANDE PR\u00caMIO na Twitch clicando aqui!<\/a><\/strong><\/p>\n\n\n\n<figure class=\"wp-block-image size-large\"><img decoding=\"async\" src=\"https:\/\/www.grandepremio.com\/br\/wp-content\/uploads\/2022\/09\/mercedes-lewishamilton-03-3-1024x683.jpg\" alt=\"\" class=\"wp-image-613694\"\/><figcaption>Lewis Hamilton durante o GP de Monza (Foto: Mercedes)<\/figcaption><\/figure>\n\n\n\n<p class=\"wp-block-paragraph\">&#8220;H\u00e1 apenas uma vez na hist\u00f3ria do esporte em que eles n\u00e3o seguiram as regras como hoje e foi justamente aquela que mudou o resultado do campeonato. Mas \u00e9 o que \u00e9&#8221;, lamentou Hamilton ap\u00f3s a corrida em Monza.<\/p>\n\n\n\n<p class=\"wp-block-paragraph\">Quem tamb\u00e9m ainda tem cicatrizes recentes \u00e9 o chefe da Mercedes, Toto Wolff, <a href=\"https:\/\/www.grandepremio.com\/br\/f1\/noticias\/mercedes-cutuca-michael-masi-apos-final-anticlimatico-gp-italia-dessa-vez-seguiram-regras\/\" class=\"ek-link\">que tamb\u00e9m relembrou a fat\u00eddica prova nos Emirados \u00c1rabes Unidos<\/a>, afirmando que &#8220;dessa vez&#8221; as regras haviam sido seguidas da maneira correta.<\/p>\n\n\n\n<p class=\"wp-block-paragraph\">\u201cOs diretores de prova sempre ser\u00e3o criticados, mas acho que, dessa vez, eles seguiram as regras\u201d, alfinetou Wolff. \u201cTalvez pudessem ter feito isso [a entrada do carro de seguran\u00e7a] uma volta antes, mas aceitaram o fim sob safety-car. \u00c9 assim que deve ser\u201d, concluiu o dirigente austr\u00edaco.<\/p>\n","protected":false},"excerpt":{"rendered":"<p>A compara\u00e7\u00e3o do final da temporada de 2021 em Abu Dhabi com o GP da It\u00e1lia foi inevit\u00e1vel para Lewis Hamilton ap\u00f3s a prova deste domingo terminar com o safety-car na pista<\/p>\n","protected":false},"author":0,"featured_media":1000613693,"comment_status":"closed","ping_status":"closed","sticky":false,"template":"","format":"standard","meta":{"42wp_featured_image_caption":"","42wp_featured_image_credits":"","42wp_featured_video":"","42wp_featured_image_hidden":false,"42wp_authors_list":[],"footnotes":""},"categories":[2],"tags":[147,1357,180,26841,24898,32404,30843,87,203,82,1385,150],"42wp_author":[47144],"class_list":["post-108942","post","type-post","status-publish","format-standard","has-post-thumbnail","hentry","category-f1","tag-f1","tag-f1-2022","tag-formula-1","tag-formula-1-2022","tag-gp-da-italia","tag-gp-da-italia-2022","tag-gp-de-abu-dhabi-2021","tag-lewis-hamilton","tag-max-verstappen","tag-mercedes","tag-michael-masi","tag-toto-wolff","42wp_author-andre-netto"],"_links":{"self":[{"href":"https:\/\/grandepremio.com\/br\/wp-json\/wp\/v2\/posts\/108942","targetHints":{"allow":["GET"]}}],"collection":[{"href":"https:\/\/grandepremio.com\/br\/wp-json\/wp\/v2\/posts"}],"about":[{"href":"https:\/\/grandepremio.com\/br\/wp-json\/wp\/v2\/types\/post"}],"replies":[{"embeddable":true,"href":"https:\/\/grandepremio.com\/br\/wp-json\/wp\/v2\/comments?post=108942"}],"version-history":[{"count":0,"href":"https:\/\/grandepremio.com\/br\/wp-json\/wp\/v2\/posts\/108942\/revisions"}],"wp:featuredmedia":[{"embeddable":true,"href":"https:\/\/grandepremio.com\/br\/wp-json\/wp\/v2\/media\/1000613693"}],"wp:attachment":[{"href":"https:\/\/grandepremio.com\/br\/wp-json\/wp\/v2\/media?parent=108942"}],"wp:term":[{"taxonomy":"category","embeddable":true,"href":"https:\/\/grandepremio.com\/br\/wp-json\/wp\/v2\/categories?post=108942"},{"taxonomy":"post_tag","embeddable":true,"href":"https:\/\/grandepremio.com\/br\/wp-json\/wp\/v2\/tags?post=108942"},{"taxonomy":"42wp_author","embeddable":true,"href":"https:\/\/grandepremio.com\/br\/wp-json\/wp\/v2\/42wp_author?post=108942"}],"curies":[{"name":"wp","href":"https:\/\/api.w.org\/{rel}","templated":true}]}}