{"id":108990,"date":"2022-09-11T12:27:09","date_gmt":"2022-09-11T15:27:09","guid":{"rendered":"https:\/\/grandepremio.com\/br\/noticias\/fernando-alonso-algo-errado-motor-alpine-italia-vamos-ver\/"},"modified":"2022-09-11T13:59:14","modified_gmt":"2022-09-11T16:59:14","slug":"fernando-alonso-algo-errado-motor-alpine-italia-vamos-ver","status":"publish","type":"post","link":"https:\/\/grandepremio.com\/br\/f1\/fernando-alonso-algo-errado-motor-alpine-italia-vamos-ver\/","title":{"rendered":"Alonso v\u00ea &#8220;algo de errado&#8221; com motor da Alpine na It\u00e1lia: &#8220;Vamos ver se est\u00e1 vivo&#8221;"},"content":{"rendered":"\n<figure class=\"wp-block-embed is-type-video is-provider-youtube wp-block-embed-youtube wp-embed-aspect-16-9 wp-has-aspect-ratio\"><div class=\"wp-block-embed__wrapper\">\n<iframe loading=\"lazy\" title=\"F1 2022: VERGONHA NO GP DA IT\u00c1LIA - VERSTAPPEN VENCE, LECLERC 2\u00ba | Briefing\" width=\"500\" height=\"281\" src=\"https:\/\/www.youtube.com\/embed\/vGewFolOE-0?feature=oembed\" frameborder=\"0\" allow=\"accelerometer; autoplay; clipboard-write; encrypted-media; gyroscope; picture-in-picture; web-share\" referrerpolicy=\"strict-origin-when-cross-origin\" allowfullscreen><\/iframe>\n<\/div><figcaption>F1 2022: VERGONHA NO GP DA IT\u00c1LIA &#8211; VERSTAPPEN VENCE, LECLERC 2\u00ba | Briefing<\/figcaption><\/figure>\n\n\n\n<p class=\"wp-block-paragraph\">Fernando Alonso tentou se manter na zona de pontua\u00e7\u00e3o durante o GP da It\u00e1lia, <a href=\"https:\/\/www.grandepremio.com\/br\/f1\/noticias\/max-verstappen-repete-caca-implacavel-vence-italia-formula-1-fim-safety-car\/\" target=\"_blank\" aria-label=\"disputado neste domingo (11) (opens in a new tab)\" rel=\"noreferrer noopener\" class=\"ek-link\">disputado neste domingo (11)<\/a>, mas sofreu ao longo de boa parte da corrida com um problema na energia da bateria que o fazia perder pot\u00eancia no r\u00e1pido circuito de Monza. Durante a prova, inclusive, foi poss\u00edvel ver o espanhol perguntando pelo r\u00e1dio se a Alpine conseguia identificar qual seria o defeito. No fim das contas, o veterano precisou recolher o carro e ainda n\u00e3o sabe se os danos no motor s\u00e3o repar\u00e1veis.<\/p>\n\n\n\n<p class=\"wp-block-paragraph\">&#8220;Eu n\u00e3o sei, definitivamente senti algo de errado com o motor&#8221;, afirmou Alonso ap\u00f3s abandonar. &#8220;Tivemos um problema no in\u00edcio e est\u00e1vamos cortando a energia muito r\u00e1pido nas retas, ent\u00e3o foi dif\u00edcil. Mas no fim, algo maior aconteceu, porque tivemos que parar o carro. Ent\u00e3o, vamos ver se o motor est\u00e1 vivo para as pr\u00f3ximas corridas&#8221;, observou.<\/p>\n\n\n\n<p class=\"wp-block-paragraph\"><strong>\u25b6\ufe0f&nbsp;<a href=\"https:\/\/www.twitch.tv\/grandepremio\" target=\"_blank\" rel=\"noreferrer noopener\">Conhe\u00e7a o canal do GRANDE PR\u00caMIO na Twitch clicando aqui!<\/a><\/strong><\/p>\n\n\n\n<figure class=\"wp-block-image size-large\"><img decoding=\"async\" src=\"https:\/\/www.grandepremio.com\/br\/wp-content\/uploads\/2022\/09\/alpine-fernandoalonso-04-1024x683.jpg\" alt=\"\" class=\"wp-image-613717\"\/><figcaption>Fernando Alonso saiu sem pontos de Monza e quer avaliar motor da Alpine (Foto: Alpine)<\/figcaption><\/figure>\n\n\n\n<p class=\"wp-block-paragraph\"><strong>\u25b6\ufe0f&nbsp;Inscreva-se nos dois canais do GRANDE PR\u00caMIO no YouTube:&nbsp;<a href=\"https:\/\/www.youtube.com\/channel\/UC9OlHEgxoaY6QY6nWPoiqQg?sub_confirmation=1\" target=\"_blank\" rel=\"noreferrer noopener\">GP<\/a>&nbsp;|&nbsp;<a href=\"https:\/\/www.youtube.com\/channel\/UC9csiS6q_C3C0FYhyr1rnFA?sub_confirmation=1\" target=\"_blank\" rel=\"noreferrer noopener\">GP2<\/a><\/strong><\/p>\n\n\n\n<p class=\"wp-block-paragraph\">Questionado sobre qual resultado esperava conseguir ap\u00f3s as 53 voltas da disputa, Alonso avaliou que a briga era pelo limite da zona de pontua\u00e7\u00e3o \u2014 mas admitiu que a Alpine esperava ter um ritmo mais forte no circuito italiano.<\/p>\n\n\n\n<p class=\"wp-block-paragraph\">&#8220;Acho que est\u00e1vamos no limite dos pontos: d\u00e9cimo, nono lugar no m\u00e1ximo&#8221;, projetou o bicampe\u00e3o. &#8220;N\u00f3s est\u00e1vamos esperando mais desse fim de semana e n\u00e3o fomos r\u00e1pidos o suficiente, ent\u00e3o vamos ver se em Singapura conseguimos retomar nosso melhor n\u00edvel&#8221;, finalizou.<\/p>\n\n\n\n<p class=\"wp-block-paragraph\">O abandono de Alonso significou uma corrida sem pontos para a Alpine na It\u00e1lia, j\u00e1 que Esteban Ocon n\u00e3o passou do 11\u00ba lugar. Assim, o franc\u00eas se manteve em oitavo com 66 pontos, enquanto o espanhol \u00e9 o nono, com 59 tentos. A equipe ocupa a quarta coloca\u00e7\u00e3o no Mundial de Construtores, com 18 pontos de frente para a McLaren \u2014 125 a 107.<\/p>\n\n\n\n<p class=\"wp-block-paragraph\">Agora, a\u00a0<a href=\"https:\/\/www.grandepremio.com\/formula-1\/\" target=\"_blank\" rel=\"noreferrer noopener\">F\u00f3rmula 1<\/a>\u00a0chega ao fim da parte europeia da temporada 2022. O campeonato continua em tr\u00eas semanas, entre os dias 30 de setembro e 2 de outubro, direto de\u00a0<a href=\"https:\/\/www.grandepremio.com\/br\/circuito\/marina-bay\/\" target=\"_blank\" rel=\"noreferrer noopener\">Marina Bay<\/a>, com o GP de Singapura.<\/p>\n","protected":false},"excerpt":{"rendered":"<p>Fernando Alonso sofreu com problema no motor da Alpine durante boa parte do GP da It\u00e1lia e abandonou no fim. Agora, quer saber se a unidade de pot\u00eancia poder\u00e1 ser usada em Singapura<\/p>\n","protected":false},"author":0,"featured_media":1000613707,"comment_status":"closed","ping_status":"closed","sticky":false,"template":"","format":"standard","meta":{"42wp_featured_image_caption":"","42wp_featured_image_credits":"","42wp_featured_video":"","42wp_featured_image_hidden":false,"42wp_authors_list":[],"footnotes":""},"categories":[2],"tags":[20491,147,1357,176,180,24898,1491,28285,17313,1737,307],"42wp_author":[47142],"class_list":["post-108990","post","type-post","status-publish","format-standard","has-post-thumbnail","hentry","category-f1","tag-alpine","tag-f1","tag-f1-2022","tag-fernando-alonso","tag-formula-1","tag-gp-da-italia","tag-grande-premio","tag-grandepremio","tag-italia","tag-monza","tag-motor","42wp_author-jp-nascimento"],"_links":{"self":[{"href":"https:\/\/grandepremio.com\/br\/wp-json\/wp\/v2\/posts\/108990","targetHints":{"allow":["GET"]}}],"collection":[{"href":"https:\/\/grandepremio.com\/br\/wp-json\/wp\/v2\/posts"}],"about":[{"href":"https:\/\/grandepremio.com\/br\/wp-json\/wp\/v2\/types\/post"}],"replies":[{"embeddable":true,"href":"https:\/\/grandepremio.com\/br\/wp-json\/wp\/v2\/comments?post=108990"}],"version-history":[{"count":0,"href":"https:\/\/grandepremio.com\/br\/wp-json\/wp\/v2\/posts\/108990\/revisions"}],"wp:featuredmedia":[{"embeddable":true,"href":"https:\/\/grandepremio.com\/br\/wp-json\/wp\/v2\/media\/1000613707"}],"wp:attachment":[{"href":"https:\/\/grandepremio.com\/br\/wp-json\/wp\/v2\/media?parent=108990"}],"wp:term":[{"taxonomy":"category","embeddable":true,"href":"https:\/\/grandepremio.com\/br\/wp-json\/wp\/v2\/categories?post=108990"},{"taxonomy":"post_tag","embeddable":true,"href":"https:\/\/grandepremio.com\/br\/wp-json\/wp\/v2\/tags?post=108990"},{"taxonomy":"42wp_author","embeddable":true,"href":"https:\/\/grandepremio.com\/br\/wp-json\/wp\/v2\/42wp_author?post=108990"}],"curies":[{"name":"wp","href":"https:\/\/api.w.org\/{rel}","templated":true}]}}