{"id":108991,"date":"2022-09-11T11:54:50","date_gmt":"2022-09-11T14:54:50","guid":{"rendered":"https:\/\/grandepremio.com\/br\/noticias\/verstappen-exalta-grande-dia-na-italia-e-destaca-red-bull-bem-com-todos-os-pneus\/"},"modified":"2022-09-11T12:05:34","modified_gmt":"2022-09-11T15:05:34","slug":"verstappen-exalta-grande-dia-na-italia-e-destaca-red-bull-bem-com-todos-os-pneus","status":"publish","type":"post","link":"https:\/\/grandepremio.com\/br\/f1\/verstappen-exalta-grande-dia-na-italia-e-destaca-red-bull-bem-com-todos-os-pneus\/","title":{"rendered":"Verstappen exalta &#8220;grande dia&#8221; na It\u00e1lia e destaca Red Bull &#8220;bem com todos os pneus&#8221;"},"content":{"rendered":"\n<figure class=\"wp-block-embed is-type-video is-provider-youtube wp-block-embed-youtube wp-embed-aspect-16-9 wp-has-aspect-ratio\"><div class=\"wp-block-embed__wrapper\">\n<iframe loading=\"lazy\" title=\"F1 2022: VERGONHA NO GP DA IT\u00c1LIA - VERSTAPPEN VENCE, LECLERC 2\u00ba | Briefing\" width=\"500\" height=\"281\" src=\"https:\/\/www.youtube.com\/embed\/vGewFolOE-0?feature=oembed\" frameborder=\"0\" allow=\"accelerometer; autoplay; clipboard-write; encrypted-media; gyroscope; picture-in-picture; web-share\" referrerpolicy=\"strict-origin-when-cross-origin\" allowfullscreen><\/iframe>\n<\/div><\/figure>\n\n\n\n<p class=\"wp-block-paragraph\">Se largando de 14\u00ba, na B\u00e9lgica, Max Verstappen assumiu a lideran\u00e7a com menos de 15 voltas, o holand\u00eas se colocou como candidato \u00e0 vit\u00f3ria no GP da It\u00e1lia mesmo alinhando em s\u00e9timo ap\u00f3s a puni\u00e7\u00e3o por troca de componente no motor. E o #1 da Red Bull <a href=\"https:\/\/www.grandepremio.com\/br\/f1\/noticias\/max-verstappen-repete-caca-implacavel-vence-italia-formula-1-fim-safety-car\/\" class=\"ek-link\">cruzou a linha de chegada mais uma vez em primeiro pela 11\u00aa vez no ano<\/a>.<\/p>\n\n\n\n<p class=\"wp-block-paragraph\">Verstappen pulou para quinto logo na largada e, na terceira volta, j\u00e1 aparecia tendo \u00e0 sua frente apenas George Russell e Charles Leclerc. No virtual safety-car provocado pelo abandono de Sebastian Vettel na volta 12, o l\u00edder do campeonato assumiu a lideran\u00e7a ap\u00f3s a parada nos boxes de Charles Leclerc.<\/p>\n\n\n\n<p class=\"wp-block-paragraph\"><strong>\u25b6\ufe0f\u00a0Inscreva-se nos dois canais do GRANDE PR\u00caMIO no YouTube:\u00a0<a href=\"https:\/\/www.youtube.com\/channel\/UC9OlHEgxoaY6QY6nWPoiqQg?sub_confirmation=1\" target=\"_blank\" rel=\"noreferrer noopener\">GP<\/a>\u00a0|\u00a0<a href=\"https:\/\/www.youtube.com\/channel\/UC9csiS6q_C3C0FYhyr1rnFA?sub_confirmation=1\" target=\"_blank\" rel=\"noreferrer noopener\">GP2<\/a><\/strong><br><strong>\u25b6\ufe0f\u00a0<a href=\"https:\/\/www.twitch.tv\/grandepremio\" target=\"_blank\" rel=\"noreferrer noopener\">Conhe\u00e7a o canal do GRANDE PR\u00caMIO na Twitch clicando aqui!<\/a><\/strong><\/p>\n\n\n\n<figure class=\"wp-block-image size-large\"><img decoding=\"async\" src=\"https:\/\/www.grandepremio.com\/br\/wp-content\/uploads\/2022\/09\/redbull-maxverstappen-05-2-1024x683.jpg\" alt=\"\" class=\"wp-image-613724\"\/><figcaption>Max Verstappen venceu a 11\u00aa no ano (Foto: Red Bull Content Pool)<\/figcaption><\/figure>\n\n\n\n<p class=\"wp-block-paragraph\">Ao final, a Red Bull conseguiu levar a melhor sobre a Ferrari na corrida, ainda que o carro de seguran\u00e7a no fim tenha criado o anticl\u00edmax. &#8220;Tivemos uma grande corrida, fomos bem com todos os compostos&#8221;, destacou Verstappen, elogiando o ritmo do RB18 com os diferentes tipos de pneus. <\/p>\n\n\n\n<p class=\"wp-block-paragraph\">&#8220;Infelizmente, n\u00e3o tivemos a relargada no fim, mas, no geral, tivemos um dia muito bom. Foi muito agrad\u00e1vel pilotar hoje. Um grande dia para n\u00f3s&#8221;, acrescentou.<\/p>\n\n\n\n<p class=\"wp-block-paragraph\">Com a vit\u00f3ria, Verstappen ampliou ainda mais a vantagem na lideran\u00e7a e em grande estilo, chegando ao p\u00f3dio em Monza pela primeira vez na F1. &#8220;Demorou um pouco at\u00e9 estar num grande p\u00f3dio como este&#8221;, finalizou o piloto.<\/p>\n","protected":false},"excerpt":{"rendered":"<p>Max Verstappen elogiou o desempenho do RB18 tanto com pneus macios quanto com os compostos m\u00e9dios, dizendo ainda que foi agrad\u00e1vel pilotar na It\u00e1lia neste domingo (11)<\/p>\n","protected":false},"author":0,"featured_media":1000613723,"comment_status":"closed","ping_status":"closed","sticky":false,"template":"","format":"standard","meta":{"42wp_featured_image_caption":"","42wp_featured_image_credits":"","42wp_featured_video":"","42wp_featured_image_hidden":false,"42wp_authors_list":[],"footnotes":""},"categories":[2],"tags":[209,1357,180,24898,203,1737,30799,204,30986],"42wp_author":[47147],"class_list":["post-108991","post","type-post","status-publish","format-standard","has-post-thumbnail","hentry","category-f1","tag-charles-leclerc","tag-f1-2022","tag-formula-1","tag-gp-da-italia","tag-max-verstappen","tag-monza","tag-rb18","tag-red-bull","tag-temporada-2022-f1","42wp_author-luana-marino"],"_links":{"self":[{"href":"https:\/\/grandepremio.com\/br\/wp-json\/wp\/v2\/posts\/108991","targetHints":{"allow":["GET"]}}],"collection":[{"href":"https:\/\/grandepremio.com\/br\/wp-json\/wp\/v2\/posts"}],"about":[{"href":"https:\/\/grandepremio.com\/br\/wp-json\/wp\/v2\/types\/post"}],"replies":[{"embeddable":true,"href":"https:\/\/grandepremio.com\/br\/wp-json\/wp\/v2\/comments?post=108991"}],"version-history":[{"count":0,"href":"https:\/\/grandepremio.com\/br\/wp-json\/wp\/v2\/posts\/108991\/revisions"}],"wp:featuredmedia":[{"embeddable":true,"href":"https:\/\/grandepremio.com\/br\/wp-json\/wp\/v2\/media\/1000613723"}],"wp:attachment":[{"href":"https:\/\/grandepremio.com\/br\/wp-json\/wp\/v2\/media?parent=108991"}],"wp:term":[{"taxonomy":"category","embeddable":true,"href":"https:\/\/grandepremio.com\/br\/wp-json\/wp\/v2\/categories?post=108991"},{"taxonomy":"post_tag","embeddable":true,"href":"https:\/\/grandepremio.com\/br\/wp-json\/wp\/v2\/tags?post=108991"},{"taxonomy":"42wp_author","embeddable":true,"href":"https:\/\/grandepremio.com\/br\/wp-json\/wp\/v2\/42wp_author?post=108991"}],"curies":[{"name":"wp","href":"https:\/\/api.w.org\/{rel}","templated":true}]}}