{"id":108998,"date":"2022-09-11T09:07:04","date_gmt":"2022-09-11T12:07:04","guid":{"rendered":"https:\/\/grandepremio.com\/br\/noticias\/theo-pourchaire-zerado-italia-mantem-vice-lideranca-confira-classificacao-f2-2022\/"},"modified":"2022-09-13T21:31:24","modified_gmt":"2022-09-14T00:31:24","slug":"theo-pourchaire-zerado-italia-mantem-vice-lideranca-confira-classificacao-f2-2022","status":"publish","type":"post","link":"https:\/\/grandepremio.com\/br\/f2\/theo-pourchaire-zerado-italia-mantem-vice-lideranca-confira-classificacao-f2-2022\/","title":{"rendered":"Pourchaire sai zerado da It\u00e1lia, mas mant\u00e9m vice-lideran\u00e7a. Confira classifica\u00e7\u00e3o da F2 2022"},"content":{"rendered":"\n<figure class=\"wp-block-embed is-type-video is-provider-youtube wp-block-embed-youtube wp-embed-aspect-16-9 wp-has-aspect-ratio\"><div class=\"wp-block-embed__wrapper\">\n<iframe loading=\"lazy\" title=\"FELIPE DRUGOVICH \u00c9 CAMPE\u00c3O DA F2 #DrugoDay | Briefing\" width=\"500\" height=\"281\" src=\"https:\/\/www.youtube.com\/embed\/Y6OfCwtry9Q?feature=oembed\" frameborder=\"0\" allow=\"accelerometer; autoplay; clipboard-write; encrypted-media; gyroscope; picture-in-picture; web-share\" referrerpolicy=\"strict-origin-when-cross-origin\" allowfullscreen><\/iframe>\n<\/div><\/figure>\n\n\n\n<p class=\"wp-block-paragraph\"><em>Atualizado<\/em><\/p>\n\n\n\n<p class=\"wp-block-paragraph\">Com o t\u00edtulo da F\u00f3rmula 2 <a href=\"https:\/\/www.grandepremio.com\/br\/f2\/noticias\/felipe-drugovich-imortaliza-campeao-formula-2-2022-mesmo-batida-corrida-1-italia\/\" class=\"ek-link\">definido a favor de Felipe Drugovich na sprint race de s\u00e1bado (10)<\/a>, a disputa na temporada 2022 passou a ser pelo vice-campeonato, e Th\u00e9o Pourchaire \u00e9 quem sai da It\u00e1lia com a vantagem, mesmo sem ter marcado pontos na rodada. O franc\u00eas manteve os 164 pontos na classifica\u00e7\u00e3o e tem 29 de frente para Logan Sargeant.<\/p>\n\n\n\n<p class=\"wp-block-paragraph\">O americano da Carlin saiu de Monza com cinco pontos, conquistados na sprint. Na corrida principal, ele se envolveu num incidente ainda na primeira volta com Jack Doohan e abandonou. Agora, soma 135 na classifica\u00e7\u00e3o e surge como principal rival de Pourchaire na briga pelo vice.<\/p>\n\n\n\n<p class=\"wp-block-paragraph\"><strong>\u25b6\ufe0f&nbsp;Inscreva-se nos dois canais do GRANDE PR\u00caMIO no YouTube:&nbsp;<a href=\"https:\/\/www.youtube.com\/channel\/UC9OlHEgxoaY6QY6nWPoiqQg?sub_confirmation=1\" target=\"_blank\" rel=\"noreferrer noopener\">GP<\/a>&nbsp;|&nbsp;<a href=\"https:\/\/www.youtube.com\/channel\/UC9csiS6q_C3C0FYhyr1rnFA?sub_confirmation=1\" target=\"_blank\" rel=\"noreferrer noopener\">GP2<\/a><\/strong><br><strong>\u25b6\ufe0f&nbsp;<a href=\"https:\/\/www.twitch.tv\/grandepremio\" target=\"_blank\" rel=\"noreferrer noopener\">Conhe\u00e7a o canal do GRANDE PR\u00caMIO na Twitch clicando aqui!<\/a><\/strong><\/p>\n\n\n\n<figure class=\"wp-block-image size-large\"><img decoding=\"async\" src=\"https:\/\/www.grandepremio.com\/br\/wp-content\/uploads\/2022\/09\/F2-em-Monza-1024x576.jpg\" alt=\"\" class=\"wp-image-613629\"\/><figcaption>A F2 volta \u00e0 pista em novembro, em Abu Dhabi (Foto: Reprodu\u00e7\u00e3o\/F2)<\/figcaption><\/figure>\n\n\n\n<p class=\"wp-block-paragraph\">Com a desclassifica\u00e7\u00e3o de Ayumu Iwasa, Doohan, Jehan Daruvala e Enzo Fittipaldi saem de Monza empatados com 126 pontos. Daruvala deu um belo salto na classifica\u00e7\u00e3o <a href=\"https:\/\/www.grandepremio.com\/br\/f2\/noticias\/jehan-daruvala-acerta-estrategia-vence-corrida-2-f2-italia-enzo-fittipaldi-4o-felipe-drugovich-7o\/\" class=\"ek-link\">ao conquistar a sua primeira vit\u00f3ria na temporada<\/a>. O indiano, ali\u00e1s, teve na It\u00e1lia o seu melhor fim de semana, tamb\u00e9m indo ao p\u00f3dio na sprint ao terminar em terceiro.<\/p>\n\n\n\n<p class=\"wp-block-paragraph\">Fittipaldi voltou a brilhar com a Charouz e herdou o p\u00f3dio de Iwasa, tamb\u00e9m chegando a 126 tentos no total. Ele, Doohan e Daruvala v\u00e3o para a \u00faltima rodada precisando vencer as duas corridas, fazer ao menos uma volta mais r\u00e1pida e ainda a pole-position e torcer para Pourchaire zerar, pois a diferen\u00e7a entre eles \u00e9 de exatamente 38 pontos.<\/p>\n\n\n\n<p class=\"wp-block-paragraph\">J\u00e1 Liam Lawson n\u00e3o teve o melhor dos fins de semana: ficou apenas com os tr\u00eas pontos do sexto lugar na sprint e caiu de quinto para s\u00e9timo.<\/p>\n\n\n\n<p class=\"wp-block-paragraph\">Frederik Vesti subiu para oitavo com os dois segundos lugares nas corridas da It\u00e1lia. Iwasa aparece em nono depois de perder os 15 pontos do p\u00f3dio na corrida principal, e o vencedor da sprint, J\u00fcri Vips fechou o top-10 da classifica\u00e7\u00e3o em d\u00e9cimo.<\/p>\n\n\n\n<p class=\"wp-block-paragraph\">Drugovich n\u00e3o pontuou na sprint ap\u00f3s ser tocado ainda na primeira volta por Amaury Cordeel, mas o sexto lugar na corrida principal deu a ele mais oito pontos, chegando a 241 no total.<\/p>\n\n\n\n<p class=\"has-medium-font-size wp-block-paragraph\"><strong>F\u00f3rmula 2 2022, classifica\u00e7\u00e3o ap\u00f3s 13 rodadas (corrigido):<\/strong><\/p>\n\n\n\n<figure class=\"wp-block-table\"><table><tbody><tr><td>&nbsp;<\/td><td>&nbsp;<\/td><td>&nbsp;<\/td><td>&nbsp;<\/td><td>Poles<\/td><td>Vit\u00f3rias<\/td><td>PONTOS<\/td><\/tr><tr><td>1<\/td><td>F DRUGOVICH<\/td><td>&nbsp;<\/td><td>MP<\/td><td>4<\/td><td>5<\/td><td>241<\/td><\/tr><tr><td>2<\/td><td>T POURCHAIRE<\/td><td>&nbsp;<\/td><td>ART<\/td><td>0<\/td><td>3<\/td><td>164<\/td><\/tr><tr><td>3<\/td><td>L SARGEANT<\/td><td>&nbsp;<\/td><td>Carlin<\/td><td>1<\/td><td>2<\/td><td>135<\/td><\/tr><tr><td>4<\/td><td>J DOOHAN<\/td><td>&nbsp;<\/td><td>Virtuosi<\/td><td>3<\/td><td>2<\/td><td>126<\/td><\/tr><tr><td>5<\/td><td>J DARUVALA<\/td><td>&nbsp;<\/td><td>Prema<\/td><td>0<\/td><td>1<\/td><td>126<\/td><\/tr><tr><td>6<\/td><td>E FITTIPALDI<\/td><td>&nbsp;<\/td><td>Charouz<\/td><td>0<\/td><td>0<\/td><td>126<\/td><\/tr><tr><td>7<\/td><td>L LAWSON<\/td><td>&nbsp;<\/td><td>Carlin<\/td><td>0<\/td><td>2<\/td><td>123<\/td><\/tr><tr><td>8<\/td><td>F VESTI<\/td><td>&nbsp;<\/td><td>ART<\/td><td>1<\/td><td>1<\/td><td>117<\/td><\/tr><tr><td>9<\/td><td>A IWASA<\/td><td>&nbsp;<\/td><td>DAMS<\/td><td>1<\/td><td>1<\/td><td>114<\/td><\/tr><tr><td>10<\/td><td>J VIPS<\/td><td>&nbsp;<\/td><td>Hitech<\/td><td>2<\/td><td>1<\/td><td>110<\/td><\/tr><tr><td>11<\/td><td>D HAUGER<\/td><td>&nbsp;<\/td><td>Prema<\/td><td>0<\/td><td>2<\/td><td>98<\/td><\/tr><tr><td>12<\/td><td>M ARMSTRONG<\/td><td>&nbsp;<\/td><td>Hitech<\/td><td>0<\/td><td>2<\/td><td>91<\/td><\/tr><tr><td>13<\/td><td>R VERSCHOOR<\/td><td>&nbsp;<\/td><td>Trident<\/td><td>0<\/td><td>1<\/td><td>89<\/td><\/tr><tr><td>14<\/td><td>C NOVALAK<\/td><td>&nbsp;<\/td><td>MP<\/td><td>0<\/td><td>0<\/td><td>40<\/td><\/tr><tr><td>15<\/td><td>R BOSCHUNG<\/td><td>&nbsp;<\/td><td>Campos<\/td><td>0<\/td><td>0<\/td><td>40<\/td><\/tr><tr><td>16<\/td><td>J HUGHES<\/td><td>&nbsp;<\/td><td>Van Amersfoort<\/td><td>0<\/td><td>0<\/td><td>26<\/td><\/tr><tr><td>17<\/td><td>D BECKMANN<\/td><td>&nbsp;<\/td><td>Van Amersfoort<\/td><td>0<\/td><td>0<\/td><td>25<\/td><\/tr><tr><td>18<\/td><td>R NISSANY<\/td><td>&nbsp;<\/td><td>DAMS<\/td><td>0<\/td><td>0<\/td><td>18<\/td><\/tr><tr><td>19<\/td><td>R MERHI<\/td><td>&nbsp;<\/td><td>Campos<\/td><td>0<\/td><td>0<\/td><td>15<\/td><\/tr><tr><td>20<\/td><td>A CORDEEL<\/td><td>&nbsp;<\/td><td>Van Amersfoort<\/td><td>0<\/td><td>0<\/td><td>14<\/td><\/tr><tr><td>21<\/td><td>O CALDWELL<\/td><td>&nbsp;<\/td><td>Campos<\/td><td>0<\/td><td>0<\/td><td>12<\/td><\/tr><tr><td>22<\/td><td>M SATO<\/td><td>&nbsp;<\/td><td>Virtuosi<\/td><td>0<\/td><td>0<\/td><td>6<\/td><\/tr><tr><td>23<\/td><td>C WILLIAMS<\/td><td>&nbsp;<\/td><td>Trident<\/td><td>0<\/td><td>0<\/td><td>5<\/td><\/tr><tr><td>24<\/td><td>C B\u00d6L\u00dcKBASI<\/td><td>&nbsp;<\/td><td>Charouz<\/td><td>0<\/td><td>0<\/td><td>0<\/td><\/tr><tr><td>23<\/td><td>L GHIOTTO<\/td><td>&nbsp;<\/td><td>DAMS<\/td><td>0<\/td><td>0<\/td><td>0<\/td><\/tr><tr><td>24<\/td><td>T CALDER\u00d3N<\/td><td>&nbsp;<\/td><td>Charouz<\/td><td>0<\/td><td>0<\/td><td>0<\/td><\/tr><tr><td>25<\/td><td>L ZENDELI<\/td><td>&nbsp;<\/td><td>Campos<\/td><td>0<\/td><td>0<\/td><td>0<\/td><\/tr><\/tbody><\/table><\/figure>\n\n\n\n<p class=\"wp-block-paragraph\"><strong>LEIA TAMB\u00c9M<br><a href=\"https:\/\/www.grandepremio.com\/br\/f2\/noticias\/felipe-drugovich-acerta-retornar-mp-2022-colhe-frutos-regularidade-temporada\/\">Drugovich acerta ao retornar para MP em 2022 e colhe frutos por regularidade na temporada<\/a><br><a href=\"https:\/\/www.grandepremio.com\/br\/f2\/noticias\/inicio-discreto-explosao-f2-felipe-drugovich-dominou-mudou-carreira-2022\/\">Do in\u00edcio discreto \u00e0 explos\u00e3o na F2: como Drugovich dominou e mudou carreira em 2022<\/a><br><a href=\"https:\/\/www.grandepremio.com\/br\/f2\/noticias\/felipe-drugovich-celebra-sonho-realizado-titulo-formula-2-2022-estou-topo-mundo\/\">Drugovich celebra \u201csonho realizado\u201d com t\u00edtulo da F2 2022: \u201cEstou no topo do mundo\u201d<\/a><\/strong><\/p>\n","protected":false},"excerpt":{"rendered":"<p>Th\u00e9o Pourchaire viu Felipe Drugovich confirmar o t\u00edtulo da temporada 2022 da F2 e agora briga para terminar o ano com o vice-campeonato. Confira a classifica\u00e7\u00e3o ap\u00f3s a rodada da It\u00e1lia<\/p>\n","protected":false},"author":0,"featured_media":1000613628,"comment_status":"closed","ping_status":"closed","sticky":false,"template":"","format":"standard","meta":{"42wp_featured_image_caption":"","42wp_featured_image_credits":"","42wp_featured_video":"","42wp_featured_image_hidden":false,"42wp_authors_list":[],"footnotes":""},"categories":[9],"tags":[28711,409,29651,1024,17313,596,2971,2958,25553,3352,1737,25479],"42wp_author":[47147],"class_list":["post-108998","post","type-post","status-publish","format-standard","has-post-thumbnail","hentry","category-f2","tag-ayumu-iwasa","tag-enzo-fittipaldi","tag-f2-2022","tag-felipe-drugovich","tag-italia","tag-jack-doohan","tag-jehan-daruvala","tag-juri-vips","tag-logan-sargeant","tag-marcus-armstrong","tag-monza","tag-theo-pourchaire","42wp_author-luana-marino"],"_links":{"self":[{"href":"https:\/\/grandepremio.com\/br\/wp-json\/wp\/v2\/posts\/108998","targetHints":{"allow":["GET"]}}],"collection":[{"href":"https:\/\/grandepremio.com\/br\/wp-json\/wp\/v2\/posts"}],"about":[{"href":"https:\/\/grandepremio.com\/br\/wp-json\/wp\/v2\/types\/post"}],"replies":[{"embeddable":true,"href":"https:\/\/grandepremio.com\/br\/wp-json\/wp\/v2\/comments?post=108998"}],"version-history":[{"count":0,"href":"https:\/\/grandepremio.com\/br\/wp-json\/wp\/v2\/posts\/108998\/revisions"}],"wp:featuredmedia":[{"embeddable":true,"href":"https:\/\/grandepremio.com\/br\/wp-json\/wp\/v2\/media\/1000613628"}],"wp:attachment":[{"href":"https:\/\/grandepremio.com\/br\/wp-json\/wp\/v2\/media?parent=108998"}],"wp:term":[{"taxonomy":"category","embeddable":true,"href":"https:\/\/grandepremio.com\/br\/wp-json\/wp\/v2\/categories?post=108998"},{"taxonomy":"post_tag","embeddable":true,"href":"https:\/\/grandepremio.com\/br\/wp-json\/wp\/v2\/tags?post=108998"},{"taxonomy":"42wp_author","embeddable":true,"href":"https:\/\/grandepremio.com\/br\/wp-json\/wp\/v2\/42wp_author?post=108998"}],"curies":[{"name":"wp","href":"https:\/\/api.w.org\/{rel}","templated":true}]}}