{"id":109009,"date":"2022-09-10T19:47:15","date_gmt":"2022-09-10T22:47:15","guid":{"rendered":"https:\/\/grandepremio.com\/br\/noticias\/will-power-quebra-recorde-mario-andretti-68a-pole-position-laguna-seca\/"},"modified":"2022-09-10T19:49:11","modified_gmt":"2022-09-10T22:49:11","slug":"will-power-quebra-recorde-mario-andretti-68a-pole-position-laguna-seca","status":"publish","type":"post","link":"https:\/\/grandepremio.com\/br\/indy\/will-power-quebra-recorde-mario-andretti-68a-pole-position-laguna-seca\/","title":{"rendered":"Power quebra recorde de Mario Andretti com 68\u00aa pole-position em Laguna Seca"},"content":{"rendered":"\n<figure class=\"wp-block-embed is-type-video is-provider-youtube wp-block-embed-youtube wp-embed-aspect-16-9 wp-has-aspect-ratio\"><div class=\"wp-block-embed__wrapper\">\n<iframe loading=\"lazy\" title=\"A CONTA DO T\u00cdTULO PARA OS 5 CONCORRENTES NA GRANDE FINAL DA INDY 2022 | GP \u00e0s 10\" width=\"500\" height=\"281\" src=\"https:\/\/www.youtube.com\/embed\/Hli7N3bz-7w?feature=oembed\" frameborder=\"0\" allow=\"accelerometer; autoplay; clipboard-write; encrypted-media; gyroscope; picture-in-picture; web-share\" referrerpolicy=\"strict-origin-when-cross-origin\" allowfullscreen><\/iframe>\n<\/div><figcaption>A CONTA DO T\u00cdTULO PARA OS CINCO CONCORRENTES NA GRANDE FINAL DA INDY 2022<\/figcaption><\/figure>\n\n\n\n<p class=\"wp-block-paragraph\">Will Power \u00e9 o novo recordista de pole-positions da hist\u00f3ria da Indy. Neste s\u00e1bado (10), o<a href=\"https:\/\/www.grandepremio.com\/br\/indy\/noticias\/will-power-quebra-recorde-anota-pole-laguna-seca-da-passo-rumo-bi-indy\/\" class=\"ek-link\"> australiano conquistou sua 68\u00aa pole na carreira em Laguna Seca<\/a>, superando a marca hist\u00f3rica de Mario Andretti, e de quebra deu um passo enorme rumo ao bicampeonato. Esta ser\u00e1 a primeira vez que Power vai largar na frente no tradicional circuito em Monterrey.<\/p>\n\n\n\n<p class=\"wp-block-paragraph\">Will foi o \u00fanico dos tr\u00eas pilotos da Penske a avan\u00e7ar para o Fast Six. Josef Newgarden acabou sendo eliminado ainda na primeira fase ap\u00f3s cometer um erro e Scott McLaughlin caiu na fase intermedi\u00e1ria e vai largar em oitavo. Power anotou o tempo de 1:11.612 e superou o novato Callum Ilott, da Juncos Hollinger, por apenas dois cent\u00e9simos de segundo.<\/p>\n\n\n\n<p class=\"wp-block-paragraph\">Ap\u00f3s conquistar a 68\u00aa pole, Power recebeu os parab\u00e9ns do pr\u00f3prio Mario Andretti. O australiano tamb\u00e9m ressaltou os feitos do tetracampe\u00e3o, afirmando que Mario \u00e9 um &#8220;\u00edcone&#8221; do esporte que suas conquistar vieram em &#8220;per\u00edodos muito mais arriscados, ent\u00e3o valem muito mais!&#8221;.<\/p>\n\n\n\n<p class=\"wp-block-paragraph\"><strong>\u25b6\ufe0f\u00a0Inscreva-se nos dois canais do GRANDE PR\u00caMIO no YouTube:\u00a0<a href=\"https:\/\/www.youtube.com\/channel\/UC9OlHEgxoaY6QY6nWPoiqQg?sub_confirmation=1\" target=\"_blank\" rel=\"noreferrer noopener\">GP<\/a>\u00a0|\u00a0<a href=\"https:\/\/www.youtube.com\/channel\/UC9csiS6q_C3C0FYhyr1rnFA?sub_confirmation=1\" target=\"_blank\" rel=\"noreferrer noopener\">GP2<\/a><\/strong><br><strong>\u25b6\ufe0f\u00a0<a href=\"https:\/\/www.twitch.tv\/grandepremio\" target=\"_blank\" rel=\"noreferrer noopener\">Conhe\u00e7a o canal do GRANDE PR\u00caMIO na Twitch clicando aqui!<\/a><\/strong><\/p>\n\n\n\n<figure class=\"wp-block-image size-large\"><img decoding=\"async\" src=\"https:\/\/www.grandepremio.com\/br\/wp-content\/uploads\/2022\/09\/Will-Power-Firestone-Grand-Prix-of-Monterey-By_-Travis-Hinkle_Large-Image-Without-Watermark_m70163-1024x683.jpg\" alt=\"\" class=\"wp-image-613403\"\/><figcaption>Will Power larga na pole em Laguna Seca (Foto: IndyCar)<\/figcaption><\/figure>\n\n\n\n<p class=\"wp-block-paragraph\">Esta foi a quinta pole do australiano na temporada, que tamb\u00e9m foi o mais r\u00e1pido na classifica\u00e7\u00e3o em Gateway, <a href=\"https:\/\/www.grandepremio.com\/br\/indy\/noticias\/will-power-conquista-67a-pole-position-gateway-iguala-recorde-mario-andretti\/\" class=\"ek-link\">quando igualou o recorde de Andretti<\/a>, no GP de Indian\u00e1polis 1 e levou as duas poles no oval curto de\u00a0<a href=\"https:\/\/www.grandepremio.com\/br\/circuito\/iowa\/\" target=\"_blank\" rel=\"noreferrer noopener\">Iowa<\/a>. Em 2010, o piloto da Penske conquistou impressionantes oito poles em 17 etapas, maior marca de poles em um \u00fanico ano de sua carreira.<\/p>\n\n\n\n<p class=\"wp-block-paragraph\">Atr\u00e1s de Power e Andretti na lista de pilotos com mais pole-positions na hist\u00f3ria, aparecem outros grandes nomes da\u00a0<a href=\"https:\/\/www.grandepremio.com\/formula-indy\/\" target=\"_blank\" rel=\"noreferrer noopener\">Indy<\/a>. AJ Foyt \u00e9 o terceiro, com 53, seguido pelo brasileiro\u00a0<a href=\"https:\/\/www.grandepremio.com\/br\/piloto\/helio-castroneves\/\" target=\"_blank\" rel=\"noreferrer noopener\">Helio Castroneves<\/a>, com 50, e Bobby Unser, com 49.<\/p>\n\n\n\n<p class=\"wp-block-paragraph\">Will buscar\u00e1 agora o seu bicampeonato. Depois de conquistar a Astor Cup em 2014, o australiano tem 21 pontos de vantagem para Josef Newgarden e Scott Dixon. Marcus Ericsson e Scott McLaughlin correm por fora na briga pelo t\u00edtulo. A largada para o GP de Laguna Seca est\u00e1 marcada para \u00e0s 16h deste domingo (11), com cobertura completa do <strong>GRANDE PR\u00caMIO<\/strong>.<\/p>\n\n\n\n<figure class=\"wp-block-embed is-type-video is-provider-youtube wp-block-embed-youtube wp-embed-aspect-16-9 wp-has-aspect-ratio\"><div class=\"wp-block-embed__wrapper\">\n<iframe loading=\"lazy\" title=\"POWER LUTA PELO BI DA INDY E TENTA AFASTAR MALDI\u00c7\u00c3O DA FINAL\" width=\"500\" height=\"281\" src=\"https:\/\/www.youtube.com\/embed\/kaXy7Bf2RxE?feature=oembed\" frameborder=\"0\" allow=\"accelerometer; autoplay; clipboard-write; encrypted-media; gyroscope; picture-in-picture; web-share\" referrerpolicy=\"strict-origin-when-cross-origin\" allowfullscreen><\/iframe>\n<\/div><figcaption>POWER LUTA PELO BI DA INDY E TENTA AFASTAR MALDI\u00c7\u00c3O DA FINAL<\/figcaption><\/figure>\n","protected":false},"excerpt":{"rendered":"<p>Mario Andretti parabenizou Will Power ap\u00f3s o australiano se tornar o piloto com mais pole-positions na hist\u00f3ria da Indy depois de obter a 68\u00aa pole neste s\u00e1bado (10) em Laguna Seca<\/p>\n","protected":false},"author":0,"featured_media":1000613525,"comment_status":"closed","ping_status":"closed","sticky":false,"template":"","format":"standard","meta":{"42wp_featured_image_caption":"","42wp_featured_image_credits":"","42wp_featured_video":"","42wp_featured_image_hidden":false,"42wp_authors_list":[],"footnotes":""},"categories":[3],"tags":[619,29062,25661,93,2209,94,531,510,1214,29480,3133],"42wp_author":[47144],"class_list":["post-109009","post","type-post","status-publish","format-standard","has-post-thumbnail","hentry","category-indy","tag-formula-indy","tag-formula-indy-2022","tag-gp-de-laguna-seca","tag-indy","tag-indy-2022","tag-indycar","tag-mario-andretti","tag-pole","tag-pole-position","tag-titulo-indy","tag-will-power","42wp_author-andre-netto"],"_links":{"self":[{"href":"https:\/\/grandepremio.com\/br\/wp-json\/wp\/v2\/posts\/109009","targetHints":{"allow":["GET"]}}],"collection":[{"href":"https:\/\/grandepremio.com\/br\/wp-json\/wp\/v2\/posts"}],"about":[{"href":"https:\/\/grandepremio.com\/br\/wp-json\/wp\/v2\/types\/post"}],"replies":[{"embeddable":true,"href":"https:\/\/grandepremio.com\/br\/wp-json\/wp\/v2\/comments?post=109009"}],"version-history":[{"count":0,"href":"https:\/\/grandepremio.com\/br\/wp-json\/wp\/v2\/posts\/109009\/revisions"}],"wp:featuredmedia":[{"embeddable":true,"href":"https:\/\/grandepremio.com\/br\/wp-json\/wp\/v2\/media\/1000613525"}],"wp:attachment":[{"href":"https:\/\/grandepremio.com\/br\/wp-json\/wp\/v2\/media?parent=109009"}],"wp:term":[{"taxonomy":"category","embeddable":true,"href":"https:\/\/grandepremio.com\/br\/wp-json\/wp\/v2\/categories?post=109009"},{"taxonomy":"post_tag","embeddable":true,"href":"https:\/\/grandepremio.com\/br\/wp-json\/wp\/v2\/tags?post=109009"},{"taxonomy":"42wp_author","embeddable":true,"href":"https:\/\/grandepremio.com\/br\/wp-json\/wp\/v2\/42wp_author?post=109009"}],"curies":[{"name":"wp","href":"https:\/\/api.w.org\/{rel}","templated":true}]}}