{"id":109019,"date":"2022-09-10T16:42:47","date_gmt":"2022-09-10T19:42:47","guid":{"rendered":"https:\/\/grandepremio.com\/br\/noticias\/daniel-ricciardo-comemora-estar-zona-pontos-italia-admite-duvida-carro\/"},"modified":"2022-09-10T16:48:30","modified_gmt":"2022-09-10T19:48:30","slug":"daniel-ricciardo-comemora-estar-zona-pontos-italia-admite-duvida-carro","status":"publish","type":"post","link":"https:\/\/grandepremio.com\/br\/f1\/daniel-ricciardo-comemora-estar-zona-pontos-italia-admite-duvida-carro\/","title":{"rendered":"Ricciardo comemora &#8220;estar na zona de pontos&#8221; na It\u00e1lia, mas admite d\u00favida com carro"},"content":{"rendered":"\n<figure class=\"wp-block-embed is-type-video is-provider-youtube wp-block-embed-youtube wp-embed-aspect-16-9 wp-has-aspect-ratio\"><div class=\"wp-block-embed__wrapper\">\n<iframe loading=\"lazy\" title=\"F1 2022:  LECLERC \u00c9 POLE EM MONZA. COMO FICA O GRID DO GP DA IT\u00c1LIA? | Briefing\" width=\"500\" height=\"281\" src=\"https:\/\/www.youtube.com\/embed\/6v1k9q7Yapw?feature=oembed\" frameborder=\"0\" allow=\"accelerometer; autoplay; clipboard-write; encrypted-media; gyroscope; picture-in-picture; web-share\" referrerpolicy=\"strict-origin-when-cross-origin\" allowfullscreen><\/iframe>\n<\/div><figcaption>TUDO SOBRE A CLASSIFICA\u00c7\u00c3O DA F1 NA IT\u00c1LIA | Briefing<\/figcaption><\/figure>\n\n\n\n<p class=\"wp-block-paragraph\">Daniel Ricciardo vai come\u00e7ar o GP da It\u00e1lia em boa posi\u00e7\u00e3o para pontuar! Numa temporada bastante dif\u00edcil, o piloto australiano conseguiu ir ao Q3 com a McLaren na <strong><a href=\"https:\/\/www.grandepremio.com\/br\/f1\/noticias\/charles-leclerc-ombros-punicoes-conquista-pole-italia-formula-1\/\" class=\"ek-link\">classifica\u00e7\u00e3o em Monza<\/a><\/strong>, neste s\u00e1bado (10). Com as <strong><a href=\"https:\/\/www.grandepremio.com\/br\/f1\/noticias\/saiba-como-fica-grid-gp-italia-punicoes-trocas-motor-cambio\/\" class=\"ek-link\">puni\u00e7\u00f5es pelo grid<\/a><\/strong>, <strong><a href=\"https:\/\/www.grandepremio.com\/br\/f1\/noticias\/f1-punidos-grid-provisorio-italia-max-verstappen-7o\/\" class=\"ek-link\">larga no quarto lugar<\/a><\/strong>. Um al\u00edvio que fica claro nas palavras do futuro demitido.<\/p>\n\n\n\n<p class=\"wp-block-paragraph\">De acordo com Ricciardo, vale a comemora\u00e7\u00e3o por sair onde est\u00e1: ao lado dele, em terceiro, Lando Norris conclui a primeira fila para a McLaren. Mesmo num dia positivo, o australiano ainda admite que tem seus desencontros com o b\u00f3lido laranja.<\/p>\n\n\n\n<p class=\"wp-block-paragraph\">&#8220;Estou feliz com o Q3 que fiz e por estar dentro da zona de pontos novamente. J\u00e1 faz um tempo, ent\u00e3o gosto disso. A volta do Q3 foi certamente dif\u00edcil enquanto eu tentava tirar alguns d\u00e9cimos a mais&#8221;, afirmou.<\/p>\n\n\n\n<p class=\"wp-block-paragraph\"><strong>\u25b6\ufe0f\u00a0Inscreva-se nos dois canais do GRANDE PR\u00caMIO no YouTube:\u00a0<a href=\"https:\/\/www.youtube.com\/channel\/UC9OlHEgxoaY6QY6nWPoiqQg?sub_confirmation=1\" target=\"_blank\" rel=\"noreferrer noopener\">GP<\/a>\u00a0|\u00a0<a href=\"https:\/\/www.youtube.com\/channel\/UC9csiS6q_C3C0FYhyr1rnFA?sub_confirmation=1\" target=\"_blank\" rel=\"noreferrer noopener\">GP2<\/a><\/strong><br><strong>\u25b6\ufe0f\u00a0<a href=\"https:\/\/www.twitch.tv\/grandepremio\" target=\"_blank\" rel=\"noreferrer noopener\" class=\"ek-link\">Conhe\u00e7a o canal do GRANDE PR\u00caMIO na Twitch clicando aqui!<\/a><\/strong><\/p>\n\n\n\n<figure class=\"wp-block-image size-large\"><img decoding=\"async\" src=\"https:\/\/www.grandepremio.com\/br\/wp-content\/uploads\/2022\/09\/mclaren-danielricciardo-03-1024x683.jpg\" alt=\"\" class=\"wp-image-613152\"\/><figcaption>Daniel Ricciardo terminou o dia contente por ter ido ao Q3 (Foto: McLaren)<\/figcaption><\/figure>\n\n\n\n<p class=\"wp-block-paragraph\">&#8220;Ainda \u00e9 complicado para mim me dar bem com o carro no limite e saber o que vai acontecer na pr\u00f3xima curva, mas fiquei feliz com o Q1 e o Q2. Nossas voltas foram boas. Ainda ganhamos posi\u00e7\u00f5es no grid de largada por conta das puni\u00e7\u00f5es&#8221;, continuou.<\/p>\n\n\n\n<p class=\"wp-block-paragraph\">&#8220;Terminamos a classifica\u00e7\u00e3o num lugar melhor do que passamos o restante do fim de semana. \u00c9 muito bom que tenhamos acertado isso. Fizemos algumas mudan\u00e7as e, espero, teremos um carro r\u00e1pido amanh\u00e3&#8221;, finalizou.<\/p>\n\n\n\n<p class=\"wp-block-paragraph\">O\u00a0<strong>GRANDE PR\u00caMIO<\/strong>\u00a0acompanha\u00a0<a href=\"https:\/\/www.grandepremio.com\/br\/f1\/ao-vivo\"><strong>AO VIVO<\/strong>\u00a0e\u00a0<strong>EM\u00a0<\/strong><\/a><strong><a href=\"https:\/\/www.grandepremio.com\/br\/ao-vivo\/\" target=\"_blank\" rel=\"noreferrer noopener\">TEMPO REAL<\/a><\/strong>\u00a0todas as atividades do GP da It\u00e1lia de\u00a0<a href=\"https:\/\/www.grandepremio.com\/formula-1\/\" target=\"_blank\" rel=\"noreferrer noopener\">F\u00f3rmula 1<\/a>. No domingo, a corrida come\u00e7a \u00e0s 10h (de Bras\u00edlia, GMT-3).<\/p>\n\n\n\n<figure class=\"wp-block-embed is-type-rich is-provider-spotify wp-block-embed-spotify wp-embed-aspect-21-9 wp-has-aspect-ratio\"><div class=\"wp-block-embed__wrapper\">\n<iframe title=\"Spotify Embed: Paddockast #164: Felipe Drugovich vai estar na F1 2023?\" style=\"border-radius: 12px\" width=\"100%\" height=\"152\" frameborder=\"0\" allowfullscreen allow=\"autoplay; clipboard-write; encrypted-media; fullscreen; picture-in-picture\" loading=\"lazy\" src=\"https:\/\/open.spotify.com\/embed\/episode\/5LlNdCd0iiOGRpean127MS?utm_source=oembed\"><\/iframe>\n<\/div><figcaption>Paddockast #164: Felipe Drugovich vai estar na F1 2023?<\/figcaption><\/figure>\n","protected":false},"excerpt":{"rendered":"<p>Daniel Ricciardo conseguiu entrar no Q3 e disputar a fase final da classifica\u00e7\u00e3o. O suficiente para garantir o quarto lugar com as puni\u00e7\u00f5es no grid<\/p>\n","protected":false},"author":0,"featured_media":1000613118,"comment_status":"closed","ping_status":"closed","sticky":false,"template":"","format":"standard","meta":{"42wp_featured_image_caption":"","42wp_featured_image_credits":"","42wp_featured_video":"","42wp_featured_image_hidden":false,"42wp_authors_list":[],"footnotes":""},"categories":[2],"tags":[211,1357,26841,24898,32395,1491,28285,28045,90,32394,26054],"42wp_author":[47120],"class_list":["post-109019","post","type-post","status-publish","format-standard","has-post-thumbnail","hentry","category-f1","tag-daniel-ricciardo","tag-f1-2022","tag-formula-1-2022","tag-gp-da-italia","tag-gp-de-monza-f1","tag-grande-premio","tag-grandepremio","tag-italia-f1","tag-mclaren","tag-monza-f1","tag-punicoes","42wp_author-pedro-henrique-marum"],"_links":{"self":[{"href":"https:\/\/grandepremio.com\/br\/wp-json\/wp\/v2\/posts\/109019","targetHints":{"allow":["GET"]}}],"collection":[{"href":"https:\/\/grandepremio.com\/br\/wp-json\/wp\/v2\/posts"}],"about":[{"href":"https:\/\/grandepremio.com\/br\/wp-json\/wp\/v2\/types\/post"}],"replies":[{"embeddable":true,"href":"https:\/\/grandepremio.com\/br\/wp-json\/wp\/v2\/comments?post=109019"}],"version-history":[{"count":0,"href":"https:\/\/grandepremio.com\/br\/wp-json\/wp\/v2\/posts\/109019\/revisions"}],"wp:featuredmedia":[{"embeddable":true,"href":"https:\/\/grandepremio.com\/br\/wp-json\/wp\/v2\/media\/1000613118"}],"wp:attachment":[{"href":"https:\/\/grandepremio.com\/br\/wp-json\/wp\/v2\/media?parent=109019"}],"wp:term":[{"taxonomy":"category","embeddable":true,"href":"https:\/\/grandepremio.com\/br\/wp-json\/wp\/v2\/categories?post=109019"},{"taxonomy":"post_tag","embeddable":true,"href":"https:\/\/grandepremio.com\/br\/wp-json\/wp\/v2\/tags?post=109019"},{"taxonomy":"42wp_author","embeddable":true,"href":"https:\/\/grandepremio.com\/br\/wp-json\/wp\/v2\/42wp_author?post=109019"}],"curies":[{"name":"wp","href":"https:\/\/api.w.org\/{rel}","templated":true}]}}