{"id":109038,"date":"2022-09-10T12:49:02","date_gmt":"2022-09-10T15:49:02","guid":{"rendered":"https:\/\/grandepremio.com\/br\/noticias\/max-verstappen-fala-manter-distancia-problemas-largada-festeja-top-3-italia\/"},"modified":"2022-09-10T16:11:44","modified_gmt":"2022-09-10T19:11:44","slug":"max-verstappen-fala-manter-distancia-problemas-largada-festeja-top-3-italia","status":"publish","type":"post","link":"https:\/\/grandepremio.com\/br\/f1\/max-verstappen-fala-manter-distancia-problemas-largada-festeja-top-3-italia\/","title":{"rendered":"Verstappen fala em manter dist\u00e2ncia de problemas na largada e festeja top-3 na It\u00e1lia"},"content":{"rendered":"\n<figure class=\"wp-block-embed is-type-video is-provider-youtube wp-block-embed-youtube wp-embed-aspect-16-9 wp-has-aspect-ratio\"><div class=\"wp-block-embed__wrapper\">\n<iframe loading=\"lazy\" title=\"F1 2022:  LECLERC \u00c9 POLE EM MONZA. COMO FICA O GRID DO GP DA IT\u00c1LIA? | Briefing\" width=\"500\" height=\"281\" src=\"https:\/\/www.youtube.com\/embed\/6v1k9q7Yapw?feature=oembed\" frameborder=\"0\" allow=\"accelerometer; autoplay; clipboard-write; encrypted-media; gyroscope; picture-in-picture; web-share\" referrerpolicy=\"strict-origin-when-cross-origin\" allowfullscreen><\/iframe>\n<\/div><\/figure>\n\n\n\n<p class=\"wp-block-paragraph\">Max Verstappen ainda tentou criar um suspenso no fim da classifica\u00e7\u00e3o deste s\u00e1bado (10) em Monza, palco do GP da It\u00e1lia, mas acabou mesmo o Q3 com a segunda melhor marca. A Red Bull optou por um acerto diferente, e isso tirou velocidade de reta. Ainda assim, o holand\u00eas ficou muito pr\u00f3ximo do pole Charles Leclerc. S\u00f3 que, como ter\u00e1 de cumprir uma puni\u00e7\u00e3o de 5 posi\u00e7\u00f5es por conta de uma troca dos elementos do motor, Max vai largar do s\u00e9timo posto do grid. <\/p>\n\n\n\n<p class=\"wp-block-paragraph\"><a href=\"https:\/\/www.grandepremio.com\/br\/f1\/noticias\/charles-leclerc-ombros-punicoes-conquista-pole-italia-formula-1\/\" class=\"ek-link\">O campe\u00e3o mundial ficou a apenas 0s145 do <\/a>topo e foi al\u00e9m: est\u00e1 satisfeito com o acerto encontrado pela Red Bull para a sess\u00e3o deste s\u00e1bado.<\/p>\n\n\n\n<p class=\"wp-block-paragraph\">&#8220;Foi muito pr\u00f3ximo no geral, porque escolhemos usar mais downforce [do que costuma acontecer] aqui em Monza. No geral, uma boa volta. Gostei do fim de semana at\u00e9 agora&#8221;, afirmou.<\/p>\n\n\n\n<figure class=\"wp-block-image size-large\"><img decoding=\"async\" src=\"https:\/\/www.grandepremio.com\/br\/wp-content\/uploads\/2022\/09\/redbull-maxverstappen-02-9-1024x683.jpg\" alt=\"\" class=\"wp-image-613126\"\/><figcaption>Max Verstappen vai largar em terceiro no GP da It\u00e1lia (Foto: Red Bull Content Pool)<\/figcaption><\/figure>\n\n\n\n<p class=\"wp-block-paragraph\">L\u00edder da temporada com 310 pontos e 109 de vantagem para o segundo no Mundial de Pilotos, Verstappen sabe o que fazer para obter a 11\u00aa vit\u00f3ria na temporada e espera uma batalha interessante com o piloto da Ferrari. <\/p>\n\n\n\n<p class=\"wp-block-paragraph\"><strong>\u25b6\ufe0f&nbsp;Inscreva-se nos dois canais do GRANDE PR\u00caMIO no YouTube:&nbsp;<a href=\"https:\/\/www.youtube.com\/channel\/UC9OlHEgxoaY6QY6nWPoiqQg?sub_confirmation=1\" target=\"_blank\" rel=\"noreferrer noopener\">GP<\/a>&nbsp;|&nbsp;<a href=\"https:\/\/www.youtube.com\/channel\/UC9csiS6q_C3C0FYhyr1rnFA?sub_confirmation=1\" target=\"_blank\" rel=\"noreferrer noopener\">GP2<\/a><\/strong><br><strong>\u25b6\ufe0f&nbsp;<a href=\"https:\/\/www.twitch.tv\/grandepremio\" target=\"_blank\" rel=\"noreferrer noopener\">Conhe\u00e7a o canal do GRANDE PR\u00caMIO na Twitch clicando aqui!<\/a><\/strong><\/p>\n\n\n\n<p class=\"wp-block-paragraph\">&#8220;Amanh\u00e3 podemos ficar bem fortes. Quero fugir de problemas na largada e come\u00e7ar a trabalhar meu caminho para avan\u00e7ar na corrida&#8221;, finalizou. <\/p>\n\n\n\n<p class=\"wp-block-paragraph\">O&nbsp;<strong>GRANDE PR\u00caMIO<\/strong>&nbsp;acompanha&nbsp;<a href=\"https:\/\/www.grandepremio.com\/br\/f1\/ao-vivo\"><strong>AO VIVO<\/strong>&nbsp;e&nbsp;<strong>EM&nbsp;<\/strong><\/a><strong><a href=\"https:\/\/www.grandepremio.com\/br\/ao-vivo\/\" target=\"_blank\" rel=\"noreferrer noopener\">TEMPO REAL<\/a><\/strong>&nbsp;todas as atividades do GP da It\u00e1lia de&nbsp;<a href=\"https:\/\/www.grandepremio.com\/formula-1\/\" target=\"_blank\" rel=\"noreferrer noopener\">F\u00f3rmula 1<\/a>. No domingo, a corrida come\u00e7a \u00e0s 10h (de Bras\u00edlia, GMT-3).<\/p>\n","protected":false},"excerpt":{"rendered":"<p>Max Verstappen bem que tentou amea\u00e7ar o melhor tempo de Charles Leclerc na fase final da classifica\u00e7\u00e3o do GP da It\u00e1lia, mas acabou mesmo pouco mais de 0s1 atr\u00e1s. Apesar da performance, o holand\u00eas ter\u00e1 de cumprir uma puni\u00e7\u00e3o e vai largar em s\u00e9timo em Monza<\/p>\n","protected":false},"author":0,"featured_media":1000613127,"comment_status":"closed","ping_status":"closed","sticky":false,"template":"","format":"standard","meta":{"42wp_featured_image_caption":"","42wp_featured_image_credits":"","42wp_featured_video":"","42wp_featured_image_hidden":false,"42wp_authors_list":[],"footnotes":""},"categories":[2],"tags":[209,1357,207,26841,32404,28045,203,1737,204],"42wp_author":[47128],"class_list":["post-109038","post","type-post","status-publish","format-standard","has-post-thumbnail","hentry","category-f1","tag-charles-leclerc","tag-f1-2022","tag-ferrari","tag-formula-1-2022","tag-gp-da-italia-2022","tag-italia-f1","tag-max-verstappen","tag-monza","tag-red-bull","42wp_author-guilherme-bloisi"],"_links":{"self":[{"href":"https:\/\/grandepremio.com\/br\/wp-json\/wp\/v2\/posts\/109038","targetHints":{"allow":["GET"]}}],"collection":[{"href":"https:\/\/grandepremio.com\/br\/wp-json\/wp\/v2\/posts"}],"about":[{"href":"https:\/\/grandepremio.com\/br\/wp-json\/wp\/v2\/types\/post"}],"replies":[{"embeddable":true,"href":"https:\/\/grandepremio.com\/br\/wp-json\/wp\/v2\/comments?post=109038"}],"version-history":[{"count":0,"href":"https:\/\/grandepremio.com\/br\/wp-json\/wp\/v2\/posts\/109038\/revisions"}],"wp:featuredmedia":[{"embeddable":true,"href":"https:\/\/grandepremio.com\/br\/wp-json\/wp\/v2\/media\/1000613127"}],"wp:attachment":[{"href":"https:\/\/grandepremio.com\/br\/wp-json\/wp\/v2\/media?parent=109038"}],"wp:term":[{"taxonomy":"category","embeddable":true,"href":"https:\/\/grandepremio.com\/br\/wp-json\/wp\/v2\/categories?post=109038"},{"taxonomy":"post_tag","embeddable":true,"href":"https:\/\/grandepremio.com\/br\/wp-json\/wp\/v2\/tags?post=109038"},{"taxonomy":"42wp_author","embeddable":true,"href":"https:\/\/grandepremio.com\/br\/wp-json\/wp\/v2\/42wp_author?post=109038"}],"curies":[{"name":"wp","href":"https:\/\/api.w.org\/{rel}","templated":true}]}}