{"id":109039,"date":"2022-09-10T12:48:54","date_gmt":"2022-09-10T15:48:54","guid":{"rendered":"https:\/\/grandepremio.com\/br\/noticias\/sergio-perez-pede-boa-estrategia-ve-charles-leclerc-otima-posicao-italia\/"},"modified":"2022-09-10T16:15:19","modified_gmt":"2022-09-10T19:15:19","slug":"sergio-perez-pede-boa-estrategia-ve-charles-leclerc-otima-posicao-italia","status":"publish","type":"post","link":"https:\/\/grandepremio.com\/br\/f1\/sergio-perez-pede-boa-estrategia-ve-charles-leclerc-otima-posicao-italia\/","title":{"rendered":"P\u00e9rez pede boa estrat\u00e9gia para Red Bull e v\u00ea Leclerc &#8220;em \u00f3tima posi\u00e7\u00e3o&#8221; na It\u00e1lia"},"content":{"rendered":"\n<figure class=\"wp-block-embed is-type-video is-provider-youtube wp-block-embed-youtube wp-embed-aspect-16-9 wp-has-aspect-ratio\"><div class=\"wp-block-embed__wrapper\">\n<iframe loading=\"lazy\" title=\"F1 2022:  LECLERC \u00c9 POLE EM MONZA. COMO FICA O GRID DO GP DA IT\u00c1LIA? | Briefing\" width=\"500\" height=\"281\" src=\"https:\/\/www.youtube.com\/embed\/6v1k9q7Yapw?feature=oembed\" frameborder=\"0\" allow=\"accelerometer; autoplay; clipboard-write; encrypted-media; gyroscope; picture-in-picture; web-share\" referrerpolicy=\"strict-origin-when-cross-origin\" allowfullscreen><\/iframe>\n<\/div><figcaption>TUDO SOBRE A CLASSIFICA\u00c7\u00c3O DA F1 NA IT\u00c1LIA | Briefing<\/figcaption><\/figure>\n\n\n\n<p class=\"wp-block-paragraph\">O fim de semana de Sergio P\u00e9rez em Monza, at\u00e9 agora, n\u00e3o \u00e9 exatamente brilhante. Sem nunca sequer se aproximar de Max Verstappen, o mexicano est\u00e1 longe de impressionar, mas tamb\u00e9m n\u00e3o justifica largar da 13\u00aa coloca\u00e7\u00e3o. Na pista, na manh\u00e3 deste s\u00e1bado (10), <a href=\"https:\/\/www.grandepremio.com\/br\/f1\/noticias\/charles-leclerc-ombros-punicoes-conquista-pole-italia-formula-1\/\" class=\"ek-link\"><strong>foi o quarto colocado<\/strong><\/a>, mas, <strong><a href=\"https:\/\/www.grandepremio.com\/br\/f1\/noticias\/saiba-como-fica-grid-gp-italia-punicoes-trocas-motor-cambio\/\" class=\"ek-link\">por conta da puni\u00e7\u00e3o que carrega<\/a><\/strong> por troca de motor, despencou. Recuperar at\u00e9 \u00e9 poss\u00edvel, mas somente com t\u00e1tica correta.<\/p>\n\n\n\n<p class=\"wp-block-paragraph\">P\u00e9rez terminou o treino reconhecendo que Charles Leclerc tem posi\u00e7\u00e3o bastante privilegiada na corrida, j\u00e1 que ter\u00e1 George Russell e Lando Norris entre si e Verstappen na largada. Para o mexicano, \u00e9 necess\u00e1rio ser perfeito na estrat\u00e9gia e, assim, fazer valor o bom desempenho de corrida esperado pela equipe austr\u00edaca.<\/p>\n\n\n\n<p class=\"wp-block-paragraph\"><strong>\u25b6\ufe0f&nbsp;Inscreva-se nos dois canais do GRANDE PR\u00caMIO no YouTube:&nbsp;<a href=\"https:\/\/www.youtube.com\/channel\/UC9OlHEgxoaY6QY6nWPoiqQg?sub_confirmation=1\" target=\"_blank\" rel=\"noreferrer noopener\">GP<\/a>&nbsp;|&nbsp;<a href=\"https:\/\/www.youtube.com\/channel\/UC9csiS6q_C3C0FYhyr1rnFA?sub_confirmation=1\" target=\"_blank\" rel=\"noreferrer noopener\">GP2<\/a><\/strong><br><strong>\u25b6\ufe0f&nbsp;<a href=\"https:\/\/www.twitch.tv\/grandepremio\" target=\"_blank\" rel=\"noreferrer noopener\" class=\"ek-link\">Conhe\u00e7a o canal do GRANDE PR\u00caMIO na Twitch clicando aqui!<\/a><\/strong><\/p>\n\n\n\n<figure class=\"wp-block-image size-large\"><img decoding=\"async\" src=\"https:\/\/www.grandepremio.com\/br\/wp-content\/uploads\/2022\/09\/redbull-sergioperez-02-7-1024x752.jpg\" alt=\"\" class=\"wp-image-613129\"\/><figcaption>Sergio P\u00e9rez: p\u00f3dio s\u00f3 com boa estrat\u00e9gia (Foto: Red Bull Content Pool)<\/figcaption><\/figure>\n\n\n\n<p class=\"wp-block-paragraph\">&#8220;Certamente, Charles est\u00e1 numa \u00f3tima posi\u00e7\u00e3o, mas vou tentar me recuperar a partir do lugar onde estou. Avan\u00e7ar ser\u00e1 muito importante para nossa corrida aqui em Monza&#8221;, pontuou.<\/p>\n\n\n\n<p class=\"wp-block-paragraph\">&#8220;Da posi\u00e7\u00e3o em que estou, \u00e9 necess\u00e1rio ter boa estrat\u00e9gia para que d\u00ea para usar o ritmo que temos. Isso ser\u00e1 muito importante para n\u00f3s&#8221;, finalizou.<\/p>\n\n\n\n<p class=\"wp-block-paragraph\">O&nbsp;<strong>GRANDE PR\u00caMIO<\/strong>&nbsp;acompanha&nbsp;<a href=\"https:\/\/www.grandepremio.com\/br\/f1\/ao-vivo\"><strong>AO VIVO<\/strong>&nbsp;e&nbsp;<strong>EM&nbsp;<\/strong><\/a><strong><a href=\"https:\/\/www.grandepremio.com\/br\/ao-vivo\/\" target=\"_blank\" rel=\"noreferrer noopener\">TEMPO REAL<\/a><\/strong>&nbsp;todas as atividades do GP da It\u00e1lia de&nbsp;<a href=\"https:\/\/www.grandepremio.com\/formula-1\/\" target=\"_blank\" rel=\"noreferrer noopener\">F\u00f3rmula 1<\/a>. No domingo, a corrida come\u00e7a \u00e0s 10h (de Bras\u00edlia, GMT-3).<\/p>\n\n\n\n<figure class=\"wp-block-embed is-type-rich is-provider-spotify wp-block-embed-spotify wp-embed-aspect-21-9 wp-has-aspect-ratio\"><div class=\"wp-block-embed__wrapper\">\n<iframe title=\"Spotify Embed: Paddockast #164: Felipe Drugovich vai estar na F1 2023?\" style=\"border-radius: 12px\" width=\"100%\" height=\"152\" frameborder=\"0\" allowfullscreen allow=\"autoplay; clipboard-write; encrypted-media; fullscreen; picture-in-picture\" loading=\"lazy\" src=\"https:\/\/open.spotify.com\/embed\/episode\/5LlNdCd0iiOGRpean127MS?utm_source=oembed\"><\/iframe>\n<\/div><figcaption>Paddockast #164: Felipe Drugovich vai estar na F1 2023?<\/figcaption><\/figure>\n","protected":false},"excerpt":{"rendered":"<p>Sergio P\u00e9rez terminou a classifica\u00e7\u00e3o para o GP da It\u00e1lia com o quarto posto, mas vai largar somente na 13\u00aa coloca\u00e7\u00e3o por estar punido<\/p>\n","protected":false},"author":0,"featured_media":1000613132,"comment_status":"closed","ping_status":"closed","sticky":false,"template":"","format":"standard","meta":{"42wp_featured_image_caption":"","42wp_featured_image_credits":"","42wp_featured_video":"","42wp_featured_image_hidden":false,"42wp_authors_list":[],"footnotes":""},"categories":[2],"tags":[209,1357,207,26841,24898,32395,1491,28285,28045,32394,204,3132],"42wp_author":[47120],"class_list":["post-109039","post","type-post","status-publish","format-standard","has-post-thumbnail","hentry","category-f1","tag-charles-leclerc","tag-f1-2022","tag-ferrari","tag-formula-1-2022","tag-gp-da-italia","tag-gp-de-monza-f1","tag-grande-premio","tag-grandepremio","tag-italia-f1","tag-monza-f1","tag-red-bull","tag-sergio-perez","42wp_author-pedro-henrique-marum"],"_links":{"self":[{"href":"https:\/\/grandepremio.com\/br\/wp-json\/wp\/v2\/posts\/109039","targetHints":{"allow":["GET"]}}],"collection":[{"href":"https:\/\/grandepremio.com\/br\/wp-json\/wp\/v2\/posts"}],"about":[{"href":"https:\/\/grandepremio.com\/br\/wp-json\/wp\/v2\/types\/post"}],"replies":[{"embeddable":true,"href":"https:\/\/grandepremio.com\/br\/wp-json\/wp\/v2\/comments?post=109039"}],"version-history":[{"count":0,"href":"https:\/\/grandepremio.com\/br\/wp-json\/wp\/v2\/posts\/109039\/revisions"}],"wp:featuredmedia":[{"embeddable":true,"href":"https:\/\/grandepremio.com\/br\/wp-json\/wp\/v2\/media\/1000613132"}],"wp:attachment":[{"href":"https:\/\/grandepremio.com\/br\/wp-json\/wp\/v2\/media?parent=109039"}],"wp:term":[{"taxonomy":"category","embeddable":true,"href":"https:\/\/grandepremio.com\/br\/wp-json\/wp\/v2\/categories?post=109039"},{"taxonomy":"post_tag","embeddable":true,"href":"https:\/\/grandepremio.com\/br\/wp-json\/wp\/v2\/tags?post=109039"},{"taxonomy":"42wp_author","embeddable":true,"href":"https:\/\/grandepremio.com\/br\/wp-json\/wp\/v2\/42wp_author?post=109039"}],"curies":[{"name":"wp","href":"https:\/\/api.w.org\/{rel}","templated":true}]}}