{"id":109041,"date":"2022-09-10T12:29:55","date_gmt":"2022-09-10T15:29:55","guid":{"rendered":"https:\/\/grandepremio.com\/br\/noticias\/carlos-sainz-punicao-monza-doi-promete-bom-show-escalar-pelotao\/"},"modified":"2022-09-10T12:32:29","modified_gmt":"2022-09-10T15:32:29","slug":"carlos-sainz-punicao-monza-doi-promete-bom-show-escalar-pelotao","status":"publish","type":"post","link":"https:\/\/grandepremio.com\/br\/f1\/carlos-sainz-punicao-monza-doi-promete-bom-show-escalar-pelotao\/","title":{"rendered":"Sainz diz que puni\u00e7\u00e3o em Monza &#8220;d\u00f3i&#8221;, mas promete &#8220;bom show para escalar pelot\u00e3o&#8221;"},"content":{"rendered":"\n<figure class=\"wp-block-embed is-type-video is-provider-youtube wp-block-embed-youtube wp-embed-aspect-16-9 wp-has-aspect-ratio\"><div class=\"wp-block-embed__wrapper\">\n<iframe loading=\"lazy\" title=\"F1 2022:  LECLERC \u00c9 POLE EM MONZA. COMO FICA O GRID DO GP DA IT\u00c1LIA? | Briefing\" width=\"500\" height=\"281\" src=\"https:\/\/www.youtube.com\/embed\/6v1k9q7Yapw?feature=oembed\" frameborder=\"0\" allow=\"accelerometer; autoplay; clipboard-write; encrypted-media; gyroscope; picture-in-picture; web-share\" referrerpolicy=\"strict-origin-when-cross-origin\" allowfullscreen><\/iframe>\n<\/div><figcaption>F1 2022: LECLERC \u00c9 POLE EM MONZA. COMO FICA O GRID DO GP DA IT\u00c1LIA? | Briefing<\/figcaption><\/figure>\n\n\n\n<p class=\"wp-block-paragraph\">Carlos Sainz terminou o treino classificat\u00f3rio da F\u00f3rmula 1 para o GP da It\u00e1lia, deste s\u00e1bado (10), na terceira coloca\u00e7\u00e3o. Entretanto, o tempo de 1min20s429 n\u00e3o garantiu ao espanhol a posi\u00e7\u00e3o na segunda fila do grid de largada para a corrida. <\/p>\n\n\n\n<p class=\"wp-block-paragraph\">Isso porque o piloto da Ferrari trocou componentes da unidade de pot\u00eancia al\u00e9m do permitido \u2014 entre eles motor a combust\u00e3o interna, turbo, MGU-H, MGU-K, bateria e central eletr\u00f4nica. Assim como Yuki Tsunoda e Lewis Hamilton, Sainz recebeu puni\u00e7\u00e3o de fundo do grid.<\/p>\n\n\n\n<p class=\"wp-block-paragraph\"><strong>LEIA TAMB\u00c9M<br>+ <a href=\"https:\/\/www.grandepremio.com\/br\/f1\/noticias\/saiba-como-fica-grid-gp-italia-punicoes-trocas-motor-cambio\/\" class=\"ek-link\">Saiba como fica grid do GP da It\u00e1lia ap\u00f3s puni\u00e7\u00f5es por trocas de motor e c\u00e2mbio<\/a><\/strong><\/p>\n\n\n\n<figure class=\"wp-block-image size-large\"><img decoding=\"async\" src=\"https:\/\/www.grandepremio.com\/br\/wp-content\/uploads\/2022\/09\/ferrari-carlossainz-01-7-1024x683.jpg\" alt=\"\" class=\"wp-image-613148\"\/><figcaption>Carlos Sainz (Foto: Ferrari)<\/figcaption><\/figure>\n\n\n\n<p class=\"wp-block-paragraph\">Por terminar a classifica\u00e7\u00e3o \u00e0 frente do piloto da Mercedes e o da AlphaTauri, o espanhol, portanto, ir\u00e1 partir da 18\u00aa coloca\u00e7\u00e3o. Ap\u00f3s a disputa do s\u00e1bado, Sainz n\u00e3o conseguiu esconder: especialmente por ser em Monza, considerando todo o contexto, a penaliza\u00e7\u00e3o machuca na alma. <\/p>\n\n\n\n<p class=\"wp-block-paragraph\">&#8220;N\u00e3o vou mentir: d\u00f3i largar do fundo do grid amanh\u00e3, especialmente com o qu\u00e3o competitivo o carro est\u00e1 neste fim de semana e qu\u00e3o bem me sinto nele \u2014 especialmente ap\u00f3s esta classifica\u00e7\u00e3o. Vou tentar dar o meu melhor e dar um bom show para escalar o pelot\u00e3o, porque temos ritmo para isso. Mas gostaria de estar \u00e0 frente, com Charles, para tentar fazer uma dobradinha para os <em>tifosi<\/em>&#8220;, revelou o espanhol.<\/p>\n\n\n\n<p class=\"wp-block-paragraph\">Falando sobre o desempenho na classifica\u00e7\u00e3o em si, Sainz reiterou o qu\u00e3o bem se sentiu na F1-75 neste s\u00e1bado. O\u00a0<strong>GRANDE PR\u00caMIO<\/strong>\u00a0acompanha\u00a0<a href=\"https:\/\/www.grandepremio.com\/br\/f1\/ao-vivo\"><strong>AO VIVO<\/strong>\u00a0e\u00a0<strong>EM\u00a0<\/strong><\/a><strong><a href=\"https:\/\/www.grandepremio.com\/br\/ao-vivo\/\" target=\"_blank\" rel=\"noreferrer noopener\">TEMPO REAL<\/a><\/strong>\u00a0todas as atividades do GP da It\u00e1lia de\u00a0F\u00f3rmula 1.<\/p>\n\n\n\n<p class=\"wp-block-paragraph\"><strong>\u25b6\ufe0f\u00a0Inscreva-se nos dois canais do GRANDE PR\u00caMIO no YouTube:\u00a0<a href=\"https:\/\/www.youtube.com\/channel\/UC9OlHEgxoaY6QY6nWPoiqQg?sub_confirmation=1\" target=\"_blank\" rel=\"noreferrer noopener\">GP<\/a>\u00a0|\u00a0<a href=\"https:\/\/www.youtube.com\/channel\/UC9csiS6q_C3C0FYhyr1rnFA?sub_confirmation=1\" target=\"_blank\" rel=\"noreferrer noopener\">GP2<\/a><\/strong><br><strong>\u25b6\ufe0f\u00a0<a href=\"https:\/\/www.twitch.tv\/grandepremio\" target=\"_blank\" rel=\"noreferrer noopener\">Conhe\u00e7a o canal do GRANDE PR\u00caMIO na Twitch clicando aqui!<\/a><\/strong><\/p>\n\n\n\n<p class=\"wp-block-paragraph\">&#8220;Honestamente, foi um treino classificat\u00f3rio muito bom. Estava me sentindo muito bem e pisei fundo no Q1 e Q2. No Q3, tive que dar o v\u00e1cuo e isso provavelmente me custou os 2, 3 d\u00e9cimos para brigar pela pole-position. Mas vou largar do fundo de qualquer maneira amanh\u00e3, ent\u00e3o n\u00e3o \u00e9 como se mudasse a minha vida&#8221;, disse.<\/p>\n\n\n\n<p class=\"wp-block-paragraph\">&#8220;Mas sim, uma volta muito boa. Tive que tomar alguns riscos para compensar a falta de v\u00e1cuo. Estava r\u00e1pido em todas as curvas, mas mais lento nas retas. No fim, n\u00e3o melhorei muito&#8221;, completou o piloto da Ferrari.<\/p>\n\n\n\n<figure class=\"wp-block-embed is-type-rich is-provider-spotify wp-block-embed-spotify wp-embed-aspect-21-9 wp-has-aspect-ratio\"><div class=\"wp-block-embed__wrapper\">\n<iframe title=\"Spotify Embed: Paddockast #164: Felipe Drugovich vai estar na F1 2023?\" style=\"border-radius: 12px\" width=\"100%\" height=\"152\" frameborder=\"0\" allowfullscreen allow=\"autoplay; clipboard-write; encrypted-media; fullscreen; picture-in-picture\" loading=\"lazy\" src=\"https:\/\/open.spotify.com\/embed\/episode\/5LlNdCd0iiOGRpean127MS?utm_source=oembed\"><\/iframe>\n<\/div><\/figure>\n","protected":false},"excerpt":{"rendered":"<p>Piloto da Ferrari ir\u00e1 largar em 18\u00ba, ap\u00f3s trocar componentes do motor de sua F1-75. Espanhol ressaltou ritmo e &#8220;qu\u00e3o bem me senti&#8221; na classifica\u00e7\u00e3o para o GP da It\u00e1lia<\/p>\n","protected":false},"author":0,"featured_media":1000613150,"comment_status":"closed","ping_status":"closed","sticky":false,"template":"","format":"standard","meta":{"42wp_featured_image_caption":"","42wp_featured_image_credits":"","42wp_featured_video":"","42wp_featured_image_hidden":false,"42wp_authors_list":[],"footnotes":""},"categories":[2],"tags":[546,147,1357,207,180,26841,24898,32404,26105,29256,1491,28285,1737,7672],"42wp_author":[47143],"class_list":["post-109041","post","type-post","status-publish","format-standard","has-post-thumbnail","hentry","category-f1","tag-carlos-sainz","tag-f1","tag-f1-2022","tag-ferrari","tag-formula-1","tag-formula-1-2022","tag-gp-da-italia","tag-gp-da-italia-2022","tag-gp-da-italia-de-f1","tag-gp-da-italia-de-formula-1","tag-grande-premio","tag-grandepremio","tag-monza","tag-sainz","42wp_author-felipe-leite"],"_links":{"self":[{"href":"https:\/\/grandepremio.com\/br\/wp-json\/wp\/v2\/posts\/109041","targetHints":{"allow":["GET"]}}],"collection":[{"href":"https:\/\/grandepremio.com\/br\/wp-json\/wp\/v2\/posts"}],"about":[{"href":"https:\/\/grandepremio.com\/br\/wp-json\/wp\/v2\/types\/post"}],"replies":[{"embeddable":true,"href":"https:\/\/grandepremio.com\/br\/wp-json\/wp\/v2\/comments?post=109041"}],"version-history":[{"count":0,"href":"https:\/\/grandepremio.com\/br\/wp-json\/wp\/v2\/posts\/109041\/revisions"}],"wp:featuredmedia":[{"embeddable":true,"href":"https:\/\/grandepremio.com\/br\/wp-json\/wp\/v2\/media\/1000613150"}],"wp:attachment":[{"href":"https:\/\/grandepremio.com\/br\/wp-json\/wp\/v2\/media?parent=109041"}],"wp:term":[{"taxonomy":"category","embeddable":true,"href":"https:\/\/grandepremio.com\/br\/wp-json\/wp\/v2\/categories?post=109041"},{"taxonomy":"post_tag","embeddable":true,"href":"https:\/\/grandepremio.com\/br\/wp-json\/wp\/v2\/tags?post=109041"},{"taxonomy":"42wp_author","embeddable":true,"href":"https:\/\/grandepremio.com\/br\/wp-json\/wp\/v2\/42wp_author?post=109041"}],"curies":[{"name":"wp","href":"https:\/\/api.w.org\/{rel}","templated":true}]}}