{"id":109054,"date":"2022-09-10T06:30:00","date_gmt":"2022-09-10T09:30:00","guid":{"rendered":"https:\/\/grandepremio.com\/br\/noticias\/formula-1-realiza-classificacao-italia-sol-calor-monza\/"},"modified":"2022-09-10T06:58:29","modified_gmt":"2022-09-10T09:58:29","slug":"formula-1-realiza-classificacao-italia-sol-calor-monza","status":"publish","type":"post","link":"https:\/\/grandepremio.com\/br\/f1\/formula-1-realiza-classificacao-italia-sol-calor-monza\/","title":{"rendered":"F\u00f3rmula 1 realiza classifica\u00e7\u00e3o do GP da It\u00e1lia com sol e calor em Monza"},"content":{"rendered":"\n<figure class=\"wp-block-embed is-type-video is-provider-youtube wp-block-embed-youtube wp-embed-aspect-16-9 wp-has-aspect-ratio\"><div class=\"wp-block-embed__wrapper\">\n<iframe loading=\"lazy\" title=\"F1 2022: SAINZ LIDERA EM MONZA. VERSTAPPEN \u00c9 2\u00ba. HERTA MERECE A SUPERLICEN\u00c7A? | Briefing\" width=\"500\" height=\"281\" src=\"https:\/\/www.youtube.com\/embed\/JPhCYdq4qTk?feature=oembed\" frameborder=\"0\" allow=\"accelerometer; autoplay; clipboard-write; encrypted-media; gyroscope; picture-in-picture; web-share\" referrerpolicy=\"strict-origin-when-cross-origin\" allowfullscreen><\/iframe>\n<\/div><figcaption>TUDO SOBRE A SEXTA-FEIRA DE TREINOS LIVRES DA F1 NA IT\u00c1LIA | Briefing<\/figcaption><\/figure>\n\n\n\n<p class=\"wp-block-paragraph\">\u00c9 dia de definir o grid de largada para o GP da It\u00e1lia de F\u00f3rmula 1. Diferente do que aconteceu na sexta-feira, com alguma possibilidade de chuva e expectativa de trov\u00f5es, este s\u00e1bado (10) n\u00e3o conta com nada parecido. A classifica\u00e7\u00e3o ser\u00e1 realizada com calor e sob c\u00e9u ensolarado.<\/p>\n\n\n\n<p class=\"wp-block-paragraph\">As informa\u00e7\u00f5es s\u00e3o do servi\u00e7o de meteorologia Accuweather. Segundo o ve\u00edculo, a expectativa para a classifica\u00e7\u00e3o, marcada para as 16h locais [11h de Bras\u00edlia, GMT-3], \u00e9 de c\u00e9u ensolarado entre algumas nuvens. No que diz respeito \u00e0 temperatura, 27\u00b0C e sensa\u00e7\u00e3o t\u00e9rmica de 28\u00b0C. Com esses n\u00fameros e sol, d\u00e1 para imaginar que o asfalto chegue aos 40\u00b0C.<\/p>\n\n\n\n<p class=\"wp-block-paragraph\"><strong>\u25b6\ufe0f&nbsp;Inscreva-se nos dois canais do GRANDE PR\u00caMIO no YouTube:&nbsp;<a href=\"https:\/\/www.youtube.com\/channel\/UC9OlHEgxoaY6QY6nWPoiqQg?sub_confirmation=1\" target=\"_blank\" rel=\"noreferrer noopener\">GP<\/a>&nbsp;|&nbsp;<a href=\"https:\/\/www.youtube.com\/channel\/UC9csiS6q_C3C0FYhyr1rnFA?sub_confirmation=1\" target=\"_blank\" rel=\"noreferrer noopener\">GP2<\/a><\/strong><br><strong>\u25b6\ufe0f&nbsp;<a href=\"https:\/\/www.twitch.tv\/grandepremio\" target=\"_blank\" rel=\"noreferrer noopener\">Conhe\u00e7a o canal do GRANDE PR\u00caMIO na Twitch clicando aqui!<\/a><\/strong><\/p>\n\n\n\n<figure class=\"wp-block-image size-large\"><img decoding=\"async\" src=\"https:\/\/www.grandepremio.com\/br\/wp-content\/uploads\/2022\/09\/mercedes-lewishamilton-afp-01-2-1024x683.jpg\" alt=\"\" class=\"wp-image-612707\"\/><figcaption>\u00c9 dia de classifica\u00e7\u00e3o na F1 (Foto: AFP)<\/figcaption><\/figure>\n\n\n\n<p class=\"wp-block-paragraph\"><strong>LEIA MAIS<br>+ Ferrari se vale de puni\u00e7\u00f5es e ganha nova chance. <a href=\"https:\/\/www.grandepremio.com\/br\/f1\/noticias\/ferrari-punicoes-nova-chance-mas-precisa-driblar-max-verstappen-italia\/\" class=\"ek-link\">Mas precisa driblar Verstappen<\/a><\/strong><\/p>\n\n\n\n<p class=\"wp-block-paragraph\">O que se espera para os ventos \u00e9 que estejam em 7 km\/h e rajadas de at\u00e9 11 km\/h, enquanto a umidade relativa do ar chega a 44%. Tudo isso para definir o grid numa etapa cheia de puni\u00e7\u00f5es, algo que vai criar certa confus\u00e3o entre a forma\u00e7\u00e3o da F\u00f3rmula 1 na pista e a realidade na tabela.<\/p>\n\n\n\n<p class=\"wp-block-paragraph\">Antes disso, o terceiro \u00faltimo livre, marcado para as 13h [8h de Bras\u00edlia], a temperatura esperada fica em 24\u00b0C e sensa\u00e7\u00e3o de 28\u00b0C. A for\u00e7a do vento esperada \u00e9 exatamente a mesma da classifica\u00e7\u00e3o, apenas com a umidade relativa do ar em 56%.<\/p>\n\n\n\n<p class=\"wp-block-paragraph\">O&nbsp;<strong>GRANDE PR\u00caMIO<\/strong>&nbsp;acompanha&nbsp;<a href=\"https:\/\/www.grandepremio.com\/br\/f1\/ao-vivo\"><strong>AO VIVO<\/strong>&nbsp;e&nbsp;<strong>E<\/strong><\/a><strong><a href=\"https:\/\/www.grandepremio.com\/br\/f1\/ao-vivo\">M&nbsp;TEMPO REAL<\/a><\/strong>&nbsp;todas as atividades do GP da It\u00e1lia de F\u00f3rmula 1.<\/p>\n\n\n\n<figure class=\"wp-block-embed is-type-rich is-provider-spotify wp-block-embed-spotify wp-embed-aspect-21-9 wp-has-aspect-ratio\"><div class=\"wp-block-embed__wrapper\">\n<iframe title=\"Spotify Embed: Paddockast #164: Felipe Drugovich vai estar na F1 2023?\" style=\"border-radius: 12px\" width=\"100%\" height=\"152\" frameborder=\"0\" allowfullscreen allow=\"autoplay; clipboard-write; encrypted-media; fullscreen; picture-in-picture\" loading=\"lazy\" src=\"https:\/\/open.spotify.com\/embed\/episode\/5LlNdCd0iiOGRpean127MS?utm_source=oembed\"><\/iframe>\n<\/div><figcaption>Paddockast #164: Felipe Drugovich vai estar na F1 2023?<\/figcaption><\/figure>\n","protected":false},"excerpt":{"rendered":"<p>Sem nenhum perigo de chuva, o s\u00e1bado no circuito de Monza ter\u00e1 c\u00e9u na maior parte ensolarado e temperatura no asfalto tende a se aproximar dos 40\u00b0C<\/p>\n","protected":false},"author":0,"featured_media":1000612613,"comment_status":"closed","ping_status":"closed","sticky":false,"template":"","format":"standard","meta":{"42wp_featured_image_caption":"","42wp_featured_image_credits":"","42wp_featured_video":"","42wp_featured_image_hidden":false,"42wp_authors_list":[],"footnotes":""},"categories":[2],"tags":[1357,26841,24898,32395,1491,28285,28045,32394,2033],"42wp_author":[47120],"class_list":["post-109054","post","type-post","status-publish","format-standard","has-post-thumbnail","hentry","category-f1","tag-f1-2022","tag-formula-1-2022","tag-gp-da-italia","tag-gp-de-monza-f1","tag-grande-premio","tag-grandepremio","tag-italia-f1","tag-monza-f1","tag-temperatura","42wp_author-pedro-henrique-marum"],"_links":{"self":[{"href":"https:\/\/grandepremio.com\/br\/wp-json\/wp\/v2\/posts\/109054","targetHints":{"allow":["GET"]}}],"collection":[{"href":"https:\/\/grandepremio.com\/br\/wp-json\/wp\/v2\/posts"}],"about":[{"href":"https:\/\/grandepremio.com\/br\/wp-json\/wp\/v2\/types\/post"}],"replies":[{"embeddable":true,"href":"https:\/\/grandepremio.com\/br\/wp-json\/wp\/v2\/comments?post=109054"}],"version-history":[{"count":0,"href":"https:\/\/grandepremio.com\/br\/wp-json\/wp\/v2\/posts\/109054\/revisions"}],"wp:featuredmedia":[{"embeddable":true,"href":"https:\/\/grandepremio.com\/br\/wp-json\/wp\/v2\/media\/1000612613"}],"wp:attachment":[{"href":"https:\/\/grandepremio.com\/br\/wp-json\/wp\/v2\/media?parent=109054"}],"wp:term":[{"taxonomy":"category","embeddable":true,"href":"https:\/\/grandepremio.com\/br\/wp-json\/wp\/v2\/categories?post=109054"},{"taxonomy":"post_tag","embeddable":true,"href":"https:\/\/grandepremio.com\/br\/wp-json\/wp\/v2\/tags?post=109054"},{"taxonomy":"42wp_author","embeddable":true,"href":"https:\/\/grandepremio.com\/br\/wp-json\/wp\/v2\/42wp_author?post=109054"}],"curies":[{"name":"wp","href":"https:\/\/api.w.org\/{rel}","templated":true}]}}