{"id":109057,"date":"2022-09-09T19:47:00","date_gmt":"2022-09-09T22:47:00","guid":{"rendered":"https:\/\/grandepremio.com\/br\/noticias\/lucas-moraes-kaique-bentivoglio-vence-penultima-etapa-rali-sertoes-paragominas\/"},"modified":"2022-09-09T19:48:05","modified_gmt":"2022-09-09T22:48:05","slug":"lucas-moraes-kaique-bentivoglio-vence-penultima-etapa-rali-sertoes-paragominas","status":"publish","type":"post","link":"https:\/\/grandepremio.com\/br\/rally\/sertoes\/lucas-moraes-kaique-bentivoglio-vence-penultima-etapa-rali-sertoes-paragominas\/","title":{"rendered":"Moraes\/Bentivoglio vence pen\u00faltima etapa dos Sert\u00f5es em Paragominas"},"content":{"rendered":"\n<p class=\"wp-block-paragraph\">Lucas Moraes e Ka\u00edque Bentivoglio fecharam a etapa &#8220;Verde Louro&#8221; do Rali dos Sert\u00f5es disputada nesta sexta-feira (9) na ponta e deixou bem encaminhado o t\u00edtulo da edi\u00e7\u00e3o 2022 na categoria carros. A dupla cravou o tempo de 2h50min55s, 30s \u00e0 frente do segundo lugar, Marcos Baumgart e Kleber Cincea.<\/p>\n\n\n\n<p class=\"wp-block-paragraph\">A pen\u00faltima etapa dos Sert\u00f5es saiu da cidade de Imperatriz (MA), mas teve de ser encurtada e foi encerrada no km 176 dos 358 previstos para o dia. O comboio do Ex\u00e9rcito n\u00e3o saiu a tempo do trecho cronometrado e, priorizando a seguran\u00e7a de pilotos e navegadores, todos seguiram por asfalto at\u00e9 Paragominas (PA). <\/p>\n\n\n\n<p class=\"wp-block-paragraph\">Essa mudan\u00e7a no cronograma da prova beneficiou os l\u00edderes do Rali, uma vez que seus advers\u00e1rios tiveram menos terreno para tentar se aproximar e descontar a diferen\u00e7a.<\/p>\n\n\n\n<figure class=\"wp-block-image size-large\"><img decoding=\"async\" src=\"https:\/\/www.grandepremio.com\/br\/wp-content\/uploads\/2022\/09\/412590_1030276_6_rodrigobarreto_1304455_48560-1024x683.jpg\" alt=\"\" class=\"wp-image-612918\"\/><figcaption>Bissinho Zavatti lidera na categoria motos\n(Foto: Rodrigo Barreto\/Fotop)<\/figcaption><\/figure>\n\n\n\n<p class=\"wp-block-paragraph\">Nas motos, a lideran\u00e7a geral segue com Bissinho Zavatti, que terminou na terceira coloca\u00e7\u00e3o no trecho paraense. O vencedor do dia foi Ricardo Martins, com o tempo de 2h58min26s. Na categoria UTV, a vit\u00f3ria do dia ficou com Bruno Varela e Gustavo Bortolanza, mas \u00e9 a Rodrigo Varela\/Matheus Mazzei que est\u00e1 pr\u00f3xima de confirmar o t\u00edtulo nos Sert\u00f5es.<\/p>\n\n\n\n<p class=\"wp-block-paragraph\"><strong>\u25b6\ufe0f&nbsp;Inscreva-se nos dois canais do GRANDE PR\u00caMIO no YouTube:&nbsp;<a href=\"https:\/\/www.youtube.com\/channel\/UC9OlHEgxoaY6QY6nWPoiqQg?sub_confirmation=1\" target=\"_blank\" rel=\"noreferrer noopener\">GP<\/a>&nbsp;|&nbsp;<a href=\"https:\/\/www.youtube.com\/channel\/UC9csiS6q_C3C0FYhyr1rnFA?sub_confirmation=1\" target=\"_blank\" rel=\"noreferrer noopener\">GP2<\/a><\/strong><br><strong>\u25b6\ufe0f&nbsp;<a href=\"https:\/\/www.twitch.tv\/grandepremio\" target=\"_blank\" rel=\"noreferrer noopener\">Conhe\u00e7a o canal do GRANDE PR\u00caMIO na Twitch clicando aqui!<\/a><\/strong><\/p>\n\n\n\n<p class=\"wp-block-paragraph\">Agora, os competidores partir\u00e3o, neste s\u00e1bado (10), para a \u00faltima etapa do Rali dos Sert\u00f5es, que em 2022 completa 30 anos de exist\u00eancia. A etapa, denominada &#8220;Ao Som do Mar&#8221;, chegar\u00e1 no litoral do Par\u00e1, na cidade de Salin\u00f3polis. Ser\u00e3o 126 km de prova, com trechos sinuosos, travados, com subidas e descidas, com pedras e eros\u00f5es.<\/p>\n\n\n\n<p class=\"wp-block-paragraph\">Os campe\u00f5es nas tr\u00eas modalidades &#8211; carros, motos e UTVs &#8211; ser\u00e3o conhecidos depois de um roteiro que perambulou o Brasil inteiro e, no total, ser\u00e3o 7.202 quil\u00f4metros percorridos durante duas semanas.<\/p>\n","protected":false},"excerpt":{"rendered":"<p>T\u00edtulo do maior rali brasileiro est\u00e1 mais pr\u00f3ximo do que nunca para a dupla nos carros. Trecho foi encurtado por atraso do comboio do Ex\u00e9rcito, beneficiando os l\u00edderes de cada categoria<\/p>\n","protected":false},"author":0,"featured_media":1000612894,"comment_status":"closed","ping_status":"closed","sticky":false,"template":"","format":"standard","meta":{"42wp_featured_image_caption":"","42wp_featured_image_credits":"","42wp_featured_video":"","42wp_featured_image_hidden":false,"42wp_authors_list":[],"footnotes":""},"categories":[43],"tags":[3788,3787,32297],"42wp_author":[47128],"class_list":["post-109057","post","type-post","status-publish","format-standard","has-post-thumbnail","hentry","category-sertoes","tag-kaique-bentivoglio","tag-lucas-moraes","tag-rali-dos-sertoes-2022","42wp_author-guilherme-bloisi"],"_links":{"self":[{"href":"https:\/\/grandepremio.com\/br\/wp-json\/wp\/v2\/posts\/109057","targetHints":{"allow":["GET"]}}],"collection":[{"href":"https:\/\/grandepremio.com\/br\/wp-json\/wp\/v2\/posts"}],"about":[{"href":"https:\/\/grandepremio.com\/br\/wp-json\/wp\/v2\/types\/post"}],"replies":[{"embeddable":true,"href":"https:\/\/grandepremio.com\/br\/wp-json\/wp\/v2\/comments?post=109057"}],"version-history":[{"count":0,"href":"https:\/\/grandepremio.com\/br\/wp-json\/wp\/v2\/posts\/109057\/revisions"}],"wp:featuredmedia":[{"embeddable":true,"href":"https:\/\/grandepremio.com\/br\/wp-json\/wp\/v2\/media\/1000612894"}],"wp:attachment":[{"href":"https:\/\/grandepremio.com\/br\/wp-json\/wp\/v2\/media?parent=109057"}],"wp:term":[{"taxonomy":"category","embeddable":true,"href":"https:\/\/grandepremio.com\/br\/wp-json\/wp\/v2\/categories?post=109057"},{"taxonomy":"post_tag","embeddable":true,"href":"https:\/\/grandepremio.com\/br\/wp-json\/wp\/v2\/tags?post=109057"},{"taxonomy":"42wp_author","embeddable":true,"href":"https:\/\/grandepremio.com\/br\/wp-json\/wp\/v2\/42wp_author?post=109057"}],"curies":[{"name":"wp","href":"https:\/\/api.w.org\/{rel}","templated":true}]}}