{"id":109061,"date":"2022-09-09T17:00:00","date_gmt":"2022-09-09T20:00:00","guid":{"rendered":"https:\/\/grandepremio.com\/br\/noticias\/ferrari-punicoes-nova-chance-mas-precisa-driblar-max-verstappen-italia\/"},"modified":"2022-09-09T17:55:38","modified_gmt":"2022-09-09T20:55:38","slug":"ferrari-punicoes-nova-chance-mas-precisa-driblar-max-verstappen-italia","status":"publish","type":"post","link":"https:\/\/grandepremio.com\/br\/f1\/ferrari-punicoes-nova-chance-mas-precisa-driblar-max-verstappen-italia\/","title":{"rendered":"Ferrari se vale de puni\u00e7\u00f5es e ganha nova chance. Mas precisa driblar Verstappen"},"content":{"rendered":"\n<p class=\"wp-block-paragraph\">A Ferrari fez as manchetes italianas nesta sexta-feira (9) ao d<a href=\"https:\/\/www.grandepremio.com\/br\/f1\/noticias\/carlos-sainz-responde-lidera-segundo-treino-livre-italia-max-verstappen-2\/\" class=\"ek-link\">ominar os primeiros treinos livres para sua etapa de casa<\/a>. Uma vez mais, a escuderia vermelha (<a href=\"https:\/\/www.grandepremio.com\/br\/f1\/noticias\/charles-leclerc-carlos-sainz-apresentam-capacetes-amarelos-75-anos-ferrari-gp-italia\/\" class=\"ek-link\">e amarela neste fim de semana<\/a>) tenta se dissociar da desastrosa temporada que vive e busca certo f\u00f4lego diante de sua torcida. Charles Leclerc <a href=\"https:\/\/www.grandepremio.com\/br\/f1\/noticias\/charles-leclerc-bate-carlos-sainz-menos-decimo-1-2-ferrari-tl1-italia\/\" class=\"ek-link\">liderou as a\u00e7\u00f5es na sess\u00e3o que abriu os trabalhos<\/a>, enquanto Carlos Sainz foi o mais r\u00e1pido \u00e0 tarde. Os ferraristas parecem ter um plano, at\u00e9 porque \u2013 e tamb\u00e9m <a href=\"https:\/\/www.grandepremio.com\/br\/f1\/noticias\/carlos-sainz-sergio-perez-valtteri-bottas-yuki-tsunoda-tambem-mexem-motor-punidos-gp-italia\/\" class=\"ek-link\">diante do cen\u00e1rio que se desenha para a forma\u00e7\u00e3o do grid<\/a> \u2013 \u00e9 imperativo que a equipe chefiada por Mattia Binotto deixe Monza com uma vit\u00f3ria no domingo.<\/p>\n\n\n\n<p class=\"wp-block-paragraph\">S\u00f3 que n\u00e3o ser\u00e1 t\u00e3o simples assim, apesar de uma <a href=\"https:\/\/www.grandepremio.com\/br\/f1\/noticias\/red-bull-troca-peca-motor-max-verstappen-perder-cinco-posicoes-grid-gp-italia\/\" class=\"ek-link\">interessante lista de puni\u00e7\u00f5es no grid,<\/a> que inclui tamb\u00e9m <a href=\"https:\/\/www.grandepremio.com\/br\/f1\/noticias\/lewis-hamilton-troca-motor-inteiro-punido-larga-fim-grid-italia\/\" class=\"ek-link\">os nomes<\/a> de Max Verstappen, Lewis Hamilton e de Sainz. Sim, a Ferrari vai promover uma s\u00e9rie de mudan\u00e7as no motor e na caixa de c\u00e2mbio, o que vai fazer o espanhol sair do fundo do pelot\u00e3o. A ideia \u00e9 tamb\u00e9m aliviar o peso do carro e ganhar alguns quil\u00f4metros por hora a mais em um tra\u00e7ado de alta velocidade. Como se sabe, a velocidade de reta n\u00e3o \u00e9 bem o forte da F1-75, mas os engenheiros de Maranello optaram um acerto mais extremo dessa vez. Como Leclerc j\u00e1 vem de uma troca de componentes na B\u00e9lgica, \u00e9 ele quem deve liderar os italianos agora.<\/p>\n\n\n\n<p class=\"wp-block-paragraph\">De fato, o carro vermelho apresentou uma performance forte e deixou uma boa impress\u00e3o, como definiu Verstappen depois. Mas h\u00e1 com que se preocupar. Embora o desempenho de classifica\u00e7\u00e3o pare\u00e7a muito consistente \u2013 Sainz foi 0s143 melhor que Verstappen no TL2 quando liderou em 1min21s664 \u2013, o ritmo de corrida ficou aqu\u00e9m. Na m\u00e9dia, a Ferrari \u00e9 mais lenta que a Red Bull. E isso pode fazer diferen\u00e7a.<\/p>\n\n\n\n<p class=\"wp-block-paragraph\"><strong>\u25b6\ufe0f&nbsp;Inscreva-se nos dois canais do GRANDE PR\u00caMIO no YouTube:&nbsp;<a href=\"https:\/\/www.youtube.com\/channel\/UC9OlHEgxoaY6QY6nWPoiqQg?sub_confirmation=1\" target=\"_blank\" rel=\"noreferrer noopener\">GP<\/a>&nbsp;|&nbsp;<a href=\"https:\/\/www.youtube.com\/channel\/UC9csiS6q_C3C0FYhyr1rnFA?sub_confirmation=1\" target=\"_blank\" rel=\"noreferrer noopener\">GP2<\/a><\/strong><br><strong>\u25b6\ufe0f&nbsp;<a href=\"https:\/\/www.twitch.tv\/grandepremio\" target=\"_blank\" rel=\"noreferrer noopener\">Conhe\u00e7a o canal do GRANDE PR\u00caMIO na Twitch clicando aqui!<\/a><\/strong><\/p>\n\n\n\n<figure class=\"wp-block-embed is-type-video is-provider-youtube wp-block-embed-youtube wp-embed-aspect-16-9 wp-has-aspect-ratio\"><div class=\"wp-block-embed__wrapper\">\n<iframe loading=\"lazy\" title=\"F1 2022: SAINZ LIDERA EM MONZA. VERSTAPPEN \u00c9 2\u00ba. HERTA MERECE A SUPERLICEN\u00c7A? | Briefing\" width=\"500\" height=\"281\" src=\"https:\/\/www.youtube.com\/embed\/JPhCYdq4qTk?feature=oembed\" frameborder=\"0\" allow=\"accelerometer; autoplay; clipboard-write; encrypted-media; gyroscope; picture-in-picture; web-share\" referrerpolicy=\"strict-origin-when-cross-origin\" allowfullscreen><\/iframe>\n<\/div><figcaption>TUDO SOBRE A SEXTA-FEIRA DE TREINOS LIVRES DA F1 NA IT\u00c1LIA | Briefing<\/figcaption><\/figure>\n\n\n\n<p class=\"wp-block-paragraph\">No entanto, h\u00e1 um ponto positivo: os taurinos n\u00e3o foram capazes de impor a enorme performance de Spa-Francorchamps desta vez. Na B\u00e9lgica, onde Max tamb\u00e9m despencou no grid por conta de outra puni\u00e7\u00e3o, a dist\u00e2ncia na disputa do pole foi de quase 0s7. Agora, a tabela parece bem mais equilibrada, o que faz com que os ferraristas tenham uma nova chance de tentar quebrar a s\u00e9rie de vit\u00f3rias do l\u00edder do campeonato.<\/p>\n\n\n\n<p class=\"wp-block-paragraph\">&#8220;A sensa\u00e7\u00e3o que o carro gerou foi boa. Ainda n\u00e3o chegamos na melhor janela de rendimento no que diz respeito ao equil\u00edbrio, mas tentamos muitas coisas diferentes ao longo o dia e sabemos em qual dire\u00e7\u00e3o queremos seguir&#8221;, explicou Leclerc, que ficou a 0s050 da melhor marca de Verstappen nesta sexta. &#8220;Nosso ritmo de corrida parece mais forte que o de classifica\u00e7\u00e3o. Desta forma, se conseguimos juntar todas as pe\u00e7as, nosso potencial \u00e9 bom para que tenhamos um fim de semana s\u00f3lido&#8221;, emendou.<\/p>\n\n\n\n<p class=\"wp-block-paragraph\">Entre os ferraristas, est\u00e1 Verstappen. O atual campe\u00e3o at\u00e9 reconheceu o desempenho dos oponentes, mas assegurou que nada disso preocupa, mesmo tendo de cumprir uma san\u00e7\u00e3o no grid pela troca de elementos da unidade de pot\u00eancia \u2013 Max vai perder cinco coloca\u00e7\u00f5es. E o holand\u00eas realmente tem raz\u00e3o: a Red Bull segue tendo o carro mais eficiente do grid e pode at\u00e9 se dar ao luxo de permitir que seus dois pilotos sejam punidos ao mesmo tempo por altera\u00e7\u00f5es em pe\u00e7as do motor. Sergio P\u00e9rez tamb\u00e9m ter\u00e1 de escalar o pelot\u00e3o. &#8220;N\u00f3s tivemos um dia razo\u00e1vel hoje&#8221;, avaliou o chefe Christian Horner. <\/p>\n\n\n\n<p class=\"wp-block-paragraph\">&#8220;Testamos pneus e diferentes n\u00edveis de downforce, e Max certamente encontrou o equil\u00edbrio que o deixou feliz e acho que Checo [P\u00e9rez] est\u00e1 cada vez mais perto disso agora\u201d, acrescentou.<\/p>\n\n\n\n<p class=\"wp-block-paragraph\"><strong>LEIA TAMB\u00c9M<br><a href=\"https:\/\/www.grandepremio.com\/br\/f1\/noticias\/dia-lewis-hamilton-tomou-bronca-rainha-elizabeth-falta-etiqueta-mesa\/\" class=\"ek-link\">+O dia em que Hamilton tomou uma bela bronca da rainha Elizabeth<\/a><br><a href=\"https:\/\/www.grandepremio.com\/br\/f1\/noticias\/rainha-elizabeth-ii-nutriu-amizade-jackie-stewart-mais-50-anos\/\" class=\"ek-link\">+Elizabeth II nutriu amizade com Stewart que durou mais de 50 anos<\/a><br><a href=\"https:\/\/www.grandepremio.com\/br\/f1\/noticias\/mulher-incrivel-mundo-esporte-motor-reage-morte-rainha-elizabeth-ii\/\" class=\"ek-link\">+&#8221;Mulher incr\u00edvel&#8221;: mundo do esporte a motor reage a morte da rainha Elizabeth II<\/a><\/strong><\/p>\n\n\n\n<figure class=\"wp-block-image size-large\"><img decoding=\"async\" src=\"https:\/\/www.grandepremio.com\/br\/wp-content\/uploads\/2022\/09\/redbull-maxverstappen-01-6-1024x683.jpg\" alt=\"\" class=\"wp-image-612709\"\/><figcaption>Max Verstappen (Foto: Red Bull Content Pool)<\/figcaption><\/figure>\n\n\n\n<p class=\"wp-block-paragraph\">&#8220;Tamb\u00e9m temos as puni\u00e7\u00f5es para pagar com os dois carros, o que vai nos colocar fora de sincronia, mas isso deve provocar uma corrida empolgante no domingo. Optamos por tomar a puni\u00e7\u00e3o aqui em Monza seguindo o conselho do nosso parceiro de motores. Perder cinco posi\u00e7\u00f5es aqui n\u00e3o \u00e9 t\u00e3o severo. Ent\u00e3o menos cinco posi\u00e7\u00f5es aqui e ganhar uma nova unidade de pot\u00eancia para as pr\u00f3ximas corridas \u00e9 bom&#8221;, completou.<\/p>\n\n\n\n<p class=\"wp-block-paragraph\">Importante colocar aqui tamb\u00e9m que a Red Bull promoveu uma s\u00e9rie de atualiza\u00e7\u00f5es em seu RB18, sobretudo no que diz respeito ao assoalho. Assim como a Ferrari, os taurinos tamb\u00e9m trabalham para se desfazer de alguns de quilos a mais.<\/p>\n\n\n\n<p class=\"wp-block-paragraph\">De qualquer maneira, a Red Bull entra no fim de semana favorita, considerando o que Verstappen fez em Spa h\u00e1 duas semanas, ent\u00e3o, ainda que a diferen\u00e7a entre as duas ponteiras n\u00e3o seja a mesma agora, a Ferrari ter\u00e1 de ser perfeita se quiser ao menos vencer em casa.<\/p>\n\n\n\n<p class=\"wp-block-paragraph\">E al\u00e9m das puni\u00e7\u00f5es todas, h\u00e1 um terceiro elemento que pode servir de ajuda: a Mercedes n\u00e3o parece estar no p\u00e1reo como sete dias atr\u00e1s. O W13 n\u00e3o se adapta t\u00e3o bem a circuitos de longos trechos de alta velocidade. O compromisso que os engenheiros precisam fazer em termos de acerto acaba por sacrificar demais a performance em reta. <\/p>\n\n\n\n<p class=\"wp-block-paragraph\">&#8220;Em termos de ritmo, nossos concorrentes encontraram melhores respostas do que n\u00f3s, ent\u00e3o, vamos fazer uma an\u00e1lise detalhada para entender o que nos faltou. Sabemos que teremos um fim de semana muito parecido com Spa e, com a puni\u00e7\u00e3o de Lewis, vamos ter de recuperar terreno para ele somar pontos&#8221;, reconheceu Andrew Shovlin, diretor da engenharia da esquadra prateada.<\/p>\n\n\n\n<p class=\"wp-block-paragraph\">O&nbsp;<strong>GRANDE PR\u00caMIO<\/strong>&nbsp;acompanha&nbsp;<a href=\"https:\/\/www.grandepremio.com\/br\/f1\/ao-vivo\"><strong>AO VIVO<\/strong>&nbsp;e&nbsp;<strong>EM&nbsp;<\/strong><\/a><strong><a href=\"https:\/\/www.grandepremio.com\/br\/ao-vivo\/\" target=\"_blank\" rel=\"noreferrer noopener\">TEMPO REAL<\/a><\/strong>&nbsp;todas as atividades do GP da It\u00e1lia de&nbsp;<a href=\"https:\/\/www.grandepremio.com\/formula-1\/\" target=\"_blank\" rel=\"noreferrer noopener\">F\u00f3rmula 1<\/a>. No s\u00e1bado, o TL3 come\u00e7a \u00e0s 8h (de Bras\u00edlia, GMT-3) e a classifica\u00e7\u00e3o inicia \u00e0s 11h.<\/p>\n\n\n\n<figure class=\"wp-block-embed is-type-rich is-provider-spotify wp-block-embed-spotify wp-embed-aspect-21-9 wp-has-aspect-ratio\"><div class=\"wp-block-embed__wrapper\">\n<iframe title=\"Spotify Embed: Paddockast #164: Felipe Drugovich vai estar na F1 2023?\" style=\"border-radius: 12px\" width=\"100%\" height=\"152\" frameborder=\"0\" allowfullscreen allow=\"autoplay; clipboard-write; encrypted-media; fullscreen; picture-in-picture\" loading=\"lazy\" src=\"https:\/\/open.spotify.com\/embed\/episode\/5LlNdCd0iiOGRpean127MS?si=gaiMYvVqT-i__2dd_2SBfQ&amp;utm_source=oembed\"><\/iframe>\n<\/div><\/figure>\n","protected":false},"excerpt":{"rendered":"<p>O primeiro dia de treinos livres na It\u00e1lia viu uma Ferrari r\u00e1pida, tentando capitalizar em cima de puni\u00e7\u00f5es alheias e de si pr\u00f3pria. De novo, a escuderia tem uma chance de neutralizar a sequ\u00eancia vitoriosa de Max Verstappen, mas, para isso, ter\u00e1 de ser perfeita como nunca nessa temporada <\/p>\n","protected":false},"author":0,"featured_media":1000612722,"comment_status":"closed","ping_status":"closed","sticky":false,"template":"","format":"standard","meta":{"42wp_featured_image_caption":"","42wp_featured_image_credits":"","42wp_featured_video":"","42wp_featured_image_hidden":false,"42wp_authors_list":[],"footnotes":""},"categories":[2],"tags":[1566,1280,1553,25066,546,209,5660,969,147,1357,160,207,180,26841,800,24898,1491,159,87,203,82,1737,19348,25771,3132,17143,29648,25286,2036],"42wp_author":[47115],"class_list":["post-109061","post","type-post","status-publish","format-standard","has-post-thumbnail","hentry","category-f1","tag-ao-vivo","tag-band","tag-bandsports","tag-calendario-da-f1","tag-carlos-sainz","tag-charles-leclerc","tag-classificacao","tag-corrida","tag-f1","tag-f1-2022","tag-f1-tv","tag-ferrari","tag-formula-1","tag-formula-1-2022","tag-george-russell","tag-gp-da-italia","tag-grande-premio","tag-horarios-da-f1","tag-lewis-hamilton","tag-max-verstappen","tag-mercedes","tag-monza","tag-podio","tag-programacao","tag-sergio-perez","tag-tempo-real","tag-temporada-2022-da-f1","tag-transmissao","tag-treinos-livres","42wp_author-evelyn-guimaraes"],"_links":{"self":[{"href":"https:\/\/grandepremio.com\/br\/wp-json\/wp\/v2\/posts\/109061","targetHints":{"allow":["GET"]}}],"collection":[{"href":"https:\/\/grandepremio.com\/br\/wp-json\/wp\/v2\/posts"}],"about":[{"href":"https:\/\/grandepremio.com\/br\/wp-json\/wp\/v2\/types\/post"}],"replies":[{"embeddable":true,"href":"https:\/\/grandepremio.com\/br\/wp-json\/wp\/v2\/comments?post=109061"}],"version-history":[{"count":0,"href":"https:\/\/grandepremio.com\/br\/wp-json\/wp\/v2\/posts\/109061\/revisions"}],"wp:featuredmedia":[{"embeddable":true,"href":"https:\/\/grandepremio.com\/br\/wp-json\/wp\/v2\/media\/1000612722"}],"wp:attachment":[{"href":"https:\/\/grandepremio.com\/br\/wp-json\/wp\/v2\/media?parent=109061"}],"wp:term":[{"taxonomy":"category","embeddable":true,"href":"https:\/\/grandepremio.com\/br\/wp-json\/wp\/v2\/categories?post=109061"},{"taxonomy":"post_tag","embeddable":true,"href":"https:\/\/grandepremio.com\/br\/wp-json\/wp\/v2\/tags?post=109061"},{"taxonomy":"42wp_author","embeddable":true,"href":"https:\/\/grandepremio.com\/br\/wp-json\/wp\/v2\/42wp_author?post=109061"}],"curies":[{"name":"wp","href":"https:\/\/api.w.org\/{rel}","templated":true}]}}